{"id":101742,"date":"2025-12-01T21:08:14","date_gmt":"2025-12-01T21:08:14","guid":{"rendered":"https:\/\/www.europesays.com\/no\/101742\/"},"modified":"2025-12-01T21:08:14","modified_gmt":"2025-12-01T21:08:14","slug":"katharina-andresen-og-frederic-kvasnes-na-er-de-foreldre","status":"publish","type":"post","link":"https:\/\/www.europesays.com\/no\/101742\/","title":{"rendered":"Katharina Andresen og Frederic Kvasnes: N\u00e5 er de foreldre"},"content":{"rendered":"<p class=\"kicker \" style=\"\">Milliard\u00e6rarving Katharina Andresen og Frederic Kvasnes:<\/p>\n<p>  I fjor sommer giftet superparet seg med en gigantisk feiring i Italia. Sist helg ble de foreldre uten at \u00abnoen\u00bb visste om hemmeligheten..<\/p>\n<p>\n    FORELDRE: N\u00e5 har den lille familien p\u00e5 to blitt utvidet til en litt st\u00f8rre familie p\u00e5 tre! Foto: Andreas Fadum \/ Se og H\u00f8r\n  <\/p>\n<p>I fjor sommer var det duket for et av de mest overd\u00e5dige bryllupene Norge har sett p\u00e5 lang tid.\u00a0<\/p>\n<p>    <a itemprop=\"url\" href=\"https:\/\/www.seher.no\/kjendis\/brygge-dramaet-fortsetter\/83303284\" rel=\"nofollow noopener\" target=\"_blank\"><\/p>\n<p>      <img loading=\"lazy\" decoding=\"async\" src=\"https:\/\/www.europesays.com\/no\/wp-content\/uploads\/2025\/12\/83304562.webp\" width=\"980\" height=\"441\" title=\"Brygge-dramaet fortsetter\" alt=\"\" class=\"lazyload\" style=\"--aspect-ratio-image: 2.22; \"\/><\/p>\n<p>        Brygge-dramaet fortsetter<\/p>\n<p>    <\/a><\/p>\n<p>Milliard\u00e6rarving og forretningskvinne Katharina Andresen (30) ga sitt ja til Frederic Kvasnes (35) i en privat og intim seremoni i hagen til familiehjemmet p\u00e5 Bygd\u00f8y, f\u00f8r de samme uken satte kursen mot idylliske Comosj\u00f8en i Italia.<\/p>\n<p>        KLINTE TIL: Artist Adrian Sellevoll kliner til i f\u00f8rste episode av \u00abRampenissen\u00bb, og r\u00f8per at han ble singel rett etter innspillingen. Reporter: Sanne Holt. Video: TV 2\/ \u00abRampenissen\u00bb\/ Sanne Holt\/ Vicotoria L\u00f8vik\/ R\u00f8d L\u00f8per<\/p>\n<p>Det<br \/>\nvar der den virkelige feiringen skulle finne sted. B\u00e5de venner og familie var<br \/>\ninvitert til den storsl\u00e5tte markeringen av kj\u00e6rligheten, og planene la opp til<br \/>\nen spektakul\u00e6r fest.<\/p>\n<p>Festen<br \/>\nstrakte seg over tre dager \u2013 med velkomstmiddag fredag, selve seremonien og<br \/>\nfesten l\u00f8rdag, samt en brunsj p\u00e5 s\u00f8ndag f\u00f8r gjestene reiste hjem igjen.<\/p>\n<p>          <img loading=\"lazy\" decoding=\"async\" src=\"https:\/\/www.europesays.com\/no\/wp-content\/uploads\/2025\/12\/83922352.webp\" width=\"686\" height=\"501\" title=\"VAKKER: Katharina Andresen ble f\u00f8rt til \u00abalters\u00bb av sin far, Johan H. Andresen, da hun giftet seg i Italia. Foto: Privat\" alt=\"\" class=\"\" style=\"--aspect-ratio-image: 1.37; \"\/><\/p>\n<p>\n          VAKKER: Katharina Andresen ble f\u00f8rt til \u00abalters\u00bb av sin far, Johan H. Andresen, da hun giftet seg i Italia. Foto: Privat\n      <\/p>\n<p>Gjemte seg\t<\/p>\n<p>Som<br \/>\ni de fleste bryllup var det stor spenning rundt brudens kjole \u2013 og Katharina<br \/>\ntok ingen sjanser p\u00e5 forh\u00e5nd.<\/p>\n<p>Mange<br \/>\nhusker nok at prinsesse M\u00e4rtha Louise (54) i sitt bryllup i fjor sommer ble<br \/>\nskjermet av duker og laken for \u00e5 hindre pressen i \u00e5 knipse kjolen f\u00f8r hun gikk<br \/>\ninn i bryllupsteltet.<\/p>\n<p>        Katharina Andresen og Frederic Kvasnes ankom Elle-festen f\u00e5 dager etter bryllupet. Reportere: Kine Falch og Thea Hope \/ R\u00f8d L\u00f8per<\/p>\n<p>Grepet<br \/>\nvar imidlertid ikke nytt. Katharina brukte samme metode to m\u00e5neder tidligere,<br \/>\nda hun p\u00e5 nytt skulle gi sitt ja til Frederic foran sine n\u00e6rmeste.<\/p>\n<p>          <img loading=\"lazy\" decoding=\"async\" src=\"https:\/\/www.europesays.com\/no\/wp-content\/uploads\/2025\/12\/83922346.webp\" width=\"686\" height=\"460\" title=\"DEKKET TIL: Hva skjulte seg bak her? Jo, en blendende vakker brud! Foto: Mega\" alt=\"\" class=\"\" style=\"--aspect-ratio-image: 1.49; \"\/><\/p>\n<p>\n          DEKKET TIL: Hva skjulte seg bak her? Jo, en blendende vakker brud! Foto: Mega\n      <\/p>\n<p>Blitt foreldre<\/p>\n<p>Det<br \/>\ner n\u00e5 godt over et \u00e5r siden Katharina og Frederic ble smidd i Hymens<br \/>\nlenker \u2013 og Se og H\u00f8r kan bringe en ekte gladnyhet:<\/p>\n<p>Ekteparet<br \/>\nhar tatt forholdet et steg videre og utvidet familien. De har \u00f8nsket en liten<br \/>\nbaby velkommen \u2013 uten \u00e5 ha r\u00f8pet graviditeten!<\/p>\n<p>    <a itemprop=\"url\" href=\"https:\/\/www.seher.no\/kjendis\/lante-10-mill-og-kjopte-tre-rolls-er\/83223876\" rel=\"nofollow noopener\" target=\"_blank\"><\/p>\n<p>      <img loading=\"lazy\" decoding=\"async\" src=\"https:\/\/www.europesays.com\/no\/wp-content\/uploads\/2025\/12\/83224333.webp\" width=\"147\" height=\"98\" title=\"L\u00e5nte 10 mill. og kj\u00f8pte tre Rolls-er\" alt=\"\" class=\"lazyload\" style=\"--aspect-ratio-image: 1.50; \"\/><\/p>\n<p>        L\u00e5nte 10 mill. og kj\u00f8pte tre Rolls-er<\/p>\n<p>    <\/a><\/p>\n<p>De<br \/>\nnybakte foreldrene har holdt kortene tett til brystet og ikke delt offentlig at<br \/>\nde ventet barn. Det finnes heller ingen bilder av Katharina hvor en gravidmage<br \/>\ner synlig.<\/p>\n<p>          <img loading=\"lazy\" decoding=\"async\" src=\"https:\/\/www.europesays.com\/no\/wp-content\/uploads\/2025\/12\/83922437.webp\" width=\"686\" height=\"1029\" title=\"GLEDELIG NYHET: Katharina og Frederic er nok sv\u00e6rt glade for \u00e5 ha utvidet familien. Foto: Andreas Fadum \/ Se og H\u00f8r\" alt=\"\" class=\"\" style=\"--aspect-ratio-image: 0.67; \"\/><\/p>\n<p>\n          GLEDELIG NYHET: Katharina og Frederic er nok sv\u00e6rt glade for \u00e5 ha utvidet familien. Foto: Andreas Fadum \/ Se og H\u00f8r\n      <\/p>\n<p>Med<br \/>\nandre ord har de holdt nyheten helt for seg selv.<\/p>\n<p class=\"italic m-italic\" data-lab-italic=\"italic\">Se<br \/>\nog H\u00f8r har fors\u00f8kt \u00e5 f\u00e5 en kommentar fra b\u00e5de Katharina Andresen, via Ferd, og<br \/>\nfra Frederic Kvasnes \u2013 uten hell.<\/p>\n<p>          <img loading=\"lazy\" decoding=\"async\" src=\"https:\/\/www.europesays.com\/no\/wp-content\/uploads\/2025\/12\/83922620.webp\" width=\"686\" height=\"508\" title=\"MOR OG DATTER: Ikke bare er Katharina blitt mor - Kristin Gamlemshaug er blitt bestemor! Foto: Andreas Fadum \/ Se og H\u00f8r\" alt=\"\" class=\"\" style=\"--aspect-ratio-image: 1.35; \"\/><\/p>\n<p>\n          MOR OG DATTER: Ikke bare er Katharina blitt mor &#8211; Kristin Gamlemshaug er blitt bestemor! Foto: Andreas Fadum \/ Se og H\u00f8r\n      <\/p>\n<p class=\"font-weight-bold m-font-weight-bold no_italic m-no_italic\" data-lab-italic=\"\" data-lab-font_weight=\"font-weight-bold\">Etter det Se og H\u00f8r erfarer ble ekteparet nemlig sist helg foreldre for f\u00f8rste gang. Paret fikk en s\u00f8nn som etter det vi kjenner til skal hete Johan Henrik &#8211; etter sin bestefar.<\/p>\n<p>          <img loading=\"lazy\" decoding=\"async\" src=\"https:\/\/www.europesays.com\/no\/wp-content\/uploads\/2025\/12\/83922674.webp\" width=\"686\" height=\"549\" title=\"JOBBER SAMMEN: Alexandra Andresen (29), John H. Andresen jr. og Katharina Andresen jobber sammen i familieforetaket Ferd. Foto: Atle Gaarder\" alt=\"\" class=\"\" style=\"--aspect-ratio-image: 1.25; \"\/><\/p>\n<p>\n          JOBBER SAMMEN: Alexandra Andresen (29), John H. Andresen jr. og Katharina Andresen jobber sammen i familieforetaket Ferd. Foto: Atle Gaarder\n      <\/p>\n<p>Venner og bekjente av paret skal ha f\u00e5tt en hyggelig hilsen fra de nybakte foreldrene, med budskap om den lille guttens ankomst.<\/p>\n<p>        ITALIA: Brudeferd i Hardanger? Nei det var brudeFERD i Como! Katharina Andresen og Frederic Kvasnes inviterte til ekstravagant bryllupsfest ved den luksuri\u00f8se villaen D&#8217;este ved Comosj\u00f8en nord i Italia. Reporter: Anniken Aronsen \/ Edward Stenlund. Foto: Anniken Aronsen \/ MEGA.<\/p>\n<p>Katharina er som kjent datter av Johan H. Andresen jr. (64) og Kristin Gamlemshaug Andresen (67). F\u00f8rstnevnte er den som etablerte holdingselskapet Ferd AS tilbake i 2001, en fusjonering av selskapene Tiedemanns-Joh. H Andresen DA og Hartig &amp; Co AS.<\/p>\n","protected":false},"excerpt":{"rendered":"Milliard\u00e6rarving Katharina Andresen og Frederic Kvasnes: I fjor sommer giftet superparet seg med en gigantisk feiring i Italia.&hellip;\n","protected":false},"author":2,"featured_media":101743,"comment_status":"","ping_status":"","sticky":false,"template":"","format":"standard","meta":{"footnotes":""},"categories":[58],"tags":[3068,4104,71,477,9050,9051,479,30,28,29,72],"class_list":{"0":"post-101742","1":"post","2":"type-post","3":"status-publish","4":"format-standard","5":"has-post-thumbnail","7":"category-underholdning","8":"tag-baby","9":"tag-eksklusivt","10":"tag-entertainment","11":"tag-foreldre","12":"tag-frederic-kvasnes","13":"tag-katharina-andresen","14":"tag-kjendis","15":"tag-no","16":"tag-norge","17":"tag-norway","18":"tag-underholdning"},"share_on_mastodon":{"url":"https:\/\/pubeurope.com\/@no\/115646359806474245","error":""},"_links":{"self":[{"href":"https:\/\/www.europesays.com\/no\/wp-json\/wp\/v2\/posts\/101742","targetHints":{"allow":["GET"]}}],"collection":[{"href":"https:\/\/www.europesays.com\/no\/wp-json\/wp\/v2\/posts"}],"about":[{"href":"https:\/\/www.europesays.com\/no\/wp-json\/wp\/v2\/types\/post"}],"author":[{"embeddable":true,"href":"https:\/\/www.europesays.com\/no\/wp-json\/wp\/v2\/users\/2"}],"replies":[{"embeddable":true,"href":"https:\/\/www.europesays.com\/no\/wp-json\/wp\/v2\/comments?post=101742"}],"version-history":[{"count":0,"href":"https:\/\/www.europesays.com\/no\/wp-json\/wp\/v2\/posts\/101742\/revisions"}],"wp:featuredmedia":[{"embeddable":true,"href":"https:\/\/www.europesays.com\/no\/wp-json\/wp\/v2\/media\/101743"}],"wp:attachment":[{"href":"https:\/\/www.europesays.com\/no\/wp-json\/wp\/v2\/media?parent=101742"}],"wp:term":[{"taxonomy":"category","embeddable":true,"href":"https:\/\/www.europesays.com\/no\/wp-json\/wp\/v2\/categories?post=101742"},{"taxonomy":"post_tag","embeddable":true,"href":"https:\/\/www.europesays.com\/no\/wp-json\/wp\/v2\/tags?post=101742"}],"curies":[{"name":"wp","href":"https:\/\/api.w.org\/{rel}","templated":true}]}}