{"id":101748,"date":"2025-12-01T21:20:15","date_gmt":"2025-12-01T21:20:15","guid":{"rendered":"https:\/\/www.europesays.com\/no\/101748\/"},"modified":"2025-12-01T21:20:15","modified_gmt":"2025-12-01T21:20:15","slug":"vladimir-putin-russland-russland-nekter-a-diskutere-vapenhvile","status":"publish","type":"post","link":"https:\/\/www.europesays.com\/no\/101748\/","title":{"rendered":"Vladimir Putin, Russland | \u2013 Russland nekter \u00e5 diskutere v\u00e5penhvile"},"content":{"rendered":"\n<p>Til tross for dette, indikerer en anonym kilde, som skal ha innsikt i samtalene, overfor <a rel=\"Follow nofollow noopener\" href=\"https:\/\/abcnews.go.com\/International\/after-us-ukraine-meeting-florida-focus-shifts-putin\/story?id=127993030\" target=\"_blank\">ABC News<\/a> at det ikke er registrert fremgang p\u00e5 vesentlige punkter.<\/p>\n<p>En av Russlands hovedkrav skal v\u00e6re at Ukraina trekker seg ut av omr\u00e5der i Donbas som Russland enn\u00e5 ikke har kontroll over, noe Ukraina nekter \u00e5 gj\u00f8re.<\/p>\n<p><b>Les ogs\u00e5: <a rel=\"Follow nofollow noopener\" href=\"https:\/\/www.nettavisen.no\/nyheter\/det-hvite-hus-svarer-om-trumps-mr-undersokelse\/s\/5-95-2757382\" target=\"_blank\">Det hvite hus: Svarer om Trumps MR-unders\u00f8kelse<\/a><\/b><\/p>\n<p>Videre understrekes det at Russland fortsatt viser ingen vilje til \u00e5 g\u00e5 inn p\u00e5 diskusjoner om en v\u00e5penhvile.<\/p>\n<p>Oberstl\u00f8ytant Palle Ydsteb\u00f8 uttalte forrige uke til <a href=\"https:\/\/www.nettavisen.no\/nyheter\/usa-tror-donetsk-ryker-innen-12-maneder\/s\/5-95-2743679\" rel=\"Follow nofollow noopener\" target=\"_blank\">Nettavisen<\/a> at det kan ta tre \u00e5r for Russland \u00e5 ta Donetsk med dagens tempo.<\/p>\n<p>\u2013 N\u00f8kterne vurderinger tyder p\u00e5 at russerne antakelig vil bruke like lang tid p\u00e5 \u00e5 ta den siste fjerdedelen av Donetsk fylke som de brukte p\u00e5 den forrige. Da er det tale om 3 til 3 1\/2 \u00e5r, hvis det da ikke skjer et fullstendig kollaps p\u00e5 den ene eller andre siden, sa Ydsteb\u00f8.<\/p>\n<p>If\u00f8lge kilden ble ogs\u00e5 temaer som sikkerhetsgarantier for Ukraina, de russiske kravene om valg i Ukraina, samt sp\u00f8rsm\u00e5let om frosne russiske midler, diskutert. Sistnevnte skal ha v\u00e6rt spesielt viktig for russerne.<\/p>\n<p><b>Les ogs\u00e5: <a rel=\"Follow nofollow noopener\" href=\"https:\/\/www.nettavisen.no\/nyheter\/pete-hegseth-kan-vare-i-alvorlig-trobbel\/s\/5-95-2755984\" target=\"_blank\">\u2013 Pete Hegseth kan v\u00e6re i alvorlig tr\u00f8bbel<\/a><\/b><\/p>\n<p>    Vil du se neste video?<\/p>\n<p>    <a href=\"https:\/\/www.nettavisen.no\/fredrik-solvang\/jonas-gahr-store\/debatten\/fredrik-solvang-himler-av-jonas-gahr-store-men-i-alle\/v\/5-95-2751917\" class=\"recommend-poster\" data-adp-clicklabel=\"video-recommend\" data-adp-clickvalue=\"poster\" rel=\"nofollow noopener\" target=\"_blank\"><br \/>\n      <img decoding=\"async\" width=\"200\" height=\"200\" loading=\"lazy\" src=\"https:\/\/www.europesays.com\/no\/wp-content\/uploads\/2025\/11\/Solvang+bredde.jpg\" alt=\"\" class=\"brick-c-cFOWSL\" style=\"--brick-image-ratio: 200 \/ 200;\"\/><\/p>\n<p>Himler av St\u00f8re: \u2013 Men i alle\u20261:06<\/p>\n<p>    <\/a><\/p>\n<p>Ukrainas president Volodymyr Zelenskyj takket USAs president Donald Trump etter s\u00f8ndagens fredssamtaler i Florida og sa at arbeidet fortsetter.<\/p>\n<p>\u2013 Det er viktig at samtalene har en konstruktiv dynamikk og at alle saker ble diskutert \u00e5pent og med et klart fokus p\u00e5 \u00e5 ivareta Ukrainas suverenitet og nasjonale interesser, skrev Zelenskyj p\u00e5 <a rel=\"Follow nofollow\" href=\"https:\/\/x.com\/ZelenskyyUa\/status\/1995245263141654650\">X<\/a> etter at samtalene var over.<\/p>\n<p><b>Les ogs\u00e5: <a href=\"https:\/\/www.nettavisen.no\/nyheter\/soldat-putin-rasende-over-a-bli-kalt-kukhue\/s\/5-95-2747512\" rel=\"Follow nofollow noopener\" target=\"_blank\">Soldat: Putin rasende over \u00e5 bli kalt \u00abkukhue\u00bb<\/a><\/b><\/p>\n<p>Zelenskyj sa mandag at de f\u00f8rste rapportene fra teamet hans s\u00e5 ut til \u00e5 vise at m\u00f8tet p\u00e5 s\u00f8ndag hadde v\u00e6rt \u00absv\u00e6rt konstruktivt\u00bb.<\/p>\n<p>\u2013 Det er noen vanskelige saker som fortsatt m\u00e5 bearbeides, la han til.<\/p>\n<p>USAs spesialutsending Steve Witkoff reiser mandag til Moskva hvor det er ventet at han skal m\u00f8te president Putin.<\/p>\n","protected":false},"excerpt":{"rendered":"Til tross for dette, indikerer en anonym kilde, som skal ha innsikt i samtalene, overfor ABC News at&hellip;\n","protected":false},"author":2,"featured_media":101749,"comment_status":"","ping_status":"","sticky":false,"template":"","format":"standard","meta":{"footnotes":""},"categories":[5],"tags":[20,21,24,25,15,19,22,23,17,18,13,30,28,29,14,16,26,27],"class_list":{"0":"post-101748","1":"post","2":"type-post","3":"status-publish","4":"format-standard","5":"has-post-thumbnail","7":"category-overskrifter","8":"tag-breaking-news","9":"tag-breakingnews","10":"tag-featured-news","11":"tag-featurednews","12":"tag-headlines","13":"tag-hovedoppslag","14":"tag-latest-news","15":"tag-latestnews","16":"tag-main-news","17":"tag-mainnews","18":"tag-news","19":"tag-no","20":"tag-norge","21":"tag-norway","22":"tag-nyheter","23":"tag-overskrifter","24":"tag-top-stories","25":"tag-topstories"},"share_on_mastodon":{"url":"https:\/\/pubeurope.com\/@no\/115646406740994101","error":""},"_links":{"self":[{"href":"https:\/\/www.europesays.com\/no\/wp-json\/wp\/v2\/posts\/101748","targetHints":{"allow":["GET"]}}],"collection":[{"href":"https:\/\/www.europesays.com\/no\/wp-json\/wp\/v2\/posts"}],"about":[{"href":"https:\/\/www.europesays.com\/no\/wp-json\/wp\/v2\/types\/post"}],"author":[{"embeddable":true,"href":"https:\/\/www.europesays.com\/no\/wp-json\/wp\/v2\/users\/2"}],"replies":[{"embeddable":true,"href":"https:\/\/www.europesays.com\/no\/wp-json\/wp\/v2\/comments?post=101748"}],"version-history":[{"count":0,"href":"https:\/\/www.europesays.com\/no\/wp-json\/wp\/v2\/posts\/101748\/revisions"}],"wp:featuredmedia":[{"embeddable":true,"href":"https:\/\/www.europesays.com\/no\/wp-json\/wp\/v2\/media\/101749"}],"wp:attachment":[{"href":"https:\/\/www.europesays.com\/no\/wp-json\/wp\/v2\/media?parent=101748"}],"wp:term":[{"taxonomy":"category","embeddable":true,"href":"https:\/\/www.europesays.com\/no\/wp-json\/wp\/v2\/categories?post=101748"},{"taxonomy":"post_tag","embeddable":true,"href":"https:\/\/www.europesays.com\/no\/wp-json\/wp\/v2\/tags?post=101748"}],"curies":[{"name":"wp","href":"https:\/\/api.w.org\/{rel}","templated":true}]}}