{"id":101758,"date":"2025-12-01T21:27:12","date_gmt":"2025-12-01T21:27:12","guid":{"rendered":"https:\/\/www.europesays.com\/no\/101758\/"},"modified":"2025-12-01T21:27:12","modified_gmt":"2025-12-01T21:27:12","slug":"flere-husstander-uten-strom-etter-dodsulykke-i-drammen-nrk-buskerud-lokale-nyheter-tv-og-radio","status":"publish","type":"post","link":"https:\/\/www.europesays.com\/no\/101758\/","title":{"rendered":"Flere husstander uten str\u00f8m etter d\u00f8dsulykke i Drammen \u2013 NRK Buskerud \u2013 Lokale nyheter, TV og radio"},"content":{"rendered":"<p>N\u00f8detatene ankom stedet like f\u00f8r 17, og startet livreddende f\u00f8rstehjelp p\u00e5 mannen.<\/p>\n<p><strong>Det skal ha v\u00e6rt store materielle skader p\u00e5 b\u00e5de kj\u00f8ret\u00f8y og trafostasjon.<\/strong><\/p>\n<p>\u2013 Det ble fors\u00f8kt livreddende f\u00f8rstehjelp, men etter en stund ble personen erkl\u00e6rt d\u00f8d, forteller innsatsleder i S\u00f8r-\u00d8st politidistrikt Geir Bodal.<\/p>\n<p>Vitne skal ha sett ulykken<\/p>\n<p>Det skal ha v\u00e6rt en person som var ute \u00e5 gikk tur som meldte ifra om ulykken til politiet.<\/p>\n<p>\u2013 Personen har p\u00e5 en m\u00e5te sett ferden til bilen mot og inn i trafokiosken, forteller Geir Bodal, innsatsleder i S\u00f8r -\u00d8st politidistrikt.<\/p>\n<p><img decoding=\"async\"   src=\"data:image\/gif;base64,R0lGODlhAQABAIAAAAAAAP\/\/\/yH5BAEAAAAALAAAAAABAAEAAAIBRAA7\" loading=\"eager\" alt=\"Innsatsleder har p\u00e5 politiuniform og caps, ser rett i kamera.\" title=\"Foto: Theo Aasland Valen \/ NRK\"\/><\/p>\n<p class=\"\">Geir Bodal innsatsleder i S\u00f8r -\u00d8st politidistrikt.<\/p>\n<p>Foto: Theo Aasland Valen \/ NRK<\/p>\n<p>Vitnet skal ha gitt opplysninger til politiet som tyder p\u00e5 at bilen kj\u00f8rte i h\u00f8y fart f\u00f8r den traff trafostasjonen.<\/p>\n<p><strong>\u2013 Vitnet har kommet med sine antakelser om hvor fort det har g\u00e5tt. Det har g\u00e5tt vesentlig fortere enn det som er fartsgrensa i boligomr\u00e5det her, sier Bodal. <\/strong><\/p>\n<p>Flere husstander uten str\u00f8m<\/p>\n<p>If\u00f8lge<a href=\"https:\/\/www.dt.no\/bil-har-kjort-i-trafostasjon-jobber-med-livreddende-forstehjelp\/s\/5-57-2745938\" ec-id=\"https:\/\/www.dt.no\/bil-har-kjort-i-trafostasjon-jobber-med-livreddende-forstehjelp\/s\/5-57-2745938\" ec-name=\"Drammens Tidende\" rel=\"nofollow noopener\" target=\"_blank\"> Drammens Tidende<\/a> har str\u00f8mmen g\u00e5tt enkelte steder i omr\u00e5det som f\u00f8lge av ulykken.<\/p>\n<p>\u2013 Det er meldt om at opptil 30 husstander har mistet str\u00f8mmen som f\u00f8lge av skader p\u00e5 trafostasjonen. Det p\u00e5g\u00e5r arbeid for \u00e5 utbedre dette og kommunen er varslet, melder politiet.<\/p>\n<p>Jobber med \u00e5 f\u00e5 oversikt over hendelsesforl\u00f8pet<\/p>\n<p>En av hypotesene til politiet er at ulykken kan v\u00e6re helserelatert.<\/p>\n<p>Innsatslederen forteller at de n\u00e5 pr\u00f8ver vi \u00e5 kartlegge hva som har skjedd ytterligere.<\/p>\n<p><img decoding=\"async\"   src=\"data:image\/gif;base64,R0lGODlhAQABAIAAAAAAAP\/\/\/yH5BAEAAAAALAAAAAABAAEAAAIBRAA7\" loading=\"eager\" alt=\"Bilulykke i Drammen\" title=\"Foto: Balsharan Pal Kaur \/ NRK\"\/><\/p>\n<p class=\"\">Politiet jobber med \u00e5 f\u00e5 oversikt over hva som skal ha skjedd. <\/p>\n<p>Foto: Balsharan Pal Kaur \/ NRK<\/p>\n<p>\u2013 Vi pr\u00f8ver \u00e5 innhente den informasjonen vi kan. Og kartlegge hva som har for\u00e5rsaka hendelsen.<\/p>\n<p>Som f\u00f8lge av ulykken mistet fler personer str\u00f8mmen. Det skal v\u00e6re representanter fra EL-verket p\u00e5 stedet som ivaretar trafostasjonen.<\/p>\n<p>Publisert<\/p>\n<p>01.12.2025, kl. 17.31<\/p>\n<p>Oppdatert<\/p>\n<p>01.12.2025, kl. 20.31<\/p>\n","protected":false},"excerpt":{"rendered":"N\u00f8detatene ankom stedet like f\u00f8r 17, og startet livreddende f\u00f8rstehjelp p\u00e5 mannen. Det skal ha v\u00e6rt store materielle&hellip;\n","protected":false},"author":2,"featured_media":101759,"comment_status":"","ping_status":"","sticky":false,"template":"","format":"standard","meta":{"footnotes":""},"categories":[10],"tags":[20,21,24,25,15,22,23,13,30,28,29,14,16,26,27],"class_list":{"0":"post-101758","1":"post","2":"type-post","3":"status-publish","4":"format-standard","5":"has-post-thumbnail","7":"category-norge","8":"tag-breaking-news","9":"tag-breakingnews","10":"tag-featured-news","11":"tag-featurednews","12":"tag-headlines","13":"tag-latest-news","14":"tag-latestnews","15":"tag-news","16":"tag-no","17":"tag-norge","18":"tag-norway","19":"tag-nyheter","20":"tag-overskrifter","21":"tag-top-stories","22":"tag-topstories"},"share_on_mastodon":{"url":"https:\/\/pubeurope.com\/@no\/115646434048102151","error":""},"_links":{"self":[{"href":"https:\/\/www.europesays.com\/no\/wp-json\/wp\/v2\/posts\/101758","targetHints":{"allow":["GET"]}}],"collection":[{"href":"https:\/\/www.europesays.com\/no\/wp-json\/wp\/v2\/posts"}],"about":[{"href":"https:\/\/www.europesays.com\/no\/wp-json\/wp\/v2\/types\/post"}],"author":[{"embeddable":true,"href":"https:\/\/www.europesays.com\/no\/wp-json\/wp\/v2\/users\/2"}],"replies":[{"embeddable":true,"href":"https:\/\/www.europesays.com\/no\/wp-json\/wp\/v2\/comments?post=101758"}],"version-history":[{"count":0,"href":"https:\/\/www.europesays.com\/no\/wp-json\/wp\/v2\/posts\/101758\/revisions"}],"wp:featuredmedia":[{"embeddable":true,"href":"https:\/\/www.europesays.com\/no\/wp-json\/wp\/v2\/media\/101759"}],"wp:attachment":[{"href":"https:\/\/www.europesays.com\/no\/wp-json\/wp\/v2\/media?parent=101758"}],"wp:term":[{"taxonomy":"category","embeddable":true,"href":"https:\/\/www.europesays.com\/no\/wp-json\/wp\/v2\/categories?post=101758"},{"taxonomy":"post_tag","embeddable":true,"href":"https:\/\/www.europesays.com\/no\/wp-json\/wp\/v2\/tags?post=101758"}],"curies":[{"name":"wp","href":"https:\/\/api.w.org\/{rel}","templated":true}]}}