{"id":101763,"date":"2025-12-01T21:33:45","date_gmt":"2025-12-01T21:33:45","guid":{"rendered":"https:\/\/www.europesays.com\/no\/101763\/"},"modified":"2025-12-01T21:33:45","modified_gmt":"2025-12-01T21:33:45","slug":"dagligvare-dagligvarer-dagligvarekjedene-anker-prisjegersaken-2","status":"publish","type":"post","link":"https:\/\/www.europesays.com\/no\/101763\/","title":{"rendered":"Dagligvare, Dagligvarer | Dagligvarekjedene anker prisjegersaken"},"content":{"rendered":"<p> (<a href=\"https:\/\/www.nettavisen.no\" rel=\"nofollow noopener\" target=\"_blank\">Nettavisen<\/a>) <\/p>\n<p>N\u00e5 er det ingen tvil om at den s\u00e5kalte prisjegersaken vil havne i lagmannsretten.<\/p>\n<p>Nettavisen har f\u00e5tt bekreftet at alle de tre store anker til lagmannsretten, b\u00e5de Kiwi-eier Norgesgruppen, Rema 1000-eier Reitan Retail og Coop.<\/p>\n<p>Dermed venter det en heftig rettsrunde. Den er ikke berammet per n\u00e5, men hvis den starter i l\u00f8pet av 2026 blir det hele ti \u00e5r etter at konkurransemyndighetene f\u00f8rst startet etterforskning.<\/p>\n<p><b>Les ogs\u00e5: <\/b><a href=\"https:\/\/www.nettavisen.no\/okonomi\/darlig-tall-om-kiwi-og-rema-presser-prisene-oppover\/s\/5-95-2744301\" rel=\"Follow nofollow noopener\" target=\"_blank\">D\u00e5rlige tall om Kiwi og Rema: \u2013 Presser prisene oppover<\/a><\/p>\n<p>Saken er alvorlig og kjedene m\u00e5 forsvare seg mot p\u00e5stander om at prisjegersamarbeidet har svekket konkurransen og gitt norske forbrukere h\u00f8yere matpriser enn de skulle hatt.<\/p>\n<p>Sjekket wienerp\u00f8lseprisen 14 ganger<\/p>\n<p>De tre dagligvaregigantene fikk samlet <a href=\"https:\/\/www.nettavisen.no\/okonomi\/konklusjon-i-milliardbotene-mot-norgesgruppen-rema-og-coop\/s\/5-95-1971162\" rel=\"Follow nofollow noopener\" target=\"_blank\">4,9 milliarder kroner i b\u00f8ter for ulovlig samarbeid <\/a>der de ga hverandre omfattende tilgang til prisinformasjon gjennom s\u00e5kalte prisjegere.<\/p>\n<p>            Derfor fikk de b\u00f8ter<\/p>\n<p>Dagligvarekjedene fikk h\u00f8sten 2024 b\u00f8ter p\u00e5 til sammen 4,9 milliarder kroner fra Konkurransetilsynet for ulovlig samarbeid knyttet til de s\u00e5kalte prisjegerne. Alle kjedene har brukt et stort antall prisjegere som har registrert priser i konkurrentenes butikker. Dette her gitt kjedene mer eller mindre full kontroll p\u00e5 prisene i markedet, n\u00e6rmest fra minutt til minutt.<\/p>\n<p>Konkunkurransetilsynet har hevdet at det har v\u00e6rt kontakt mellom kjedene for \u00e5 koordinere prisjegervirksomheter og at konsekvensen har v\u00e6rt skadelig for konkurransen.<\/p>\n<p>Kjedene p\u00e5 sin side har pekt p\u00e5 at det har v\u00e6rt full \u00e5penhet om praksisen, og at ogs\u00e5 myndighetene har v\u00e6rt orientert. Alle tre har klaget p\u00e5 vedtaket til Konkurranseklagenemnda, og i morgen kommer avgj\u00f8relsens til nemnda.<\/p>\n<p>H\u00f8sten 2025 st\u00f8ttet Konkurranseklagemnda vedtaket gjort av Konkurransetilsynet, og b\u00f8tene ble dermed st\u00e5ende.<\/p>\n<p>I november 2025 besluttet de tre kjede-akt\u00f8rene \u00e5 anke saken inn for lagmannsretten.<\/p>\n<p>Nettavisen har i flere artikler avdekket hvordan prisjegerne sikret kjedene n\u00e6rmest minutt til minutt-oversikt over konkurrentenes priser.<\/p>\n<p>Ved et tilfelle <a href=\"https:\/\/www.nettavisen.no\/okonomi\/her-skaffer-kiwi-og-rema-seg-full-oversikt-over-konkurrentenes-priser\/s\/5-95-1501889\" rel=\"Follow nofollow noopener\" target=\"_blank\">sjekket Norgesgruppens prisjegere prisen p\u00e5 wienerp\u00f8lser 14 ganger p\u00e5 26 timer<\/a> hos konkurrenter fra Troms i nord til Vest-Agder i s\u00f8r.<\/p>\n<p><b>Les ogs\u00e5: <\/b><a href=\"https:\/\/www.nettavisen.no\/okonomi\/ekstrem-tetthet-av-kiwi-og-rema-gjor-maten-dyrere\/s\/5-95-2738728\" rel=\"Follow nofollow noopener\" target=\"_blank\">Ekstrem tetthet av Kiwi og Rema: Gj\u00f8r maten dyrere<\/a><\/p>\n<p>Tar saken til lagmannsretten<\/p>\n<p>Boten ble gitt av Konkurransetilsynet h\u00f8sten 2024 og s\u00e5<a href=\"https:\/\/www.nettavisen.no\/okonomi\/rema-og-kiwis-milliardboter-agjorelsen-er-tatt\/s\/5-95-2577694\" rel=\"Follow nofollow noopener\" target=\"_blank\"> opprettholdt av Konkurranseklagenemnda <\/a>i august i \u00e5r.<\/p>\n<p>N\u00e5 er det alts\u00e5 klart at kjedene velger \u00e5 ta saken til lagmannsretten som er ankeinstans.<\/p>\n<p>Kjedene har hele tiden v\u00e6rt uenig i at de har gjort noe galt.<\/p>\n<p><b>Les ogs\u00e5: <\/b><a href=\"https:\/\/www.nettavisen.no\/okonomi\/tviholder-pa-sukker-i-hamar-og-lillehammer-julebrus\/s\/5-95-2193808\" rel=\"Follow nofollow noopener\" target=\"_blank\">Tviholder p\u00e5 akkurat denne typen av Hamar og Lillehammer julebrus<\/a><\/p>\n<p>\u2013 Har ikke gjort noe ulovlig<\/p>\n<p>Den st\u00f8rste akt\u00f8ren, Kiwi-eier Norgesgruppen er ordknapp.<\/p>\n<p>\u2013 Har ingen kommentarer p\u00e5 denne saken, skriver kommunikasjonsdirekt\u00f8r hos Kiwi-eier Norgesgruppen, Stein R\u00f8mmerud i en e-post.<\/p>\n<p>Coop kommenterer anken slik:<\/p>\n<p>\u2013 Vi fastholder at vi ikke har gjort noe ulovlig eller deltatt i et ulovlig samarbeid slik myndighetene hevder, sier kommunikasjonsdirekt\u00f8r Harald Kristiansen.<\/p>\n<p>Han sier de anker etter \u00e5 ha g\u00e5tt grundig igjennom begrunnelsen fra nemnda.<\/p>\n<p>Avviser ulovlig samarbeid<\/p>\n<p>Rema 1000-eier Reitan Retail, sier dette i forbindelse med at de anker:<\/p>\n<p>\u2013 Vi er uenige i at vi har hatt et ulovlig samarbeid. Gjennom hele prosessen har Konkurransetilsynet v\u00e6rt orientert om hvordan bransjen innhenter prisinformasjon, sier K\u00e5rstein Eidem L\u00f8vaas, leder for n\u00e6ringspolitikk i Reitan Retail.<\/p>\n<p>\u2013 Prisinnhenting er en del av sunn konkurranse i alle bransjer og en forutsetning for at vi kan levere p\u00e5 v\u00e5rt kundel\u00f8fte om \u00e5 ha de laveste prisene, sier han.<\/p>\n<p>Konkurransetilsynet er ikke overrasket over at kjedene anker.<\/p>\n<p>\u2013 Det var ikke uventet, siden kjedene hadde varslet det i mediene. N\u00e5 skal vi lese dokumentene fra kjedene, og s\u00e5 g\u00e5r prosessen videre i lagmannsretten, sier Magnus Friis Reitan, som er nestleder i Avdeling for mat, handel og helse.<\/p>\n","protected":false},"excerpt":{"rendered":"(Nettavisen) N\u00e5 er det ingen tvil om at den s\u00e5kalte prisjegersaken vil havne i lagmannsretten. Nettavisen har f\u00e5tt&hellip;\n","protected":false},"author":2,"featured_media":101595,"comment_status":"","ping_status":"","sticky":false,"template":"","format":"standard","meta":{"footnotes":""},"categories":[56],"tags":[36,60,1749,824,1332,61,823,2352,758,1229,62,30,28,319,29,572,1394,1510],"class_list":{"0":"post-101763","1":"post","2":"type-post","3":"status-publish","4":"format-standard","5":"has-post-thumbnail","7":"category-naeringsliv","8":"tag-art","9":"tag-business","10":"tag-coop","11":"tag-dagligvare","12":"tag-dagligvarer","13":"tag-economy","14":"tag-forbruker","15":"tag-kiwi","16":"tag-konkurransetilsynet","17":"tag-matpriser","18":"tag-naeringsliv","19":"tag-no","20":"tag-norge","21":"tag-norgesgruppen","22":"tag-norway","23":"tag-okonomi","24":"tag-rema-1000","25":"tag-story"},"share_on_mastodon":{"url":"https:\/\/pubeurope.com\/@no\/115646457728122948","error":""},"_links":{"self":[{"href":"https:\/\/www.europesays.com\/no\/wp-json\/wp\/v2\/posts\/101763","targetHints":{"allow":["GET"]}}],"collection":[{"href":"https:\/\/www.europesays.com\/no\/wp-json\/wp\/v2\/posts"}],"about":[{"href":"https:\/\/www.europesays.com\/no\/wp-json\/wp\/v2\/types\/post"}],"author":[{"embeddable":true,"href":"https:\/\/www.europesays.com\/no\/wp-json\/wp\/v2\/users\/2"}],"replies":[{"embeddable":true,"href":"https:\/\/www.europesays.com\/no\/wp-json\/wp\/v2\/comments?post=101763"}],"version-history":[{"count":0,"href":"https:\/\/www.europesays.com\/no\/wp-json\/wp\/v2\/posts\/101763\/revisions"}],"wp:featuredmedia":[{"embeddable":true,"href":"https:\/\/www.europesays.com\/no\/wp-json\/wp\/v2\/media\/101595"}],"wp:attachment":[{"href":"https:\/\/www.europesays.com\/no\/wp-json\/wp\/v2\/media?parent=101763"}],"wp:term":[{"taxonomy":"category","embeddable":true,"href":"https:\/\/www.europesays.com\/no\/wp-json\/wp\/v2\/categories?post=101763"},{"taxonomy":"post_tag","embeddable":true,"href":"https:\/\/www.europesays.com\/no\/wp-json\/wp\/v2\/tags?post=101763"}],"curies":[{"name":"wp","href":"https:\/\/api.w.org\/{rel}","templated":true}]}}