{"id":101794,"date":"2025-12-01T22:06:08","date_gmt":"2025-12-01T22:06:08","guid":{"rendered":"https:\/\/www.europesays.com\/no\/101794\/"},"modified":"2025-12-01T22:06:08","modified_gmt":"2025-12-01T22:06:08","slug":"debatt-etter-at-portland-nekter-a-bruke-ordet-christmas-tree","status":"publish","type":"post","link":"https:\/\/www.europesays.com\/no\/101794\/","title":{"rendered":"Debatt etter at Portland nekter \u00e5 bruke ordet \u00abChristmas tree\u00bb"},"content":{"rendered":"<p><strong>Portland har skapt debatt etter at byens \u00e5rlige julelysmarkering i Pioneer Courthouse Square i helgen refererte til treet kun som \u00abthe tree\u00bb. Det melder <a href=\"https:\/\/nypost.com\/2025\/12\/01\/us-news\/portland-sparks-outrage-for-citys-tree-lighting-ceremony-they-cant-even-say-christmas-tree\/\" rel=\"nofollow noopener\" target=\"_blank\">New York Post.<\/a><\/strong><\/p>\n<p>Arrangementet, som er byens 41. \u00e5rlige trelysseremoni, inkluderte taler og innslag der ordet \u00abChristmas\u00bb ikke ble nevnt, hverken i annonser eller under selve seremonien.<\/p>\n<p>En representant fra Confederated Tribes of Warm Springs \u00e5pnet markeringen med \u00e5 takke publikum for \u00e5 delta p\u00e5 Native American Heritage Day. Hun introduserte deretter to yngre medlemmer av stammen, som omtaler markeringen kun som \u00abthe tree lighting\u00bb, f\u00f8r mikrofonen gikk videre til en annen taler.<\/p>\n<p>Under sin opptreden ledet en kvinne, if\u00f8rt palestinsk flagg, publikum i en \u00abFree Palestine\u00bb-sang. Hun sa <br \/>\u2013 Dette er den perfekte tiden \u00e5 ta dette opp. Det p\u00e5g\u00e5r mange folkemord, mener hun, og oppfordret deretter folkemengden til \u00e5 rope \u00abFree, free Palestine,\u00bb som noen tilskuere ble med p\u00e5.<\/p>\n<p>Tross frav\u00e6ret av tradisjonelle juleelementer, var b\u00e5de julenissen og en allsang med kjente julesanger til stede. Mayor Keith Wilson talte nesten en time inn i seremonien, f\u00f8r han, sammen med byens representanter og nissen, tente de 10 000 lysene p\u00e5 det 23 meter h\u00f8ye treet.<\/p>\n<p>Seremonien fikk reaksjoner p\u00e5 sosiale medier. En bruker skrev \u2013 De kan ikke engang si Christmas tree i Portland. De kaller det \u2018the tree\u2019. \u2013 mens en annen etterlyste mindre polarisering rundt feiringen.<\/p>\n","protected":false},"excerpt":{"rendered":"Portland har skapt debatt etter at byens \u00e5rlige julelysmarkering i Pioneer Courthouse Square i helgen refererte til treet&hellip;\n","protected":false},"author":2,"featured_media":101795,"comment_status":"","ping_status":"","sticky":false,"template":"","format":"standard","meta":{"footnotes":""},"categories":[12],"tags":[20,21,24,25,15,12117,22,23,13,30,28,29,14,16,7380,26,27,50,42,43,44,45],"class_list":{"0":"post-101794","1":"post","2":"type-post","3":"status-publish","4":"format-standard","5":"has-post-thumbnail","7":"category-verden","8":"tag-breaking-news","9":"tag-breakingnews","10":"tag-featured-news","11":"tag-featurednews","12":"tag-headlines","13":"tag-juletre","14":"tag-latest-news","15":"tag-latestnews","16":"tag-news","17":"tag-no","18":"tag-norge","19":"tag-norway","20":"tag-nyheter","21":"tag-overskrifter","22":"tag-portland","23":"tag-top-stories","24":"tag-topstories","25":"tag-usa","26":"tag-verden","27":"tag-world","28":"tag-world-news","29":"tag-worldnews"},"share_on_mastodon":{"url":"https:\/\/pubeurope.com\/@no\/115646587554833344","error":""},"_links":{"self":[{"href":"https:\/\/www.europesays.com\/no\/wp-json\/wp\/v2\/posts\/101794","targetHints":{"allow":["GET"]}}],"collection":[{"href":"https:\/\/www.europesays.com\/no\/wp-json\/wp\/v2\/posts"}],"about":[{"href":"https:\/\/www.europesays.com\/no\/wp-json\/wp\/v2\/types\/post"}],"author":[{"embeddable":true,"href":"https:\/\/www.europesays.com\/no\/wp-json\/wp\/v2\/users\/2"}],"replies":[{"embeddable":true,"href":"https:\/\/www.europesays.com\/no\/wp-json\/wp\/v2\/comments?post=101794"}],"version-history":[{"count":0,"href":"https:\/\/www.europesays.com\/no\/wp-json\/wp\/v2\/posts\/101794\/revisions"}],"wp:featuredmedia":[{"embeddable":true,"href":"https:\/\/www.europesays.com\/no\/wp-json\/wp\/v2\/media\/101795"}],"wp:attachment":[{"href":"https:\/\/www.europesays.com\/no\/wp-json\/wp\/v2\/media?parent=101794"}],"wp:term":[{"taxonomy":"category","embeddable":true,"href":"https:\/\/www.europesays.com\/no\/wp-json\/wp\/v2\/categories?post=101794"},{"taxonomy":"post_tag","embeddable":true,"href":"https:\/\/www.europesays.com\/no\/wp-json\/wp\/v2\/tags?post=101794"}],"curies":[{"name":"wp","href":"https:\/\/api.w.org\/{rel}","templated":true}]}}