{"id":101806,"date":"2025-12-01T22:17:08","date_gmt":"2025-12-01T22:17:08","guid":{"rendered":"https:\/\/www.europesays.com\/no\/101806\/"},"modified":"2025-12-01T22:17:08","modified_gmt":"2025-12-01T22:17:08","slug":"aleksander-saeterstol-g-punktet-aleksander-saeterstol-om-tiden-etter-bruddet-ville-ta-hensyn-til-martine","status":"publish","type":"post","link":"https:\/\/www.europesays.com\/no\/101806\/","title":{"rendered":"Aleksander S\u00e6terst\u00f8l, G-punktet | Aleksander S\u00e6terst\u00f8l om tiden etter bruddet: \u2013 Ville ta hensyn til Martine"},"content":{"rendered":"\n<p>Et dr\u00f8yt \u00e5r etter at Martine Lunde (29) og Aleksander S\u00e6terst\u00f8l (30) fortalte at de hadde gjort det slutt, avsl\u00f8rte sistnevnte at han hadde funnet lykken igjen.<\/p>\n<p>\u2013 Det er helt fantastisk, det er det livet handler om: kj\u00e6rlighet. Jeg kunne ikke v\u00e6rt mer happy, sa en forelsket S\u00e6terst\u00f8l i september.<\/p>\n<p><b>Les ogs\u00e5: <a href=\"https:\/\/www.nettavisen.no\/kjendis\/adrian-sellevoll-har-gatt-1000-dager-uten-alkohol-anbefaler-alle-a-slutte\/s\/5-95-2752522\" rel=\"Follow nofollow noopener\" target=\"_blank\">1000 dager uten alkohol: \u2013 Anbefaler alle \u00e5 slutte<\/a><\/b><\/p>\n<p>Denne uken er han gjest i <a href=\"https:\/\/podimo.com\/no\/shows\/g-punktet?utm_source=google&amp;utm_medium=cpc&amp;utm_campaign=NO_PERFORMANCE_DSA_CONTENT&amp;utm_term=NA&amp;utm_content=NA&amp;gad_source=1&amp;episode=209bf1a8-bdf3-445c-953e-6d7eab3243a2\" rel=\"Follow nofollow noopener\" target=\"_blank\">Podimo-podkasten \u00abG-punktet\u00bb<\/a>, ledet av sexolog og influenser Iselin Guttormsen (38), der han forteller \u00e5penhjertig om sin nye rolle som bonuspappa for kj\u00e6restens barn, og det offentlige bruddet med Lunde.<\/p>\n<p>\u2013 Jeg har lyst p\u00e5 barn<\/p>\n<p>S\u00e6terst\u00f8l forteller at det tok tid f\u00f8r han m\u00f8tte barna til hans nye kj\u00e6reste, noe som var et bevisst valg for \u00e5 ikke \u00abpresse seg p\u00e5\u00bb<\/p>\n<p>\u2013 Jeg hadde aldri i mitt liv trodd at jeg skulle havne i den situasjonen der. Men m\u00f8ter du en s\u00e5 fin dame som du liker s\u00e5 godt, da bryr du deg ikke om bagasjen hun har. S\u00e5 lenge du har det fint med hun, sier S\u00e6terst\u00f8l i podkastepisoden.<\/p>\n<p>30-\u00e5ringen forteller at han ikke har noen plan om \u00e5 bli en stepappa for barna til kj\u00e6resten, men heller en tullete onkel som er med p\u00e5 leken.<\/p>\n<p><b>Les ogs\u00e5: <a href=\"https:\/\/www.nettavisen.no\/kjendis\/mann-erkjenner-straffskyld-for-trusler-mot-nora-haukland\/s\/5-95-2755936\" rel=\"Follow nofollow noopener\" target=\"_blank\">Truet med torpedo: Mann erkjenner straffskyld<\/a><\/b><\/p>\n<p>Han r\u00f8per ogs\u00e5 at han kan tenke seg egne barn i framtiden.<\/p>\n<p>\u2013 Jeg har lyst p\u00e5 barn en gang i framtiden. Det hadde v\u00e6rt veldig hyggelig \u00e5 f\u00e5 et barn. Jeg tror min mor og far hadde blitt veldig glad for det.<\/p>\n<p>Nettavisen har fors\u00f8kt en kommentar fra Aleksander S\u00e6terst\u00f8l, forel\u00f8pig uten hell. <\/p>\n<p>\u2013 Jeg ville ta hensyn til Martine<\/p>\n<p>S\u00e6terst\u00f8l forteller ogs\u00e5 om tiden etter bruddet med Martine Lunde. Paret holdt sammen i flere \u00e5r, og var blant Norges hotteste par.<\/p>\n<p>\u2013 Etter sju \u00e5r sammen har vi valgt \u00e5 g\u00e5 fra hverandre. Det er en stund siden det ble slutt, og vi begge har det bra n\u00e5. Ingenting dramatisk har skjedd, og vi er fortsatt veldig glad i hverandre, skrev Lunde p\u00e5 Instagram til et bilde av de to i fjor sommer.<\/p>\n<p>Videre i <a href=\"https:\/\/podimo.com\/no\/shows\/g-punktet?utm_source=google&amp;utm_medium=cpc&amp;utm_campaign=NO_PERFORMANCE_DSA_CONTENT&amp;utm_term=NA&amp;utm_content=NA&amp;gad_source=1&amp;episode=209bf1a8-bdf3-445c-953e-6d7eab3243a2\" rel=\"Follow nofollow noopener\" target=\"_blank\">Podimo-podkasten \u00abG-punktet\u00bb<\/a>, forteller S\u00e6terst\u00f8l at nyheten om bruddet spredte seg som ild i t\u00f8rt gress.<\/p>\n<p>\u2013 Det var ganske sykt. Det gikk ikke 30 sekunder engang f\u00f8r VG hadde kopiert alt og fyrt det opp p\u00e5 fronten. Jeg vet ikke hvor mange aviser som ringte meg, det var i hvert fall ti forskjellige nummer som ringte.<\/p>\n<p><b>Les ogs\u00e5: <a href=\"https:\/\/www.nettavisen.no\/kjendis\/artist-kevin-lauren-har-tatt-helsegrep-har-gatt-ned-16-kilo\/s\/5-95-2753906\" rel=\"Follow nofollow noopener\" target=\"_blank\">Kiloene raste av: \u2013 Det er litt rart<\/a><\/b><\/p>\n<p>Etter bruddet skal S\u00e6terst\u00f8l ha holdt lav profil og brukt store deler av sommeren hjemme p\u00e5 sofaen alene eller p\u00e5 treningssenteret.<\/p>\n<p>\u2013 Jeg ville ta hensyn til Martine, s\u00e5 jeg var ikke ute \u00e5 herjet noe den sommeren. Jeg tok det ganske rolig. Jeg gadd ikke \u00e5 g\u00e5 rett p\u00e5 byen og herje. Det er jo ofte det som skjer n\u00e5r man blir singel, at man g\u00e5r ut og drikker, ruser seg og skal glemme hele veien. Jeg klarte ikke det \u00e5 skulle finne noen man bare skulle \u00abt\u00f8mme seg i\u00bb.<\/p>\n<p>S\u00e6terst\u00f8l har deltatt i TV-programmer som \u00abKompani Lauritzen\u00bb, \u00abSkal vi danse\u00bb og \u00abParadise Hotel\u00bb. P\u00e5 sistnevnte program m\u00f8tte han influenser Martine Lunde, som han var kj\u00e6reste med i flere \u00e5r <a rel=\"Follow nofollow noopener\" href=\"https:\/\/www.nettavisen.no\/kjendis\/martine-lunde-og-aleksander-saterstol-bekrefter-brudd\/s\/5-95-1909808\" target=\"_blank\">f\u00f8r de gikk fra hverandre i fjor<\/a>.<\/p>\n","protected":false},"excerpt":{"rendered":"Et dr\u00f8yt \u00e5r etter at Martine Lunde (29) og Aleksander S\u00e6terst\u00f8l (30) fortalte at de hadde gjort det&hellip;\n","protected":false},"author":2,"featured_media":41688,"comment_status":"","ping_status":"","sticky":false,"template":"","format":"standard","meta":{"footnotes":""},"categories":[58],"tags":[71,30,28,29,72],"class_list":{"0":"post-101806","1":"post","2":"type-post","3":"status-publish","4":"format-standard","5":"has-post-thumbnail","7":"category-underholdning","8":"tag-entertainment","9":"tag-no","10":"tag-norge","11":"tag-norway","12":"tag-underholdning"},"share_on_mastodon":{"url":"https:\/\/pubeurope.com\/@no\/115646630689109327","error":""},"_links":{"self":[{"href":"https:\/\/www.europesays.com\/no\/wp-json\/wp\/v2\/posts\/101806","targetHints":{"allow":["GET"]}}],"collection":[{"href":"https:\/\/www.europesays.com\/no\/wp-json\/wp\/v2\/posts"}],"about":[{"href":"https:\/\/www.europesays.com\/no\/wp-json\/wp\/v2\/types\/post"}],"author":[{"embeddable":true,"href":"https:\/\/www.europesays.com\/no\/wp-json\/wp\/v2\/users\/2"}],"replies":[{"embeddable":true,"href":"https:\/\/www.europesays.com\/no\/wp-json\/wp\/v2\/comments?post=101806"}],"version-history":[{"count":0,"href":"https:\/\/www.europesays.com\/no\/wp-json\/wp\/v2\/posts\/101806\/revisions"}],"wp:featuredmedia":[{"embeddable":true,"href":"https:\/\/www.europesays.com\/no\/wp-json\/wp\/v2\/media\/41688"}],"wp:attachment":[{"href":"https:\/\/www.europesays.com\/no\/wp-json\/wp\/v2\/media?parent=101806"}],"wp:term":[{"taxonomy":"category","embeddable":true,"href":"https:\/\/www.europesays.com\/no\/wp-json\/wp\/v2\/categories?post=101806"},{"taxonomy":"post_tag","embeddable":true,"href":"https:\/\/www.europesays.com\/no\/wp-json\/wp\/v2\/tags?post=101806"}],"curies":[{"name":"wp","href":"https:\/\/api.w.org\/{rel}","templated":true}]}}