{"id":101811,"date":"2025-12-01T22:31:16","date_gmt":"2025-12-01T22:31:16","guid":{"rendered":"https:\/\/www.europesays.com\/no\/101811\/"},"modified":"2025-12-01T22:31:16","modified_gmt":"2025-12-01T22:31:16","slug":"patrick-berg-er-arets-spiller-i-eliteserien","status":"publish","type":"post","link":"https:\/\/www.europesays.com\/no\/101811\/","title":{"rendered":"Patrick Berg er \u00e5rets spiller i Eliteserien"},"content":{"rendered":"<p> En jury best\u00e5ende av TV 2 og Norsk Toppfotball har k\u00e5ret Berg til \u00e5rets spiller i Eliteserien. <\/p>\n<p class=\"bold m-bold\" data-lab-font_weight=\"bold\">\u2013\u00a0Det er stort. Jeg f\u00f8ler jeg har tatt nye steg som fotballspiller. F\u00f8r hver sesong har jeg et m\u00e5l om \u00e5 bli litt bedre, og det f\u00f8ler jeg at jeg har blitt i \u00e5r,\u00a0sier prisvinneren selv.<\/p>\n<p>\u2013\u00a0Det er umulig \u00e5 ikke v\u00e6re imponert over det han leverer.\u00a0Han er ekstremt viktig og avgj\u00f8rende for Glimt med m\u00e5ten han dikterer spillet p\u00e5, sier TV 2s fotballekspert Renate Blindheim.<\/p>\n<p>        <img class=\"image__img lazyload\" itemprop=\"image\" title=\"Foto: Mats Torbergsen \/ NTB\" alt=\"TONEANGIVENDE: Her feirer Patrick Berg scoringen sin hjemme mot Molde i slutten av oktober. Foto: Mats Torbergsen \/ NTB\" width=\"675\" height=\"379\" bad-src=\"https:\/\/www.europesays.com\/no\/wp-content\/uploads\/2025\/12\/18228533.webp\" fetchpriority=\"auto\" \/><\/p>\n<p>      TONEANGIVENDE: Her feirer Patrick Berg scoringen sin hjemme mot Molde i slutten av oktober.<br \/>\n         Foto: Mats Torbergsen \/ NTB<\/p>\n<p>Ogs\u00e5 i 2021 stakk Glimts midtbanegeneral av med prisen. Da fikk han attp\u00e5til den h\u00f8ythengende Kniksens hederspris.<\/p>\n<p>\u2013 Han gj\u00f8r aldri en d\u00e5rlig kamp. Med hovmesterblikk, presis pasningsfot og enorme ballvinneregenskaper dikterer han en fotballkamp som f\u00e5 andre, heter det i juryens begrunnelse.<\/p>\n<p>De andre nominerte i kategorien \u00ab\u00c5rets Spiller\u00bb var Viking-trioen Zlatko Tripic, Joe Bell og Henrik Falchener. Ogs\u00e5 Bergs lagkamerat, Odin Bj\u00f8rtuft, var med i kampen om prisen.<\/p>\n<p class=\"bold m-bold\" data-lab-font_weight=\"bold\">\u2013\u00a0Det er en lagidrett, og hele laget har levert en fantastisk god sesong. Det er mange som kunne fortjent en s\u00e5nn her pris. S\u00e5 jeg f\u00f8ler meg privilegert som f\u00e5r bli den beste, sier Berg.\u00a0<\/p>\n<p>        Disse sitter i juryen<\/p>\n<p>Juryen som k\u00e5rer \u00e5rets spiller, trener og unge spiller er utvalgte personer fra TV 2 og NTF:<\/p>\n<p>Erik Hoftun, sportssjef i NTF.<\/p>\n<p>Joachim Thomassen, sponsor-prosjektleder og fantasy-ansvarlig i NTF.<\/p>\n<p>Anne Stur\u00f8d, programleder og reporter i TV 2.<\/p>\n<p>Yaw Amankwah, fotballekspert i TV 2.<\/p>\n<p>Berg har i en \u00e5rrekke v\u00e6rt en av Eliteseriens aller st\u00f8rste profiler, og 28-\u00e5ringen kan igjen se tilbake p\u00e5 en imponerende sesong, til tross for at Glimt ble snytt for sitt tredje strake seriegull.<\/p>\n<p>Imponerende fem m\u00e5l og tolv m\u00e5lgivende pasninger er fasiten for Berg i Eliteserien denne sesongen.\u00a0<\/p>\n<p class=\"bold m-bold\" data-lab-font_weight=\"bold\">\u2013\u00a0Han har i 2025 utviklet sitt offensive spill ytterligere og ender opp som nummer 4 p\u00e5 lista over flest m\u00e5l\/assist i Eliteserien, som sentral midtbanespiller, skriver juryen.<\/p>\n<p>\u2013 Det f\u00f8les som han aldri leverer en svak kamp, selv n\u00e5r han ikke er p\u00e5 sitt aller beste er han bedre enn de fleste andre, legger Blindheim til.<\/p>\n<p>        <img class=\"image__img lazyload\" itemprop=\"image\" title=\"Foto: Mats Torbergsen \/ NTB\" alt=\"S\u00d8LV: Bod\u00f8\/Glimt m\u00e5tte bite i det sure eplet i Eliteserien denne sesongen. Foto: Mats Torbergsen \/ NTB\" width=\"978\" height=\"551\" bad-src=\"https:\/\/www.europesays.com\/no\/wp-content\/uploads\/2025\/12\/18338937.webp\" fetchpriority=\"auto\" \/><\/p>\n<p>      S\u00d8LV: Bod\u00f8\/Glimt m\u00e5tte bite i det sure eplet i Eliteserien denne sesongen.<br \/>\n         Foto: Mats Torbergsen \/ NTB<\/p>\n<p>Midtbanemotoren har kun g\u00e5tt glipp av to seriekamper i 2025. Det er til tross for at han ogs\u00e5 har spilt ni landskamper, 16 europacupkamper og tre cupkamper.<\/p>\n<p>Det har ogs\u00e5 juryen bitt seg merke i.<\/p>\n<p>\u2013 Han er en av f\u00e5\u00a0spillere i Eliteserien som spiller regelmessig p\u00e5 A-landslaget. V\u00e6rt en b\u00e6rebjelke p\u00e5 Bod\u00f8\/Glimt i mange \u00e5r og skal definitivt til USA neste \u00e5r. <\/p>\n<p>\u2013\u00a0Han er ekstremt tilgjengelig og spiller omtrent alt, sier TV 2s ekspert Blindheim.<\/p>\n<p>Zlatko Tripic stakk av g\u00e5rde med prisen i fjor, mens Bergs tidligere lagkamerat, Amahl Pellegrino, fikk utmerkelsen i 2023.<\/p>\n","protected":false},"excerpt":{"rendered":"En jury best\u00e5ende av TV 2 og Norsk Toppfotball har k\u00e5ret Berg til \u00e5rets spiller i Eliteserien. \u2013\u00a0Det&hellip;\n","protected":false},"author":2,"featured_media":101812,"comment_status":"","ping_status":"","sticky":false,"template":"","format":"standard","meta":{"footnotes":""},"categories":[5],"tags":[20,21,24,25,15,19,22,23,17,18,13,30,28,29,14,16,26,27],"class_list":{"0":"post-101811","1":"post","2":"type-post","3":"status-publish","4":"format-standard","5":"has-post-thumbnail","7":"category-overskrifter","8":"tag-breaking-news","9":"tag-breakingnews","10":"tag-featured-news","11":"tag-featurednews","12":"tag-headlines","13":"tag-hovedoppslag","14":"tag-latest-news","15":"tag-latestnews","16":"tag-main-news","17":"tag-mainnews","18":"tag-news","19":"tag-no","20":"tag-norge","21":"tag-norway","22":"tag-nyheter","23":"tag-overskrifter","24":"tag-top-stories","25":"tag-topstories"},"share_on_mastodon":{"url":"https:\/\/pubeurope.com\/@no\/115646685725876867","error":""},"_links":{"self":[{"href":"https:\/\/www.europesays.com\/no\/wp-json\/wp\/v2\/posts\/101811","targetHints":{"allow":["GET"]}}],"collection":[{"href":"https:\/\/www.europesays.com\/no\/wp-json\/wp\/v2\/posts"}],"about":[{"href":"https:\/\/www.europesays.com\/no\/wp-json\/wp\/v2\/types\/post"}],"author":[{"embeddable":true,"href":"https:\/\/www.europesays.com\/no\/wp-json\/wp\/v2\/users\/2"}],"replies":[{"embeddable":true,"href":"https:\/\/www.europesays.com\/no\/wp-json\/wp\/v2\/comments?post=101811"}],"version-history":[{"count":0,"href":"https:\/\/www.europesays.com\/no\/wp-json\/wp\/v2\/posts\/101811\/revisions"}],"wp:featuredmedia":[{"embeddable":true,"href":"https:\/\/www.europesays.com\/no\/wp-json\/wp\/v2\/media\/101812"}],"wp:attachment":[{"href":"https:\/\/www.europesays.com\/no\/wp-json\/wp\/v2\/media?parent=101811"}],"wp:term":[{"taxonomy":"category","embeddable":true,"href":"https:\/\/www.europesays.com\/no\/wp-json\/wp\/v2\/categories?post=101811"},{"taxonomy":"post_tag","embeddable":true,"href":"https:\/\/www.europesays.com\/no\/wp-json\/wp\/v2\/tags?post=101811"}],"curies":[{"name":"wp","href":"https:\/\/api.w.org\/{rel}","templated":true}]}}