{"id":101813,"date":"2025-12-01T22:39:17","date_gmt":"2025-12-01T22:39:17","guid":{"rendered":"https:\/\/www.europesays.com\/no\/101813\/"},"modified":"2025-12-01T22:39:17","modified_gmt":"2025-12-01T22:39:17","slug":"var-i-sin-fulle-rett","status":"publish","type":"post","link":"https:\/\/www.europesays.com\/no\/101813\/","title":{"rendered":"&#8211; Var i sin fulle rett"},"content":{"rendered":"<p class=\"bg-red color_mobile_bg-red align-center mobile_text_align_align-center font-weight-bold m-font-weight-bold\" data-lab-text_background_color=\"bg-red\" data-lab-text_align=\"center\" data-lab-font_weight=\"font-weight-bold\">Norge &#8211; Angola 31-19<\/p>\n<p>TRIER \/ OSLO (Dagbladet): Etter kampslutt fortalte Katrine Lunde om kritikkverdige forhold ute p\u00e5 banen &#8211; som i verste fall kunne f\u00f8rt til skader.<\/p>\n<p class=\"font-weight-bold m-font-weight-bold\" data-lab-font_weight=\"font-weight-bold\">Norges keeper fortalte at gulvet var unormalt klissete f\u00f8r start &#8211; f\u00f8r det i hui og hast ble ordnet opp i f\u00f8r avkast.<\/p>\n<p>&#8211; Jeg tror de har vasket med et middel de ikke skal vaske med, det blir veldig klissete. Personlig er jeg redd, spesielt inne m\u00e5lfeltet hvor man sklir og har ulike utfall, sier Lunde til Dagbladet &#8211; og fortsetter:<\/p>\n<p>&#8211; At foten skal henge igjen i bakken fordi det er s\u00e5 klissete, s\u00e5 er det ogs\u00e5 en stor belastning for kn\u00e6rne. Da ville vi unng\u00e5 det.<\/p>\n<p>          <img loading=\"lazy\" decoding=\"async\" src=\"https:\/\/www.europesays.com\/no\/wp-content\/uploads\/2025\/12\/83924829.webp\" width=\"686\" height=\"824\" title=\"GA KLAR BESKJED: Keepertrener Mats Olsson sa fra til funksjon\u00e6rer i hallen og overv\u00e5ket vaskingen samtidig som norske spillere varmet opp tett inntil det hele. Foto: Henrik Myhrvold Simensen \/ Dagbladet\" alt=\"\" class=\"\" style=\"--aspect-ratio-image: 0.83; \"\/><\/p>\n<p>\n          GA KLAR BESKJED: Keepertrener Mats Olsson sa fra til funksjon\u00e6rer i hallen og overv\u00e5ket vaskingen samtidig som norske spillere varmet opp tett inntil det hele. Foto: Henrik Myhrvold Simensen \/ Dagbladet\n      <\/p>\n<p>&#8211; Hvor tidlig merka du det? sp\u00f8r Dagbladet.<\/p>\n<p>&#8211; Med en gang vi kom inn p\u00e5 banen kunne du se det. S\u00e5 h\u00f8rer du det p\u00e5 lyden under skoen. Det kom flere og flere og jobbet med det, det setter jeg pris p\u00e5.<\/p>\n<p>Stine Skogrand reagerte p\u00e5 det samme.<\/p>\n<p>&#8211;\u00a0Det var litt klissete, s\u00e5 keeperne klarte ikke \u00e5 skli i m\u00e5lfeltet. S\u00e5 lenge de klarte \u00e5 fikse det er det i orden, sier Skogrand til Dagbladet.<\/p>\n<p>        H\u00c5NDBALLJENTENE: Ole Gustav Gjekstad forteller at Nora M\u00f8rk f\u00e5r en ny type rolle under \u00e5rets VM. Video: NTB, S\u00f8r\u00f8 Olsen\/Dagbladet TV-sporten<\/p>\n<p>Norge var overlegne fra start mot Angola. Til pause sto det 19-10 til Norge.<\/p>\n<p>Andre omgangen ble derimot et antiklimaks. Ole Gustav Gjekstad gjorde flere bytter. Blant annet Nora M\u00f8rk kom inn. Hun leverte seks m\u00e5l totalt, men det kladdet mer for h\u00e5ndballjentene.<\/p>\n<p class=\"font-weight-bold m-font-weight-bold\" data-lab-font_weight=\"font-weight-bold\">Den andre omgangen ble vunnet med beskjedne 12-9.<\/p>\n<p>&#8211; Kampen b\u00e6rer preg av avstanden er s\u00e5 stor som det den er, og ikke all verdens det som foreg\u00e5r. Det har v\u00e6rt en middels andre omgang, p\u00e5pekte Daniel H\u00f8glund p\u00e5 TV 3.<\/p>\n<p>    <a itemprop=\"url\" href=\"https:\/\/www.dagbladet.no\/sport\/sjokktap\/83924543\" rel=\"nofollow noopener\" target=\"_blank\"><\/p>\n<p>      <img loading=\"lazy\" decoding=\"async\" src=\"https:\/\/www.europesays.com\/no\/wp-content\/uploads\/2025\/12\/83924673.webp\" width=\"147\" height=\"98\" title=\"Sjokktap\" alt=\"\" class=\"lazyload\" style=\"--aspect-ratio-image: 1.50; \"\/><\/p>\n<p>        Sjokktap<\/p>\n<p>    <\/a><\/p>\n<p>Og:<\/p>\n<p class=\"font-weight-bold m-font-weight-bold\" data-lab-font_weight=\"font-weight-bold\">&#8211; Det er greit at vi har en klar ledelse og ikke er truet, men at det faller s\u00e5pass i niv\u00e5, det liker ikke Ole Gustav Gjekstad.<\/p>\n<p>&#8211; Det er en lite forn\u00f8yd Gjekstad p\u00e5 benken, p\u00e5pekte kollega Gunnar Pettersen.<\/p>\n<p>          <img loading=\"lazy\" decoding=\"async\" src=\"https:\/\/www.europesays.com\/no\/wp-content\/uploads\/2025\/12\/83924780.webp\" width=\"686\" height=\"392\" title=\"KOMMENTATOR: Viaplays Daniel H\u00f8glund var kritisk til Norges andre omgang. Foto: Beate Oma Dahle \/ NTB\" alt=\"\" class=\"\" style=\"--aspect-ratio-image: 1.75; \"\/><\/p>\n<p>\n          KOMMENTATOR: Viaplays Daniel H\u00f8glund var kritisk til Norges andre omgang. Foto: Beate Oma Dahle \/ NTB\n      <\/p>\n<p>Stine Skogrand forteller til Dagbladet at Norge burde levert bedre.<\/p>\n<p>&#8211; Vi er ikke like effektive i framoverspillet. Vi scorer 19 f\u00f8r pause, men ikke s\u00e5 mange i andre omgang. Vi scorer p\u00e5 \u00e5pent m\u00e5l og kommer lett til sjanser. Hvorfor det ikke er s\u00e5nn i andre omgang, det veit jeg ikke, sier Skogrand til Dagbladet.<\/p>\n<p>Maren Aardahl var likevel ikke veldig imponert over motstanden.<\/p>\n<p> &#8211; Hvis jeg skal v\u00e6re helt \u00e6rlig er jeg faktisk litt skuffa, jeg forventet mer av Angola, sier Aardal.<\/p>\n<p>Landslagssjef Ole Gustav Gjekstad sa til rettighetshaver:<\/p>\n<p>&#8211; Jeg er meget forn\u00f8yd, s\u00e6rlig med f\u00f8rsteomgang. Vi har f\u00e5tt brukt alle spillerene v\u00e5re og alle har f\u00e5tt jevnt med spilletid.<\/p>\n<p>          <img loading=\"lazy\" decoding=\"async\" src=\"https:\/\/www.europesays.com\/no\/wp-content\/uploads\/2025\/12\/83924701.webp\" width=\"686\" height=\"460\" title=\"I M\u00c5LFORM: Nora M\u00f8rk leverte scoringer for Norge mot Angola. Foto: Beate Oma Dahle \/ NTB\" alt=\"\" class=\"\" style=\"--aspect-ratio-image: 1.49; \"\/><\/p>\n<p>\n          I M\u00c5LFORM: Nora M\u00f8rk leverte scoringer for Norge mot Angola. Foto: Beate Oma Dahle \/ NTB\n      <\/p>\n<p>Det var et Angola-lag som p\u00e5dro seg en rekke utvisninger tidlig i kampen. Deres store stjerne, Albertina Kassoma, fikk tidlig to utvisninger. For \u00e5 unng\u00e5 et r\u00f8dt kort ble hun plassert p\u00e5 benken allerede halvveis ut i f\u00f8rste omgang.\u00a0<\/p>\n<p>&#8211; Det er egne dumheter i forsvar. Oppe og roter i ansiktet. Hun roter i ansiktet f\u00f8rst p\u00e5 Stine Skogrand og s\u00e5 p\u00e5 Thale Deila, oppsummerer Ole Erevik p\u00e5 TV 3 i pausa.<\/p>\n<p>          <img loading=\"lazy\" decoding=\"async\" src=\"https:\/\/www.europesays.com\/no\/wp-content\/uploads\/2025\/12\/83924686.webp\" width=\"686\" height=\"460\" title=\"TATT AV: Angola-stjerne Albertina Kassoma (til venstre) ble byttet ut i frykt for r\u00f8dt kort i f\u00f8rste omgang. Her i duell med Maren Aardahl. Foto: Beate Oma Dahle \/ NTB\" alt=\"\" class=\"\" style=\"--aspect-ratio-image: 1.49; \"\/><\/p>\n<p>\n          TATT AV: Angola-stjerne Albertina Kassoma (til venstre) ble byttet ut i frykt for r\u00f8dt kort i f\u00f8rste omgang. Her i duell med Maren Aardahl. Foto: Beate Oma Dahle \/ NTB\n      <\/p>\n<p>Fra kommentatorplass steilet Gunnar Pettersen over det han s\u00e5. Daniel H\u00f8glund p\u00e5pekte at det kunne v\u00e6re for \u00e5 fortsatt kunne bruke henne i andre omgang.\u00a0<\/p>\n<p>&#8211;\u00a0Da kan det v\u00e6re over. Jeg hadde tenkt motsatt. Brukt henne n\u00e5 og heller f\u00e5tt et r\u00f8dt kort, svarte Pettersen.\u00a0<\/p>\n<p>          <img loading=\"lazy\" decoding=\"async\" src=\"https:\/\/www.europesays.com\/no\/wp-content\/uploads\/2025\/12\/83924551.webp\" width=\"686\" height=\"460\" title=\"I FYR OG FLAMME: Maren Aardahl, Stine Skogrand og Ingvild Bakkerud feirer m\u00e5l mot Angola. Foto: Beate Oma Dahle \/ NTB\" alt=\"\" class=\"\" style=\"--aspect-ratio-image: 1.49; \"\/><\/p>\n<p>\n          I FYR OG FLAMME: Maren Aardahl, Stine Skogrand og Ingvild Bakkerud feirer m\u00e5l mot Angola. Foto: Beate Oma Dahle \/ NTB\n      <\/p>\n<p>Det fikk han ogs\u00e5 rett i. Uten sin beste spiller ble Angola kj\u00f8rt fullstendig over resten av omgangen, og det hele var avgjort etter 30 minutter med en nim\u00e5lsledelse til Norge. Da hjalp det lite at hun kom ut p\u00e5 banen igjen etter pause.<\/p>\n<p>Seier i denne kampen betyr at Norge vinner gruppa, og tar med seg full pott inn i hovedrunden. Der venter Sverige, Brasil og Tsjekkia.<\/p>\n<p>    <a itemprop=\"url\" href=\"https:\/\/www.dagbladet.no\/sport\/et-traume\/83920202\" rel=\"nofollow noopener\" target=\"_blank\"><\/p>\n<p>      <img loading=\"lazy\" decoding=\"async\" src=\"https:\/\/www.europesays.com\/no\/wp-content\/uploads\/2025\/12\/1764628757_498_83920256.webp\" width=\"147\" height=\"98\" title=\"- Et traume\" alt=\"\" class=\"lazyload\" style=\"--aspect-ratio-image: 1.50; \"\/><\/p>\n<p>        &#8211; Et traume<\/p>\n<p>    <\/a><\/p>\n","protected":false},"excerpt":{"rendered":"Norge &#8211; Angola 31-19 TRIER \/ OSLO (Dagbladet): Etter kampslutt fortalte Katrine Lunde om kritikkverdige forhold ute p\u00e5&hellip;\n","protected":false},"author":2,"featured_media":101814,"comment_status":"","ping_status":"","sticky":false,"template":"","format":"standard","meta":{"footnotes":""},"categories":[5],"tags":[20,21,55,24,25,15,19,22,23,17,18,13,30,28,29,14,16,6506,26,27,50,412],"class_list":{"0":"post-101813","1":"post","2":"type-post","3":"status-publish","4":"format-standard","5":"has-post-thumbnail","7":"category-overskrifter","8":"tag-breaking-news","9":"tag-breakingnews","10":"tag-donald-trump","11":"tag-featured-news","12":"tag-featurednews","13":"tag-headlines","14":"tag-hovedoppslag","15":"tag-latest-news","16":"tag-latestnews","17":"tag-main-news","18":"tag-mainnews","19":"tag-news","20":"tag-no","21":"tag-norge","22":"tag-norway","23":"tag-nyheter","24":"tag-overskrifter","25":"tag-pete-hegseth","26":"tag-top-stories","27":"tag-topstories","28":"tag-usa","29":"tag-utenriks"},"share_on_mastodon":{"url":"https:\/\/pubeurope.com\/@no\/115646717388036428","error":""},"_links":{"self":[{"href":"https:\/\/www.europesays.com\/no\/wp-json\/wp\/v2\/posts\/101813","targetHints":{"allow":["GET"]}}],"collection":[{"href":"https:\/\/www.europesays.com\/no\/wp-json\/wp\/v2\/posts"}],"about":[{"href":"https:\/\/www.europesays.com\/no\/wp-json\/wp\/v2\/types\/post"}],"author":[{"embeddable":true,"href":"https:\/\/www.europesays.com\/no\/wp-json\/wp\/v2\/users\/2"}],"replies":[{"embeddable":true,"href":"https:\/\/www.europesays.com\/no\/wp-json\/wp\/v2\/comments?post=101813"}],"version-history":[{"count":0,"href":"https:\/\/www.europesays.com\/no\/wp-json\/wp\/v2\/posts\/101813\/revisions"}],"wp:featuredmedia":[{"embeddable":true,"href":"https:\/\/www.europesays.com\/no\/wp-json\/wp\/v2\/media\/101814"}],"wp:attachment":[{"href":"https:\/\/www.europesays.com\/no\/wp-json\/wp\/v2\/media?parent=101813"}],"wp:term":[{"taxonomy":"category","embeddable":true,"href":"https:\/\/www.europesays.com\/no\/wp-json\/wp\/v2\/categories?post=101813"},{"taxonomy":"post_tag","embeddable":true,"href":"https:\/\/www.europesays.com\/no\/wp-json\/wp\/v2\/tags?post=101813"}],"curies":[{"name":"wp","href":"https:\/\/api.w.org\/{rel}","templated":true}]}}