{"id":101823,"date":"2025-12-01T22:57:11","date_gmt":"2025-12-01T22:57:11","guid":{"rendered":"https:\/\/www.europesays.com\/no\/101823\/"},"modified":"2025-12-01T22:57:11","modified_gmt":"2025-12-01T22:57:11","slug":"hunton-fiber-okonomi-og-naeringsliv","status":"publish","type":"post","link":"https:\/\/www.europesays.com\/no\/101823\/","title":{"rendered":"Hunton Fiber, \u00d8konomi og n\u00e6ringsliv"},"content":{"rendered":"\n<p>Fra nytt\u00e5r har Hunton Fiber sikret seg en stabil str\u00f8mleveranse til fabrikken p\u00e5 Skjerven i Gj\u00f8vik ut 2033. Avtalen mellom Hunton Fiber og Statkraft omfatter en str\u00f8mleveranse p\u00e5 153 GWh.<\/p>\n<p>Hunton Fibers administrerende direkt\u00f8r, Arne Jebsen, mener avtalen sikrer selskapet mulighet til \u00e5 m\u00f8te den \u00f8kende ettersp\u00f8rselen i markedet.<\/p>\n<p>\u2013 Vi produserer 24 timer i d\u00f8gnet, sju dager i uken og da er en forutsigbar og stabil leveranse av str\u00f8m helt sentralt for oss, sier Jebsen til Oppland Arbeiderblad.<\/p>\n<p>Sikrer vekst<\/p>\n<p>Fabrikken p\u00e5 Skjerven produserer trefiberisolasjon, et produkt Hunton har \u00f8kende ettersp\u00f8rsel etter i hele Norden.<\/p>\n<p>\u2013 I dag har vi fire skift p\u00e5 fabrikken og vi \u00f8nsker etter hvert \u00e5 utvide til fem. Denne avtalen sikrer v\u00e5r videre vekst, mener direkt\u00f8ren.<\/p>\n<p>   <img decoding=\"async\" width=\"4000\" height=\"3000\" fetchpriority=\"low\"  loading=\"lazy\"  src=\"https:\/\/www.europesays.com\/no\/wp-content\/uploads\/2025\/12\/fbe08a47-e586-4c0f-a352-1f1bc1c7df6c.jpeg\" alt=\"\" class=\"brick-c-cFOWSL\" style=\"--brick-image-ratio: 4000 \/ 3000;\"\/><\/p>\n<p>      VEKST: Arne Jebsen mener str\u00f8mavtalen sikrer Huntons muligheter til videre vekst.<br \/>\n      Foto: Tobias Br\u00f8ste B\u00e5kind\n    <\/p>\n<p>Hunton er en av Nordens ledende produsenter av byggematerialer basert p\u00e5 tre og trefiber.<\/p>\n<p>R\u00e5stoffet er et biprodukt fra trelastproduksjon og er 100 prosent PEFC-sertifisert. Hunton-konsernet har 180 ansatte i Norden og forventer en omsetning p\u00e5 740 millioner kroner i 2025.<\/p>\n<p>Str\u00f8mavtalen med Statkraft gir Hunton Fiber en stabil str\u00f8mleveranse til en fastsatt pris.<\/p>\n<p>\u2013 For oss er stabilitet og forutsigbarhet viktig og derfor er vi villige til \u00e5 ta en risiko ved \u00e5 l\u00e5se oss til det vi mener er en akseptabel pris, sier Arne Jebsen.<\/p>\n<p>  <a href=\"https:\/\/www.oa.no\/5-35-2190578\" class=\"related-teaser has-image default-gallery-teaser article--c-eRUmMG article--c-eRUmMG-jKCPdD-design-default\" rel=\"nofollow noopener\" target=\"_blank\"><\/p>\n<p>    <img decoding=\"async\" loading=\"lazy\"  src=\"https:\/\/www.europesays.com\/no\/wp-content\/uploads\/2025\/12\/1000024895.jpg\" alt=\"\" class=\"brick-c-cFOWSL\" style=\"\"\/><\/p>\n<p>\n            Bildeserie<\/p>\n<p>              Huntonhallen skal f\u00e5 nytt liv i utviklingen av Gj\u00f8vikstranda\n        <\/p>\n<p>  <\/a><br \/>\n  Langsiktig avtale<\/p>\n<p>Selskapet vet ikke hvor mye de kan spare p\u00e5 denne avtalen, eller om det vil v\u00e6re perioder hvor avtalen vil v\u00e6re dyrere enn spotpris.<\/p>\n<p>\u2013 Det er umulig \u00e5 forutsi hvordan str\u00f8mmarkedet ser ut de neste \u00e5rene. Hvor mye vi eventuelt sparer m\u00e5 vi bare vente \u00e5 se. Vi har alltid hatt langsiktige avtaler i tillegg til \u00e5 kj\u00f8pe noe for spotpris.<\/p>\n<p>   <img decoding=\"async\" width=\"4871\" height=\"2789\" fetchpriority=\"low\"  loading=\"lazy\"  src=\"https:\/\/www.europesays.com\/no\/wp-content\/uploads\/2025\/12\/Hunton_brand+images_300dpi-15.jpg\" alt=\"\" class=\"brick-c-cFOWSL\" style=\"--brick-image-ratio: 4871 \/ 2789;\"\/><\/p>\n<p>      FABRIKK: Huntons fabrikk p\u00e5 Skjerven har planer om \u00e5 vokse i \u00e5rene som kommer.<br \/>\n      Foto: Petter Smedsmo\/Hunton Fiber\n    <\/p>\n<p>Statkraft gleder seg over \u00e5 kunne bidra med konkurransedyktig kraft til Hunton Fiber sin ekspansjon.<\/p>\n<p>\u2013 Samtidig er det godt \u00e5 se at ettersp\u00f8rselen etter langsiktige kraftavtaler er \u00f8kende igjen fra b\u00e5de nye og etablerte kunder, sier Hallvard Granheim, konserndirekt\u00f8r marked i Statkraft.<\/p>\n<p>Jebsen forteller at avtalen gir en \u00f8kende str\u00f8mleveranse de neste \u00e5tte \u00e5rene.<\/p>\n<p>\u2013 For oss som produksjonsbedrift er dette en viktig avtale. Den gir oss stabile og konkurransedyktige kraftpriser over tid. Ettersp\u00f8rselen etter Nativo Trefiberisolasjon er sterkt \u00f8kende i hele Norden, selv i et historisk svakt byggemarked, avslutter administrerende direkt\u00f8r Arne Jebsen.<\/p>\n<p>  <a href=\"https:\/\/www.oa.no\/5-35-2124645\" class=\"related-teaser has-image default-story-teaser article--c-eRUmMG article--c-eRUmMG-jKCPdD-design-default\" rel=\"nofollow noopener\" target=\"_blank\"><\/p>\n<p>    <img decoding=\"async\" loading=\"lazy\"  src=\"https:\/\/www.europesays.com\/no\/wp-content\/uploads\/2025\/12\/a3509cc7-6f01-489b-bf91-9bc216cebb7a.jpeg\" alt=\"\" class=\"brick-c-cFOWSL\" style=\"\"\/><\/p>\n<p>\n            Les ogs\u00e5<\/p>\n<p>              Mener de har funnet forklaringen bak storbrannen p\u00e5 Hunton\n        <\/p>\n<p>  <\/a><\/p>\n","protected":false},"excerpt":{"rendered":"Fra nytt\u00e5r har Hunton Fiber sikret seg en stabil str\u00f8mleveranse til fabrikken p\u00e5 Skjerven i Gj\u00f8vik ut 2033.&hellip;\n","protected":false},"author":2,"featured_media":101824,"comment_status":"","ping_status":"","sticky":false,"template":"","format":"standard","meta":{"footnotes":""},"categories":[56],"tags":[36,60,61,12907,62,30,28,29,216,1510,7271],"class_list":{"0":"post-101823","1":"post","2":"type-post","3":"status-publish","4":"format-standard","5":"has-post-thumbnail","7":"category-naeringsliv","8":"tag-art","9":"tag-business","10":"tag-economy","11":"tag-hunton-fiber","12":"tag-naeringsliv","13":"tag-no","14":"tag-norge","15":"tag-norway","16":"tag-okonomi-og-naeringsliv","17":"tag-story","18":"tag-stromavtale"},"share_on_mastodon":{"url":"https:\/\/pubeurope.com\/@no\/115646788510397410","error":""},"_links":{"self":[{"href":"https:\/\/www.europesays.com\/no\/wp-json\/wp\/v2\/posts\/101823","targetHints":{"allow":["GET"]}}],"collection":[{"href":"https:\/\/www.europesays.com\/no\/wp-json\/wp\/v2\/posts"}],"about":[{"href":"https:\/\/www.europesays.com\/no\/wp-json\/wp\/v2\/types\/post"}],"author":[{"embeddable":true,"href":"https:\/\/www.europesays.com\/no\/wp-json\/wp\/v2\/users\/2"}],"replies":[{"embeddable":true,"href":"https:\/\/www.europesays.com\/no\/wp-json\/wp\/v2\/comments?post=101823"}],"version-history":[{"count":0,"href":"https:\/\/www.europesays.com\/no\/wp-json\/wp\/v2\/posts\/101823\/revisions"}],"wp:featuredmedia":[{"embeddable":true,"href":"https:\/\/www.europesays.com\/no\/wp-json\/wp\/v2\/media\/101824"}],"wp:attachment":[{"href":"https:\/\/www.europesays.com\/no\/wp-json\/wp\/v2\/media?parent=101823"}],"wp:term":[{"taxonomy":"category","embeddable":true,"href":"https:\/\/www.europesays.com\/no\/wp-json\/wp\/v2\/categories?post=101823"},{"taxonomy":"post_tag","embeddable":true,"href":"https:\/\/www.europesays.com\/no\/wp-json\/wp\/v2\/tags?post=101823"}],"curies":[{"name":"wp","href":"https:\/\/api.w.org\/{rel}","templated":true}]}}