{"id":101825,"date":"2025-12-01T22:58:13","date_gmt":"2025-12-01T22:58:13","guid":{"rendered":"https:\/\/www.europesays.com\/no\/101825\/"},"modified":"2025-12-01T22:58:13","modified_gmt":"2025-12-01T22:58:13","slug":"vil-stanse-bevis","status":"publish","type":"post","link":"https:\/\/www.europesays.com\/no\/101825\/","title":{"rendered":"Vil stanse bevis"},"content":{"rendered":"<p class=\"kicker \" style=\"\">Luigi Mangione<\/p>\n<p>  Luigi Mangione, tiltalt for \u00e5 ha drept United Healthcare-sjef Brian Thompson, var tilbake i retten mandag. N\u00e5 skal politiets bevisf\u00f8ring avgj\u00f8res.<\/p>\n<p>\n    M\u00d8TER I RETTEN: Luigi Mangione, tiltalt for \u00e5 ha drept United Healthcare-sjef Brian Thompson, avbildet i retten mandag. Foto: Steven Hirsch \/ POOL \/ AFP \/ NTB\n  <\/p>\n<p>Luigi Mangione (27) ble p\u00e5grepet p\u00e5 en McDonald&#8217;s i Pennsylvania 9. desember 2024, fem dager etter at forsikringssjef Brian Thompson (50) ble skutt og drept, midt p\u00e5 gata i Manhattan i New York.<\/p>\n<p data-lab-font_weight=\"\">Mandag var Mangione p\u00e5 plass i retten. Han fikk han ha p\u00e5 seg vanlige kl\u00e6r, i stedet for en fengselsdrakt. Da han ankom retten, var han if\u00f8rt h\u00e5ndjern, men disse ble fjernet kort tid etter at han satte seg ned.\u00a0<\/p>\n<p data-lab-font_weight=\"font-weight-bold\" class=\"font-weight-bold m-font-weight-bold\">Mangione var\u00a0tilsynelatende up\u00e5virket da han s\u00e5 p\u00e5 overv\u00e5kningsvideoer som viser b\u00e5de drapet han er tiltalt for, og sin egen p\u00e5gripelse, skriver nyhetsbyr\u00e5et\u00a0<a href=\"https:\/\/apnews.com\/article\/mangione-unitedhealthcare-killing-evidence-hearing-77d3b2add7f95341de179f31559eaba1\" style=\"font-weight: 400;\" rel=\"nofollow noopener\" target=\"_blank\">AP.<\/a>\u00a0<\/p>\n<p>Dagens h\u00f8ring var starten p\u00e5 rettsprosedyrer som kan vare i mer enn ei uke.\u00a0<\/p>\n<p class=\"font-weight-normal m-font-weight-normal\" data-lab-font_weight=\"font-weight-normal\">N\u00e5 skal det nemlig avgj\u00f8res om gjenstandene politiet fant i ryggsekken hans under p\u00e5gripelsen kan brukes som bevis i rettssaken.\u00a0<\/p>\n<p>          <img loading=\"lazy\" decoding=\"async\" src=\"https:\/\/www.europesays.com\/no\/wp-content\/uploads\/2025\/12\/82372044.webp\" width=\"686\" height=\"474\" title=\"TOPPSJEF: Administrerende direkt\u00f8r i UnitedHealthcare, Brian Thompson, ble skutt og drept p\u00e5 gata i New York i fjor. Foto: AFP \/ NTB\" alt=\"\" class=\"\" style=\"--aspect-ratio-image: 1.45; \"\/><\/p>\n<p>\n          TOPPSJEF: Administrerende direkt\u00f8r i UnitedHealthcare, Brian Thompson, ble skutt og drept p\u00e5 gata i New York i fjor. Foto: AFP \/ NTB\n      <\/p>\n<p>          <img loading=\"lazy\" decoding=\"async\" src=\"https:\/\/www.europesays.com\/no\/wp-content\/uploads\/2025\/12\/83924788.webp\" width=\"980\" height=\"559\" title=\"SPERRET AV: Etterforskere avbildet utenfor Hilton-hotellet hvor Thompson ble skutt og drept. Skytingen fant sted i et travelt forretnings- og turistomr\u00e5de i storbyen. Foto: AP Photo\/Stefan Jeremiah \/ NTB\" alt=\"\" class=\"\" style=\"--aspect-ratio-image: 1.75; \"\/><\/p>\n<p>\n          SPERRET AV: Etterforskere avbildet utenfor Hilton-hotellet hvor Thompson ble skutt og drept. Skytingen fant sted i et travelt forretnings- og turistomr\u00e5de i storbyen. Foto: AP Photo\/Stefan Jeremiah \/ NTB\n      <\/p>\n<p>    <a itemprop=\"url\" href=\"https:\/\/www.dagbladet.no\/meninger\/heier-pa-drapsmann\/82373028\" rel=\"nofollow noopener\" target=\"_blank\"><\/p>\n<p>      <img loading=\"lazy\" decoding=\"async\" src=\"https:\/\/www.europesays.com\/no\/wp-content\/uploads\/2025\/12\/82369247.webp\" width=\"980\" height=\"441\" title=\"Heier p\u00e5 drapsmann\" alt=\"\" class=\"lazyload\" style=\"--aspect-ratio-image: 2.22; \"\/><\/p>\n<p>        Heier p\u00e5 drapsmann<\/p>\n<p>    <\/a><\/p>\n<p>Mener politiet br\u00f8t loven\t<\/p>\n<p> Mangiones advokater mener at\u00a0politiet br\u00f8t hans konstitusjonelle rettigheter ved \u00e5 ransake ryggsekken hans og avh\u00f8re ham uten riktig advarsel eller ransakingsordre &#8211; som inkluderer retten til \u00e5 v\u00e6re taus, retten til advokat, og informasjonen om at alt han sier kan brukes mot ham i retten. Det bekrefter forsvarerne til <a href=\"https:\/\/www.newsweek.com\/luigi-mangione-expected-in-court-this-week-what-to-know-11132433\" rel=\"nofollow noopener\" target=\"_blank\">Newsweek<\/a>.<\/p>\n<p>        I 2016 holdt 18 gamle Luigi Mangione avslutningstalen for sin egen avgangsklasse i 2016, etter \u00e5 ha blitt k\u00e5ret til kullets beste elev. \u00c5tte \u00e5r seinere er Mangione siktet for drapet p\u00e5 UnitedHealthcare-toppsjefen Brian Thompson. Reporter: Jostein Sletten \/ Dagbladet<\/p>\n<p>P\u00e5 et opptak fra politiets kroppskameraer kan man h\u00f8re politibetjenten som unders\u00f8kte ryggsekken si at hun skulle forsikre seg om at det ikke var en bombe i den. Hans forsvarere mener dette var en unnskyldning for \u00e5 \u00abdekke over en ulovlig ransaking av ryggsekken, uten ransakelsesordre\u00bb.<\/p>\n<p>I ryggsekken fant politiet blant annet en pistol, en notatbok og elektronikk som de mener knytter ham til drapet, if\u00f8lge Newsweek.<\/p>\n<p>Blant annet skal Mangione\u00a0ha skrevet i notatboken sin om \u00e5 gj\u00f8re oppr\u00f8r mot \u00abdet d\u00f8delige, gr\u00e5dighetsdrevne helseforsikringskartellet\u00bb, og at det \u00e5 drepe en toppsjef i bransjen\u00a0\u00abvil vise en gr\u00e5dig drittsekk som fortjente det\u00bb.\u00a0<\/p>\n<p>P\u00e5talemyndigheten mener p\u00e5 sin side at politiet ikke har brutt noen regler.<\/p>\n<p>    <a itemprop=\"url\" href=\"https:\/\/borsen.dagbladet.no\/nyheter\/klesgigantens-bilde-sjokkerer-likner-drapstiltalt\/83545042\" rel=\"nofollow noopener\" target=\"_blank\"><\/p>\n<p>      <img loading=\"lazy\" decoding=\"async\" src=\"https:\/\/www.europesays.com\/no\/wp-content\/uploads\/2025\/12\/83545049.webp\" width=\"147\" height=\"98\" title=\"Klesgigantens bilde sjokkerer - likner drapstiltalt\" alt=\"\" class=\"lazyload\" style=\"--aspect-ratio-image: 1.50; \"\/><\/p>\n<p>        Klesgigantens bilde sjokkerer &#8211; likner drapstiltalt<\/p>\n<p>    <\/a><\/p>\n<p>Oppdaget av McDonald&#8217;s-kunder\t<\/p>\n<p>Bevisene som ble presentert i retten ga innsikt i hvordan Mangione tiltrakk seg oppmerksomhet p\u00e5 McDonald\u2019s-restauranten hvor han ble p\u00e5grepet, skriver\u00a0<a href=\"https:\/\/www.theguardian.com\/us-news\/2025\/dec\/01\/luigi-mangione-new-york-evidence-hearing\" rel=\"nofollow noopener\" target=\"_blank\">The Guardian.<\/a><\/p>\n<p>N\u00f8danropet fra en ansatt ved restauranten ble spilt av i retten. Der kom det fram at noen kunder var mistenksomme, fordi en mann i restauranten lignet p\u00e5 \u00abCEO-skytteren\u00bb.\u00a0<\/p>\n<p>&#8211; De er veldig oppr\u00f8rt. Jeg kan ikke tiln\u00e6rme meg ham, skj\u00f8nner du vel, sa den ansatte og beskrev deretter at mannen hadde p\u00e5 seg en svart jakke, brun lue og munnbind.\u00a0<\/p>\n<p>Den ansatte fortalte videre at det eneste hun egentlig kunne se, var \u00f8yenbrynene hans.\u00a0<\/p>\n<p>          <img loading=\"lazy\" decoding=\"async\" src=\"https:\/\/www.europesays.com\/no\/wp-content\/uploads\/2025\/12\/83924797.webp\" width=\"686\" height=\"392\" title=\"MCDONALD'S: Bilder fra overv\u00e5kningskameraer viser Mangione p\u00e5 McDonald's-restauranten hvor han ble p\u00e5grepet. Foto: Pennsylvania State Police via AP \/ NTB\" alt=\"\" class=\"\" style=\"--aspect-ratio-image: 1.75; \"\/><\/p>\n<p>\n          MCDONALD&#8217;S: Bilder fra overv\u00e5kningskameraer viser Mangione p\u00e5 McDonald&#8217;s-restauranten hvor han ble p\u00e5grepet. Foto: Pennsylvania State Police via AP \/ NTB\n      <\/p>\n<p>          <img loading=\"lazy\" decoding=\"async\" src=\"https:\/\/www.europesays.com\/no\/wp-content\/uploads\/2025\/12\/83924742.webp\" width=\"686\" height=\"392\" title=\"P\u00c5GREPET: Her hadde Luigi Mangione nettopp blitt utlevert fra Pennsylvania. Bildet er tatt 19. desember i fjor. Foto: REUTERS\/Eduardo Munoz \/ NTB\" alt=\"\" class=\"\" style=\"--aspect-ratio-image: 1.75; \"\/><\/p>\n<p>\n          P\u00c5GREPET: Her hadde Luigi Mangione nettopp blitt utlevert fra Pennsylvania. Bildet er tatt 19. desember i fjor. Foto: REUTERS\/Eduardo Munoz \/ NTB\n      <\/p>\n<p>Enorm f\u00f8lgerskare\t<\/p>\n<p>Drapssaken har skapt flere sterke reaksjoner. Mens president Donald Trump og andre omtaler ham som en kaldblodige morder, har 27-\u00e5ringen f\u00e5tt en enorm tilhengerskare som ser p\u00e5 ham som en motstander av helseforsikringsindustrien.<\/p>\n<p>I sosiale medier florerer det av st\u00f8ttende meldinger, som \u00abslipp fri Luigi\u00bb, og protest mot rettssaken mot Mangione.<\/p>\n<p>    <a itemprop=\"url\" href=\"https:\/\/borsen.dagbladet.no\/nyheter\/terrortiltalt-takker-for-stotten\/82685477\" rel=\"nofollow noopener\" target=\"_blank\"><\/p>\n<p>      <img loading=\"lazy\" decoding=\"async\" src=\"https:\/\/www.europesays.com\/no\/wp-content\/uploads\/2025\/12\/82432299.webp\" width=\"147\" height=\"98\" title=\"Terrortiltalt takker for st\u00f8tten\" alt=\"\" class=\"lazyload\" style=\"--aspect-ratio-image: 1.50; \"\/><\/p>\n<p>        Terrortiltalt takker for st\u00f8tten<\/p>\n<p>    <\/a><\/p>\n<p>St\u00f8ttespillere har samlet inn over 1,3 millioner dollar til hans forsvar og sendt over 6000 brev til ham i fengselet. Ved forrige rettsm\u00f8te m\u00f8tte dusinvis av tilhengere opp, mange kledd i gr\u00f8nt &#8211; fargen til Luigi-figuren fra Super Mario-spillene.<\/p>\n<p>Ogs\u00e5 mandag dukket det opp flere tilhengere som fulgte med fra bakerst i rettssalen, skriver AP.\u00a0<\/p>\n<p>Mangione har erkl\u00e6rt seg ikke skyldig i anklagene, inkludert drap og v\u00e5penrelaterte lovbrudd. Han sitter varetektsfengslet i Brooklyn.<\/p>\n","protected":false},"excerpt":{"rendered":"Luigi Mangione Luigi Mangione, tiltalt for \u00e5 ha drept United Healthcare-sjef Brian Thompson, var tilbake i retten mandag.&hellip;\n","protected":false},"author":2,"featured_media":101826,"comment_status":"","ping_status":"","sticky":false,"template":"","format":"standard","meta":{"footnotes":""},"categories":[12],"tags":[20,21,24,25,15,22,23,4293,13,30,28,29,14,16,26,27,50,412,42,43,44,45],"class_list":{"0":"post-101825","1":"post","2":"type-post","3":"status-publish","4":"format-standard","5":"has-post-thumbnail","7":"category-verden","8":"tag-breaking-news","9":"tag-breakingnews","10":"tag-featured-news","11":"tag-featurednews","12":"tag-headlines","13":"tag-latest-news","14":"tag-latestnews","15":"tag-luigi-mangione","16":"tag-news","17":"tag-no","18":"tag-norge","19":"tag-norway","20":"tag-nyheter","21":"tag-overskrifter","22":"tag-top-stories","23":"tag-topstories","24":"tag-usa","25":"tag-utenriks","26":"tag-verden","27":"tag-world","28":"tag-world-news","29":"tag-worldnews"},"share_on_mastodon":{"url":"https:\/\/pubeurope.com\/@no\/115646792140012581","error":""},"_links":{"self":[{"href":"https:\/\/www.europesays.com\/no\/wp-json\/wp\/v2\/posts\/101825","targetHints":{"allow":["GET"]}}],"collection":[{"href":"https:\/\/www.europesays.com\/no\/wp-json\/wp\/v2\/posts"}],"about":[{"href":"https:\/\/www.europesays.com\/no\/wp-json\/wp\/v2\/types\/post"}],"author":[{"embeddable":true,"href":"https:\/\/www.europesays.com\/no\/wp-json\/wp\/v2\/users\/2"}],"replies":[{"embeddable":true,"href":"https:\/\/www.europesays.com\/no\/wp-json\/wp\/v2\/comments?post=101825"}],"version-history":[{"count":0,"href":"https:\/\/www.europesays.com\/no\/wp-json\/wp\/v2\/posts\/101825\/revisions"}],"wp:featuredmedia":[{"embeddable":true,"href":"https:\/\/www.europesays.com\/no\/wp-json\/wp\/v2\/media\/101826"}],"wp:attachment":[{"href":"https:\/\/www.europesays.com\/no\/wp-json\/wp\/v2\/media?parent=101825"}],"wp:term":[{"taxonomy":"category","embeddable":true,"href":"https:\/\/www.europesays.com\/no\/wp-json\/wp\/v2\/categories?post=101825"},{"taxonomy":"post_tag","embeddable":true,"href":"https:\/\/www.europesays.com\/no\/wp-json\/wp\/v2\/tags?post=101825"}],"curies":[{"name":"wp","href":"https:\/\/api.w.org\/{rel}","templated":true}]}}