{"id":101827,"date":"2025-12-01T22:59:17","date_gmt":"2025-12-01T22:59:17","guid":{"rendered":"https:\/\/www.europesays.com\/no\/101827\/"},"modified":"2025-12-01T22:59:17","modified_gmt":"2025-12-01T22:59:17","slug":"tidligere-mowi-sjef-er-dod","status":"publish","type":"post","link":"https:\/\/www.europesays.com\/no\/101827\/","title":{"rendered":"Tidligere Mowi-sjef er d\u00f8d"},"content":{"rendered":"<p data-testid=\"textWithMarkup-markup\" data-v-c0623ac3=\"\"> \u2013 Det var med stor sorg vi mottok nyheten om Alf-Helges bortgang i helgen. Med det har vi mistet en kj\u00e6r tidligere sjef, kollega og ikke minst en god venn, skriver Mowi-direkt\u00f8r Ivan Vindheim i en sms til <a href=\"https:\/\/www.intrafish.no\/hendelser\/alf-helge-aarskog-har-gatt-bort\/2-1-1909234\" rel=\"noopener nofollow\" target=\"_blank\">Intrafish.no<\/a>.<\/p>\n<p data-testid=\"textWithMarkup-text\" data-v-6836129a=\"\" data-v-c0623ac3=\"\">Aarskog ble f\u00f8dt i 1967 og hadde sin utdanning i akvakultur fra NMBU. Han ledet Mowi, tidligere Marine Harvest, i ti \u00e5r fram til 2019. Siden har han jobbet som frittst\u00e5ende konsulent, undervist p\u00e5 NMBU p\u00e5 \u00c5s, jobbet deltid hos Eide fjordbruk og innehatt flere styreverv.<\/p>\n<p data-testid=\"textWithMarkup-text\" data-v-6836129a=\"\" data-v-c0623ac3=\"\">Geir Ove Ystmark, direkt\u00f8r i Sj\u00f8mat Norge, peker p\u00e5 Aarskog som \u00aben av de store industribyggerne i Norge\u00bb.<\/p>\n<p data-testid=\"textWithMarkup-text\" data-v-6836129a=\"\" data-v-c0623ac3=\"\">\u2013 Han har v\u00e6rt viktig for utvikling av mange selskap som Ler\u00f8y, Mowi og n\u00e5 sist i Eide Fjordbruk, skriver Ystmark i en epost til IntraFish.<\/p>\n<p data-testid=\"textWithMarkup-text\" data-v-6836129a=\"\" data-v-c0623ac3=\"\">Aarskog var en ut\u00e5lmodig stemme for \u00e5 f\u00e5 p\u00e5 plass reguleringer som fokuserte p\u00e5 milj\u00f8 og b\u00e6rekraft, if\u00f8lge Ystmark. <\/p>\n<p data-testid=\"textWithMarkup-text\" data-v-6836129a=\"\" data-v-c0623ac3=\"\">\u2013 Med hans bortgang har Norge mistet en viktig industriutvikler og en visjon\u00e6r leder, sier han.<\/p>\n","protected":false},"excerpt":{"rendered":"\u2013 Det var med stor sorg vi mottok nyheten om Alf-Helges bortgang i helgen. Med det har vi&hellip;\n","protected":false},"author":2,"featured_media":101828,"comment_status":"","ping_status":"","sticky":false,"template":"","format":"standard","meta":{"footnotes":""},"categories":[10],"tags":[20,21,24,25,15,22,23,13,30,28,29,14,16,26,27],"class_list":{"0":"post-101827","1":"post","2":"type-post","3":"status-publish","4":"format-standard","5":"has-post-thumbnail","7":"category-norge","8":"tag-breaking-news","9":"tag-breakingnews","10":"tag-featured-news","11":"tag-featurednews","12":"tag-headlines","13":"tag-latest-news","14":"tag-latestnews","15":"tag-news","16":"tag-no","17":"tag-norge","18":"tag-norway","19":"tag-nyheter","20":"tag-overskrifter","21":"tag-top-stories","22":"tag-topstories"},"share_on_mastodon":{"url":"https:\/\/pubeurope.com\/@no\/115646795845530907","error":""},"_links":{"self":[{"href":"https:\/\/www.europesays.com\/no\/wp-json\/wp\/v2\/posts\/101827","targetHints":{"allow":["GET"]}}],"collection":[{"href":"https:\/\/www.europesays.com\/no\/wp-json\/wp\/v2\/posts"}],"about":[{"href":"https:\/\/www.europesays.com\/no\/wp-json\/wp\/v2\/types\/post"}],"author":[{"embeddable":true,"href":"https:\/\/www.europesays.com\/no\/wp-json\/wp\/v2\/users\/2"}],"replies":[{"embeddable":true,"href":"https:\/\/www.europesays.com\/no\/wp-json\/wp\/v2\/comments?post=101827"}],"version-history":[{"count":0,"href":"https:\/\/www.europesays.com\/no\/wp-json\/wp\/v2\/posts\/101827\/revisions"}],"wp:featuredmedia":[{"embeddable":true,"href":"https:\/\/www.europesays.com\/no\/wp-json\/wp\/v2\/media\/101828"}],"wp:attachment":[{"href":"https:\/\/www.europesays.com\/no\/wp-json\/wp\/v2\/media?parent=101827"}],"wp:term":[{"taxonomy":"category","embeddable":true,"href":"https:\/\/www.europesays.com\/no\/wp-json\/wp\/v2\/categories?post=101827"},{"taxonomy":"post_tag","embeddable":true,"href":"https:\/\/www.europesays.com\/no\/wp-json\/wp\/v2\/tags?post=101827"}],"curies":[{"name":"wp","href":"https:\/\/api.w.org\/{rel}","templated":true}]}}