{"id":101834,"date":"2025-12-01T23:14:18","date_gmt":"2025-12-01T23:14:18","guid":{"rendered":"https:\/\/www.europesays.com\/no\/101834\/"},"modified":"2025-12-01T23:14:18","modified_gmt":"2025-12-01T23:14:18","slug":"vi-mener-det-samme-om-en-uke","status":"publish","type":"post","link":"https:\/\/www.europesays.com\/no\/101834\/","title":{"rendered":"\u2013 Vi mener det samme om en uke"},"content":{"rendered":"\n<ul class=\"_list_o9xde_3 _list_64s2r_85 _unordered_o9xde_106 text-sans-m\">\n<li class=\"_item_o9xde_30\">Ap er enige med R\u00f8dt og Sp om statsudsjettet, men har ikke flertall. De m\u00e5 ha st\u00f8tte fra SV og MDG. Trygve Slagsvold Vedum vil ikke gjen\u00e5pne budsjettforhandlingene. Vedum advarer mot \u00e5 gj\u00f8re store endringer uten grundige konsekvensutredninger, spesielt rundt olje og oljefondet.<\/li>\n<li class=\"_item_o9xde_30\">Statsminister Jonas Gahr St\u00f8re kan m\u00e5tte g\u00e5 av hvis ikke budsjettet f\u00e5r st\u00f8tte fra SV og MDG.<\/li>\n<\/ul>\n<p>Vis mer <\/p>\n<p class=\"_paragraph_o9xde_4 _paragraph_xtcu6_10 layout-component text-serif-m layout-normal text-serif-m layout-padded\">Senterparti-lederen har funnet frem store tall og store ord for \u00e5 beskrive hva som st\u00e5r p\u00e5 spill for Senterpartiet \u2013 og Norge. <\/p>\n<p class=\"_paragraph_o9xde_4 _paragraph_xtcu6_10 layout-component text-serif-m layout-normal text-serif-m layout-padded\">Det handler om \u00abolj\u00e5olj\u00e5Olje p\u00e5 stavangersk. Norges oljehovedstad\u00bb og velferdsstaten, advarer han.<\/p>\n<ul class=\"_list_o9xde_3 _list_xtcu6_9 _unordered_o9xde_106 layout-component text-serif-m layout-normal text-serif-m layout-padded\">\n<li class=\"_item_o9xde_30\">Vedum mener at SV vil politiserepolitisere\u00c5 gj\u00f8re noe mer politisk, for eksempel ved \u00e5 la politiske hensyn p\u00e5virke beslutninger som vanligvis er upolitiske. oljefondet, alts\u00e5 \u00e5 gj\u00f8re fondet mer politisk<\/li>\n<li class=\"_item_o9xde_30\">MDG \u00f8nsker \u00e5 bremse oljeutvinningen og ha en utfasingsplanutfasingsplan En plan for gradvis \u00e5 redusere eller avslutte en aktivitet eller n\u00e6ring over tid. for n\u00e6ringen<\/li>\n<\/ul>\n<p class=\"_paragraph_o9xde_4 _paragraph_xtcu6_10 layout-component text-serif-m layout-normal text-serif-m layout-padded\"><strong class=\"_strong_o9xde_25\">\u2013 Det er legitimt \u00e5 ha ulike meninger om disse to sakene. Men vi mener at dette ikke kan avgj\u00f8res i budsjett\u00adforhandlingene, da det ikke ligger noen grundig konsekvens\u00adutredningkonsekvens\u00adutredningEn grundig analyse av hvilke konsekvenser en bestemt beslutning eller handling kan ha, ofte brukt i forbindelse med store prosjekter eller politiske beslutninger. til grunn for beslutninger som kan f\u00e5 enorme konsekvenser, advarer Vedum og utdyper:<\/strong><\/p>\n<p class=\"_paragraph_o9xde_4 _paragraph_xtcu6_10 layout-component text-serif-m layout-normal text-serif-m layout-padded\"><strong class=\"_strong_o9xde_25\">\u2013 Vi mener det samme n\u00e5, som vi vil mene om en uke, sier han. <\/strong><\/p>\n<p><img alt=\"Foto: Helge Mikalsen \/ VG\" class=\"_image_qp4xg_65 layout-component layout-normal\" data-fullscreen- data-track-element-type=\"Article image fullscreen\" data-track-name=\"ImageFullscreen\" decoding=\"async\" loading=\"lazy\" height=\"5504\" itemprop=\"image\"  src=\"https:\/\/www.europesays.com\/no\/wp-content\/uploads\/2025\/12\/77cd21b0-384c-4277-8164-5b2c172b417a\"  style=\"object-position:0% 0%\" width=\"8256\"\/>Foto: Helge Mikalsen \/ VG<\/p>\n<p class=\"_paragraph_o9xde_4 _paragraph_xtcu6_10 layout-component text-serif-m layout-normal text-serif-m layout-padded\">Jonas Gahr St\u00f8re (Ap) kan fredag m\u00e5tte g\u00e5 av som statsminister i et fors\u00f8k p\u00e5 \u00e5 f\u00e5 de to partiene til \u00e5 stemme for statsbudsjettetstatsbudsjettetEn plan som viser hvordan staten skal bruke pengene sine i l\u00f8pet av et \u00e5r, inkludert inntekter og utgifter.. Ap, R\u00f8dt og Senterpartiet er avhengig av st\u00f8tte fra b\u00e5de SV og MDG for \u00e5 f\u00e5 flertall. <\/p>\n<p class=\"_paragraph_o9xde_4 _paragraph_xtcu6_10 layout-component text-serif-m layout-normal text-serif-m layout-padded\">Det store sp\u00f8rsm\u00e5let er hvordan de skal f\u00e5 det. <\/p>\n<p>   Advarer mot \u00e5 skli ut<\/p>\n<p class=\"_paragraph_o9xde_4 _paragraph_xtcu6_10 layout-component text-serif-m layout-normal text-serif-m layout-padded\">MDG-nestleder Ingrid Liland har p\u00e5pekt at Stortinget kan fravike forretningsordenforretningsordenRegler som styrer hvordan m\u00f8ter, som for eksempel i Stortinget, skal gjennomf\u00f8res., og det er fremdeles mulig \u00e5 komme med s\u00e5kalte verbalforslag. <\/p>\n<p class=\"_paragraph_o9xde_4 _paragraph_xtcu6_10 layout-component text-serif-m layout-normal text-serif-m layout-padded\">Regjeringen kan ogs\u00e5 gj\u00f8re avtaler direkte med et av partiene, for eksempel om \u00e5 sette i gang en utredning. <\/p>\n<p class=\"_paragraph_o9xde_4 _paragraph_xtcu6_10 layout-component text-serif-m layout-normal text-serif-m layout-padded\">\u2013 <strong class=\"_strong_o9xde_25\">Det finnes flere veier til m\u00e5l, <a href=\"https:\/\/www.vg.no\/nyheter\/i\/d45AgJ\/mdg-nestlederen-finnes-flere-veier-til-maal\" data-track-element-type=\"Link\" data-track-id=\"link:d45AgJ\" class=\"_link_o9xde_39\" rel=\"nofollow noopener\" target=\"_blank\">sa Liland til VG<\/a> tidligere mandag.<\/strong><\/p>\n<p><img alt=\"ST\u00c5R P\u00c5 KRAVA: Ingrid Liland er finanspolitisk talsperson i MDG.  Foto: Ole Berg-Rusten \/ NTB\" class=\"_image_qp4xg_65 layout-component layout-normal\" data-fullscreen- data-track-element-type=\"Article image fullscreen\" data-track-name=\"ImageFullscreen\" decoding=\"async\" loading=\"lazy\" height=\"5291\" itemprop=\"image\"  src=\"https:\/\/www.europesays.com\/no\/wp-content\/uploads\/2025\/12\/5267bc24-a63f-4548-80fb-082855a6641e\"  style=\"object-position:0% 0%\" width=\"8054\"\/>ST\u00c5R P\u00c5 KRAVA: Ingrid Liland er finanspolitisk talsperson i MDG.  Foto: Ole Berg-Rusten \/ NTB<\/p>\n<p class=\"_paragraph_o9xde_4 _paragraph_xtcu6_10 layout-component text-serif-m layout-normal text-serif-m layout-padded\">Vedum sier at han ikke \u00f8nsker \u00e5 \u00e5pne forhandlingene p\u00e5 nytt, og at det ville hatt lite for seg. <\/p>\n<p class=\"_paragraph_o9xde_4 _paragraph_xtcu6_10 layout-component text-serif-m layout-normal text-serif-m layout-padded\">\u2013 De underliggende konfliktene ligger der uansett. Jeg har v\u00e6rt veldig opptatt av \u00e5 formidle til MDG at det er komplekst nok \u00e5 vedta et statsbudsjett. Hvis vi skal legge inn s\u00e5 store og tunge tema, gj\u00f8r de det nesten umulig, sier han og fortsetter: <\/p>\n<p class=\"_paragraph_o9xde_4 _paragraph_xtcu6_10 layout-component text-serif-m layout-normal text-serif-m layout-padded\">\u2013 Hvis det n\u00e5 begynner \u00e5 skli veldig ut p\u00e5 dette, da kan vi legge inn absolutt alt i statsbudsjettforhandlingene. Hvorfor skal ikke vi da legge inn vraking av helseforetaksmodellen, sp\u00f8r Vedum retorisk.<\/p>\n<p><img alt=\"Foto: Helge Mikalsen \/ VG\" class=\"_image_qp4xg_65 layout-component layout-normal\" data-fullscreen- data-track-element-type=\"Article image fullscreen\" data-track-name=\"ImageFullscreen\" decoding=\"async\" loading=\"lazy\" height=\"5504\" itemprop=\"image\"  src=\"https:\/\/www.europesays.com\/no\/wp-content\/uploads\/2025\/12\/25898aac-b966-4576-8f0b-c7dfbf88fdcc\"  style=\"object-position:0% 0%\" width=\"8256\"\/>Foto: Helge Mikalsen \/ VG<\/p>\n<p class=\"_paragraph_o9xde_4 _paragraph_xtcu6_10 layout-component text-serif-m layout-normal text-serif-m layout-padded\">\u2013 Har det f\u00f8rst og fremst blitt en prinsipiell sak?<\/p>\n<p class=\"_paragraph_o9xde_4 _paragraph_xtcu6_10 layout-component text-serif-m layout-normal text-serif-m layout-padded\">\u2013 Nei, dette er substans. \u00c5 v\u00e6re prinsipprytter er aldri noe poeng, det er bare tull, vi m\u00e5 finne l\u00f8sninger i politikken, sier han og fortsetter:<\/p>\n<p class=\"_paragraph_o9xde_4 _paragraph_xtcu6_10 layout-component text-serif-m layout-normal text-serif-m layout-padded\">\u2013 Hvis man gj\u00f8r ting som ikke er gjennomtenkt i budsjett, s\u00e5 kan det f\u00e5 veldig store samfunnskonsekvenser. Gj\u00f8r vi noe feil p\u00e5 olje- og gassn\u00e6ringen kan det f\u00e5 store konsekvenser for hele landet. N\u00e5r det ikke har v\u00e6rt noe prosess eller utredning i forkant, kan det ikke handle om s\u00e5 store og radikale omr\u00e5der. <\/p>\n<p>\u2013 Enorme verdier <\/p>\n<p class=\"_paragraph_o9xde_4 _paragraph_xtcu6_10 layout-component text-serif-m layout-normal text-serif-m layout-padded\">Vedum sier at olje- og gassn\u00e6ringen skaper enorme verdier og sikrer mange arbeidsplasser.<\/p>\n<p class=\"_paragraph_o9xde_4 _paragraph_xtcu6_10 layout-component text-serif-m layout-normal text-serif-m layout-padded\">I statsbudsjettene drysses milliarder av kroner p\u00e5 forsvar, universiteter, politi, veier, jernbane, b\u00f8nder, bistand. Og etter at disse postene er betalt for vil det fremdeles v\u00e6re mange milliarder \u00e5 bruke p\u00e5 andre ting. <\/p>\n<p class=\"_paragraph_o9xde_4 _paragraph_xtcu6_10 layout-component text-serif-m layout-normal text-serif-m layout-padded\">\u2013 I \u00e5r ansl\u00e5s det at vi bruker 525,8 milliarder kroner fra oljefondet. Det er snakk om enorme verdier, nasjonale interesser og mange arbeidsplasser, sier han og peker p\u00e5 en liste han har skrevet ut om utgifter p\u00e5 statsbudsjettet.<\/p>\n<p><img alt=\"Foto: Helge Mikalsen \/ VG\" class=\"_image_qp4xg_65 layout-component layout-normal\" data-fullscreen- data-track-element-type=\"Article image fullscreen\" data-track-name=\"ImageFullscreen\" decoding=\"async\" loading=\"lazy\" height=\"5504\" itemprop=\"image\"  src=\"https:\/\/www.europesays.com\/no\/wp-content\/uploads\/2025\/12\/9d9cc02f-9d2c-4d14-8982-2f48c6bc67f1\"  style=\"object-position:0% 0%\" width=\"8256\"\/>Foto: Helge Mikalsen \/ VG<\/p>\n<p class=\"_paragraph_o9xde_4 _paragraph_xtcu6_10 layout-component text-serif-m layout-normal text-serif-m layout-padded\">\u2013 P\u00e5 et tidspunkt er det tomt for olje, n\u00e5r det er en s\u00e5 stor n\u00e6ring, er det egentlig s\u00e5 radikalt \u00e5 ha en plan for det?<\/p>\n<p class=\"_paragraph_o9xde_4 _paragraph_xtcu6_10 layout-component text-serif-m layout-normal text-serif-m layout-padded\">\u2013 Det ligger inne i perspektivmeldingenperspektivmeldingenEn rapport som gir en langsiktig analyse av \u00f8konomiske og samfunnsmessige utfordringer og muligheter for landet., som jeg selv la fem. Der ligger det ogs\u00e5 analyser om hvordan olje- og gass\u00f8konomien blir mindre viktig og hvordan ny n\u00e6ring skal overta, s\u00e5 det er ikke s\u00e5 problematisk.<\/p>\n<p class=\"_paragraph_o9xde_4 _paragraph_xtcu6_10 layout-component text-serif-m layout-normal text-serif-m layout-padded\"><strong class=\"_strong_o9xde_25\">Hovedproblemet hans er ikke \u00e5 ha en plan, men \u00e5 ha en plan som rusher utfasingen av oljen\u00e6ringen. <\/strong><\/p>\n<p class=\"_paragraph_o9xde_4 _paragraph_xtcu6_10 layout-component text-serif-m layout-normal text-serif-m layout-padded\">\u2013 Men det er hele ideen om at vi skal gire om og raskt avvikle. At n\u00e6ringen gj\u00f8r noe feil, det er der uenigheten ligger. Det er en enormt viktig n\u00e6ring for landet og titusenvis av arbeidsfolk, p\u00e5peker Vedum.<\/p>\n<p>Vil ikke svare om Listhaug<\/p>\n<p class=\"_paragraph_o9xde_4 _paragraph_xtcu6_10 layout-component text-serif-m layout-normal text-serif-m layout-padded\">Dersom St\u00f8re stiller kabinettssp\u00f8rsm\u00e5lkabinettssp\u00f8rsm\u00e5lEn situasjon der en regjering truer med \u00e5 g\u00e5 av hvis den ikke f\u00e5r st\u00f8tte for en viktig sak. og ender med \u00e5 m\u00e5tte g\u00e5 av som statsminister, m\u00e5 Sylvi Listhaug (Frp) unders\u00f8ke om hun har flertall for \u00e5 danne regjering fordi hun er leder av det st\u00f8rste opposisjonspartietopposisjonspartietEt politisk parti som ikke er en del av den sittende regjeringen.. <\/p>\n<p class=\"_paragraph_o9xde_4 _paragraph_xtcu6_10 layout-component text-serif-m layout-normal text-serif-m layout-padded\">\u2013 Kan dere g\u00e5 til h\u00f8yresiden da?<\/p>\n<p class=\"_paragraph_o9xde_4 _paragraph_xtcu6_10 layout-component text-serif-m layout-normal text-serif-m layout-padded\">\u2013 Det er et hypotetisk sp\u00f8rsm\u00e5l, og det er eventuelt MDG og SV som feller regjeringen. Vi mener denne budsjettenighetenbudsjettenigheten En avtale mellom politiske partier om hvordan statsbudsjettet skal se ut. er bra.<\/p>\n<p class=\"_paragraph_o9xde_4 _paragraph_xtcu6_10 layout-component text-serif-m layout-normal text-serif-m layout-padded\">\u2013 Kan dere danne flertall med h\u00f8yresiden for \u00e5 lage budsjett?<\/p>\n<p class=\"_paragraph_o9xde_4 _paragraph_xtcu6_10 layout-component text-serif-m layout-normal text-serif-m layout-padded\">\u2013 Vi mener den budsjettenigheten som ligger her, er god. <\/p>\n<p><img alt=\"H\u00d8Y TEMPERATUR: Vedum og Listhaug diskuterte s\u00e5 busta f\u00f8yk i valgkampen.  Foto: Stian Lysberg Solum \/ NTB\" class=\"_image_qp4xg_65 layout-component layout-normal\" data-fullscreen- data-track-element-type=\"Article image fullscreen\" data-track-name=\"ImageFullscreen\" decoding=\"async\" loading=\"lazy\" height=\"5015\" itemprop=\"image\"  src=\"https:\/\/www.europesays.com\/no\/wp-content\/uploads\/2025\/12\/7ac1e5c9-c292-4bb7-aba6-370d43ff75ee\"  style=\"object-position:0% 0%\" width=\"7523\"\/>H\u00d8Y TEMPERATUR: Vedum og Listhaug diskuterte s\u00e5 busta f\u00f8yk i valgkampen.  Foto: Stian Lysberg Solum \/ NTB<\/p>\n<p class=\"_paragraph_o9xde_4 _paragraph_xtcu6_10 layout-component text-serif-m layout-normal text-serif-m layout-padded\">\u2013 Hvor g\u00e5r grensen deres?<\/p>\n<p class=\"_paragraph_o9xde_4 _paragraph_xtcu6_10 layout-component text-serif-m layout-normal text-serif-m layout-padded\">\u2013 Vi er forutsigbare n\u00e5r vi har inng\u00e5tt en budsjettenighet. <\/p>\n<p class=\"_paragraph_o9xde_4 _paragraph_xtcu6_10 layout-component text-serif-m layout-normal text-serif-m layout-padded\">\u2013 B\u00f8r ikke velgerne f\u00e5 vite om dere er villige til \u00e5 g\u00e5 til h\u00f8yre?<\/p>\n<p class=\"_paragraph_o9xde_4 _paragraph_xtcu6_10 layout-component text-serif-m layout-normal text-serif-m layout-padded\">\u2013 Vi har inng\u00e5tt budsjettenighet. Da m\u00e5 vi gi og ta, og da st\u00e5r vi selvf\u00f8lgelig for den budsjettenigheten.<\/p>\n<p class=\"_paragraph_o9xde_4 _paragraph_xtcu6_10 layout-component text-serif-m layout-normal text-serif-m layout-padded\">\u2013 Ogs\u00e5 hvis St\u00f8re g\u00e5r av?<\/p>\n<p class=\"_paragraph_o9xde_4 _paragraph_xtcu6_10 layout-component text-serif-m layout-normal text-serif-m layout-padded\">\u2013 Det er spekulasjon. Vi mener at denne budsjettenigheten er god. <\/p>\n<p><img alt=\"KAN DE BLI ENIGE? I hvert fall om buss!  Foto: Rodrigo Freitas \/ NTB\" class=\"_image_qp4xg_65 layout-component layout-normal\" data-fullscreen- data-track-element-type=\"Article image fullscreen\" data-track-name=\"ImageFullscreen\" decoding=\"async\" loading=\"lazy\" height=\"3744\" itemprop=\"image\"  src=\"https:\/\/www.europesays.com\/no\/wp-content\/uploads\/2025\/12\/64f737cc-806d-4040-9a68-faaee9e8dfad\"  style=\"object-position:0% 0%\" width=\"5616\"\/>KAN DE BLI ENIGE? I hvert fall om buss!  Foto: Rodrigo Freitas \/ NTB<\/p>\n<p class=\"_paragraph_o9xde_4 _paragraph_xtcu6_10 layout-component text-serif-m layout-normal text-serif-m layout-padded\">Vedum mener MDG fikk tydelige seire i budsjettforslaget, som fire \u00e5rs utsettelse av muligheten til \u00e5 starte med utvinning av havbunnsmineraler. <\/p>\n<p class=\"_paragraph_o9xde_4 _paragraph_xtcu6_10 layout-component text-serif-m layout-normal text-serif-m layout-padded\">\u2013 Kollektivtransport og billigere kollektivbilletter er noe MDG ogs\u00e5 har prioritert, sier Vedum og trekker frem milliardpakken til kollektivtransport i budsjettforslaget.<\/p>\n<p class=\"_paragraph_o9xde_4 _paragraph_xtcu6_10 layout-component text-serif-m layout-normal text-serif-m layout-padded\">\u2013 Men dere er ikke imot buss?<\/p>\n<p class=\"_paragraph_o9xde_4 _paragraph_xtcu6_10 layout-component text-serif-m layout-normal text-serif-m layout-padded\">\u2013 Nei, og det er ingen som er mot buss. <\/p>\n<p>Les ogs\u00e5<\/p>\n","protected":false},"excerpt":{"rendered":"Ap er enige med R\u00f8dt og Sp om statsudsjettet, men har ikke flertall. De m\u00e5 ha st\u00f8tte fra&hellip;\n","protected":false},"author":2,"featured_media":101835,"comment_status":"","ping_status":"","sticky":false,"template":"","format":"standard","meta":{"footnotes":""},"categories":[10],"tags":[20,21,24,25,15,22,23,324,13,30,28,281,29,14,16,26,27,280,205],"class_list":{"0":"post-101834","1":"post","2":"type-post","3":"status-publish","4":"format-standard","5":"has-post-thumbnail","7":"category-norge","8":"tag-breaking-news","9":"tag-breakingnews","10":"tag-featured-news","11":"tag-featurednews","12":"tag-headlines","13":"tag-latest-news","14":"tag-latestnews","15":"tag-miljopartiet-de-gronne-mdg","16":"tag-news","17":"tag-no","18":"tag-norge","19":"tag-norsk-politikk","20":"tag-norway","21":"tag-nyheter","22":"tag-overskrifter","23":"tag-top-stories","24":"tag-topstories","25":"tag-trygve-slagsvold-vedum","26":"tag-vgsamfunn"},"share_on_mastodon":{"url":"https:\/\/pubeurope.com\/@no\/115646855205195604","error":""},"_links":{"self":[{"href":"https:\/\/www.europesays.com\/no\/wp-json\/wp\/v2\/posts\/101834","targetHints":{"allow":["GET"]}}],"collection":[{"href":"https:\/\/www.europesays.com\/no\/wp-json\/wp\/v2\/posts"}],"about":[{"href":"https:\/\/www.europesays.com\/no\/wp-json\/wp\/v2\/types\/post"}],"author":[{"embeddable":true,"href":"https:\/\/www.europesays.com\/no\/wp-json\/wp\/v2\/users\/2"}],"replies":[{"embeddable":true,"href":"https:\/\/www.europesays.com\/no\/wp-json\/wp\/v2\/comments?post=101834"}],"version-history":[{"count":0,"href":"https:\/\/www.europesays.com\/no\/wp-json\/wp\/v2\/posts\/101834\/revisions"}],"wp:featuredmedia":[{"embeddable":true,"href":"https:\/\/www.europesays.com\/no\/wp-json\/wp\/v2\/media\/101835"}],"wp:attachment":[{"href":"https:\/\/www.europesays.com\/no\/wp-json\/wp\/v2\/media?parent=101834"}],"wp:term":[{"taxonomy":"category","embeddable":true,"href":"https:\/\/www.europesays.com\/no\/wp-json\/wp\/v2\/categories?post=101834"},{"taxonomy":"post_tag","embeddable":true,"href":"https:\/\/www.europesays.com\/no\/wp-json\/wp\/v2\/tags?post=101834"}],"curies":[{"name":"wp","href":"https:\/\/api.w.org\/{rel}","templated":true}]}}