{"id":101836,"date":"2025-12-01T23:22:11","date_gmt":"2025-12-01T23:22:11","guid":{"rendered":"https:\/\/www.europesays.com\/no\/101836\/"},"modified":"2025-12-01T23:22:11","modified_gmt":"2025-12-01T23:22:11","slug":"inga-reserveloysing-ved-19-norske-flyplassar-nrk-vestland","status":"publish","type":"post","link":"https:\/\/www.europesays.com\/no\/101836\/","title":{"rendered":"Inga reservel\u00f8ysing ved 19 norske flyplassar \u2013 NRK Vestland"},"content":{"rendered":"<p>I tr\u00e5d med felleseuropeiske krav er norske lufthamner i ferd med \u00e5 innf\u00f8re eit nytt system for \u00e5 styre flya trygt ned p\u00e5 bakken.<\/p>\n<p>No seier fleire at avgjerda om \u00e5 erstatte old school radiosignal med satellittnavigasjon var forhasta, og ber preg av \u00e5 ha tatt form i ei \u00abmeir uskuldig tid\u00bb.<\/p>\n<p><strong>\u2013 Her har det g\u00e5tt for fort i svingane, seier president i Flygarforbundet, Synn\u00f8ve Egeness Lilleli.<\/strong><\/p>\n<p><img decoding=\"async\"   src=\"data:image\/gif;base64,R0lGODlhAQABAIAAAAAAAP\/\/\/yH5BAEAAAAALAAAAAABAAEAAAIBRAA7\" loading=\"eager\" alt=\"Troms\u00f8 flyplass langnes\" title=\"\"\/><\/p>\n<p class=\"no-credit\">S\u00e5 langt i 2025 har Luftfartstilsynet f\u00e5tt inn fleire rapportar om GPS-forstyrringar enn nokon gong tidlegare.<\/p>\n<p>Wider\u00f8e opplyser at dei vurderer \u00e5 innf\u00f8re vektavgrensingar (f\u00e6rre passasjerar) for \u00e5 kunne bere med seg meir reservedrivstoff.<\/p>\n<p>Forklaringa er at flyselskapet ikkje lenger kan ta for gitt at dei kan lande som bestilt.<\/p>\n<p><strong>\u2013 Vi st\u00f8ttar initiativ som bidrar til \u00e5 reetablere bakkebaserte navigasjonshjelpemiddel, seier Silje Brandvoll i Wider\u00f8e.<\/strong><\/p>\n<p>19 lufthamner utan reservel\u00f8ysing <\/p>\n<p>\u00c5rstalet seier n\u00e5r det tradisjonelle navigasjonsanlegget blir heilt skrudd av: <\/p>\n<ul>\n<li>F\u00f8rde, Bringeland, 2028<\/li>\n<li>Sogndal, Hauk\u00e5sen, 2026<\/li>\n<li>Sandane, Anda, 2030<\/li>\n<li>Namsos, 2027<\/li>\n<li>Mosj\u00f8en, 2026<\/li>\n<li>R\u00f8ros, 2026<\/li>\n<li>R\u00f8rvik, Ryum, 2027<\/li>\n<li>\u00d8rsta-Volda, Hovden, 2025<\/li>\n<li>Sandnessj\u00f8en, Stokka, 2027<\/li>\n<li>Leknes, 2030<\/li>\n<li>Svolv\u00e6r, Helle, 2030<\/li>\n<li>Stokmarknes, Skagen, 2030<\/li>\n<li>R\u00f8st, 2030<\/li>\n<li>Molde, \u00c5r\u00f8, 2028<\/li>\n<li>Honningsv\u00e5g, Valan, 2027<\/li>\n<li>Mehamn, 2030<\/li>\n<li>Hasvik, 2026<\/li>\n<li>S\u00f8rkjosen, 2027<\/li>\n<\/ul>\n<p>Mo i Rana (R\u00f8ssvoll) blir lagt ned i 2027. Notodden lufthamn er i kommunal eige.<\/p>\n<p>Fleire detaljar <a href=\"https:\/\/drive.google.com\/file\/d\/1PrXSKmlaNfRAFRB-e0TAl3FmWVkEm2U6\/view?usp=sharing\" ec-id=\"https:\/\/drive.google.com\/file\/d\/1PrXSKmlaNfRAFRB-e0TAl3FmWVkEm2U6\/view\" ec-name=\"her\" rel=\"nofollow noopener\" target=\"_blank\">her<\/a>.<\/p>\n<p>Seksjonsleiar for flysikring i Luftfartstilsynet Henning R. Tennes har tidlegare sagt til NRK at GNSS-forstyrringar \u00abkan bidra til auka arbeidsmengd for pilotane og p\u00e5verke regulariteten ved enkelte lufthamner, spesielt ved vinteroperasjonar og d\u00e5rleg v\u00ear\u00bb. <\/p>\n<p>\u2013 M\u00e5 ha l\u00f8ysingar som kan fungere i krisesituasjonar<\/p>\n<p>I eit <a href=\"https:\/\/www.stortinget.no\/no\/Saker-og-publikasjoner\/Sporsmal\/Skriftlige-sporsmal-og-svar\/Skriftlig-sporsmal\/?qnid=112614\" ec-id=\"https:\/\/www.stortinget.no\/no\/Saker-og-publikasjoner\/Sporsmal\/Skriftlige-sporsmal-og-svar\/Skriftlig-sporsmal\/\" ec-name=\"skriftleg sp\u00f8rsm\u00e5l\" rel=\"nofollow noopener\" target=\"_blank\">skriftleg sp\u00f8rsm\u00e5l<\/a> til samferdselsdepartementet sp\u00f8r H\u00f8gre om regjeringa vil trekke i n\u00f8dbremsen \u00abi lys av at den sikkerheitspolitiske situasjonen har endra seg\u00bb.<\/p>\n<p>Bakgrunnen er daglege rapportar om at ikkje n\u00e6rare identifiserte krefter forstyrrar og manipulerer GNSS-signala som det nye systemet baserer seg p\u00e5.<\/p>\n<p><img decoding=\"async\"   src=\"data:image\/gif;base64,R0lGODlhAQABAIAAAAAAAP\/\/\/yH5BAEAAAAALAAAAAABAAEAAAIBRAA7\" loading=\"eager\" alt=\"En mann i dress st\u00e5r ved en talerstol i et parlament. Han har p\u00e5 seg en slips med striper og ser mot siden. Bakgrunnen viser tre rekkemerker med r\u00f8de seter. P\u00e5 talerstolen ligger papir med notater.\" title=\"Foto: Terje Pedersen \/ NTB\"\/><\/p>\n<p class=\"\">Trond Helleland (H) etterlyser ein breiare debatt om beredskapen ved norske flyplassar, og \u00abtruar\u00bb med at eit fleirtal p\u00e5 Stortinget har makt til \u00e5 tvinge regjeringa til \u00e5 gjere retrett.<br \/>\n\u2013 Eg opplever at regjeringa er bakp\u00e5 i mange sp\u00f8rsm\u00e5l om tryggleik og beredskap, ogs\u00e5 her.\n<\/p>\n<p>Foto: Terje Pedersen \/ NTB<\/p>\n<p><strong>\u2013 Det er openbert at vi m\u00e5 ha l\u00f8ysingar som kan fungere i krisesituasjonar, seier B\u00e5rd Hoksrud (Frp) i Transport- og kommunikasjonskomiteen.<\/strong><\/p>\n<p>Han meiner myndigheitene er i ferd med \u00e5 legge altfor mange egg i den same h\u00f8gteknologiske korga.<\/p>\n<p><strong>\u2013 Om regjeringa ikkje forst\u00e5r dette, s\u00e5 m\u00e5 Stortinget gripe inn.<\/strong><\/p>\n<p>Avinor svarer at dei har trekt i n\u00f8dbremsen ved fire lufthamner i Finnmark, men at dei st\u00e5r inne for vurderinga om \u00e5 skru av radiosignala ved dei 19 minste flyplassane.<\/p>\n<p>Sj\u00e5 svar fr\u00e5 samferdselsminister Jon-Ivar Nyg\u00e5rd lengre ned.<\/p>\n<p><img decoding=\"async\"   src=\"data:image\/gif;base64,R0lGODlhAQABAIAAAAAAAP\/\/\/yH5BAEAAAAALAAAAAABAAEAAAIBRAA7\" loading=\"eager\" alt=\"Illustrasjonsbilde: Et Wider\u00f8e fly lander p\u00e5 S\u00f8rkjosen lufthavn. Foto: \u00d8ystein L\u00f8wer \/ Avinor&#10;\" title=\"Foto: \u00d8ystein L\u00f8wer \/ Avinor\"\/><\/p>\n<p class=\"\">\u2013 Dei mange hendingane med forstyrringar av flytrafikken vi har sett den siste tida, tilseier at det er fornuftig \u00e5 ta ei ny vurdering, seier Venstre-leiar Guri Melby.\n<\/p>\n<p>Foto: \u00d8ystein L\u00f8wer \/ Avinor<\/p>\n<p>Avinor: \u2013 Ikkje sikkerheitskritisk<\/p>\n<p><strong>\u2013 Utfasinga av bakkebaserte anlegg p\u00e5 ein del av dei minste flyplassane blir ikkje vurdert som sikkerheitskritisk, seier Avinor-sjef Abraham Foss til NRK.<\/strong><\/p>\n<p>Sj\u00e5 heile svaret under.<\/p>\n<p>If\u00f8lge flyplasseigaren vil overgangen til satellittnavigasjon gi fem gevinstar for norsk luftfart.<\/p>\n<p>Avinor: \u2013 Vi har konvensjonelt utstyr p\u00e5 tilstrekkeleg mange flyplassar<\/p>\n<p>Abraham Foss, Avinor-direkt\u00f8r<\/p>\n<p>\u2013 Vi beheld konvensjonelt utstyr nettopp for \u00e5 sikre at vi har ytterlegare back up-kapasitet i form av analogt og tradisjonelt navigasjonsutstyr p\u00e5 tilstrekkeleg mange flyplassar. Utfasing av bakke-baserte anlegg p\u00e5 ein del av dei minste flyplassane blir ikkje vurderte som sikkerheitskritisk, men kan p\u00e5verke regulariteten noko. Vi har \u00f2g, p\u00e5 bakgrunn av den konkrete situasjonen i Finnmark, tidlegare vedtatt at ogs\u00e5 flyplassane B\u00e5tsfjord, Vard\u00f8, Vads\u00f8 og Berlev\u00e5g skal behalde konvensjonelt utstyr.<\/p>\n<p>\u2013 Samtidig meiner vi like sterkt som f\u00f8r, at dei nye satellittbaserte systema, som heile Europa har forplikta seg til \u00e5 ta i bruk, er framtidsretta og gode. Dei vil ta ned kostnader, bidra til meir effektiv bruk av luftrommet og kutte drivstoffbruk og klimagassutslepp.<\/p>\n<p>Britiske myndigheiter reviderte i fjor m\u00e5let om \u00e5 fase ut sine \u00abgammaldagse\u00bb navigasjonsanlegg. <\/p>\n<p>I staden staka dei ut ein \u00abmeir hardf\u00f8r strategi\u00bb der gamle og nye system skal eksistere side om side.<\/p>\n<ul data-scroll-container=\"\" role=\"list\">\n<li><img alt=\"En person st\u00e5r i fokus og gestikulerer med h\u00e5nden. I bakgrunnen er det en avgangstasjon med opplyste skilt. Omgivelsene virker travle, typisk for en flyplass. Det er h\u00f8y belysning, og informasjonsskiltene viser avgangstider.\"  width=\"3840\" height=\"2160\" loading=\"lazy\"\/>\n<p>\n        Terje Pedersen \/ NTB\n      <\/p>\n<p>Jon-Ivar Nyg\u00e5rd, samferdselsminister<\/p>\n<p>Avinor vurderer det slik at det talet p\u00e5 alternative (konvensjonelle) navigasjonsanlegg som skal haldast operative, er tilstrekkeleg for \u00e5 vareta sikkerheita i luftfarten. Luftfartstilsynet, som ansvarleg myndigheit for sikkerheita i luftfarten, f\u00f8lger ogs\u00e5 denne utviklinga n\u00f8ye. Det er derfor mi vurdering at sikkerheita i luftfarten er tilstrekkeleg varetatt.<\/p>\n<\/li>\n<li><img alt=\"Synn\u00f8ve Egeness Lilleli\"  width=\"3840\" height=\"2159\" loading=\"lazy\"\/>\n<p>\n        Norsk Flygerforbund\n      <\/p>\n<p>Synn\u00f8ve Egeness Lilleli, President i Norsk flygerforbund<\/p>\n<p>Dette er noko vi har hatt p\u00e5 radaren lenge, for \u00e5 seie det s\u00e5nn. Vi er tilhengarar av teknologisk utvikling, men her har det g\u00e5tt for fort i svingane. No st\u00e5r vi utan bakkebasert navigasjonssystem p\u00e5 mange flyplassar, og det skaper jo &#8230; utfordringar. Spesielt med tanke p\u00e5 dette med \u00abjamming\u00bb, og \u00abspoofing\u00bb som er enda skumlare.<\/p>\n<\/li>\n<li><img alt=\"en mann med hatt\"  width=\"3840\" height=\"2157\" loading=\"lazy\"\/>Jens Salt, leiar for flysikkerheit i Pilotforbundet\n<p>GPS-basert navigasjon er vi positive til, men vi er skeptiske til utfasinga av konvensjonelle (bakkebaserte) navigasjonshjelpemiddel &#8211; blant anna av sikkerheitspolitiske \u00e5rsaker. Sj\u00f8lv om dagens system er robust, ser vi at situasjonen blir utvikla raskt, og at GPS-forstyrringar i dag er sv\u00e6rt vanleg enkelte stader i Europa. Her er vi rett og slett s\u00e5rbare.\u00a0Vi m\u00e5 ha b\u00e5de-og &#8211; i alle fall ei stund.<\/p>\n<\/li>\n<li><img alt=\"Mekling NHO Luftfart og Fellesforbundet \"  width=\"3840\" height=\"2159\" loading=\"lazy\"\/>\n<p>\n        Ole Berg-Rusten \/ NTB\n      <\/p>\n<p>Erik Lahnstein, leier i NHO Luftfart<\/p>\n<p>Slik som den sikkerheitspolitiske situasjonen utviklar seg, s\u00e5 m\u00e5 vi bruke meir tid p\u00e5 \u00e5 kartlegge utfordringar knytte til spoofing og jamming, men ogs\u00e5 s\u00f8rge for at vi har p\u00e5 plass n\u00f8dvendige system. S\u00e5 er det rimeleg at staten plukkar opp den ekstrarekninga som vil komme med \u00e5 drive med doble system.<\/p>\n<\/li>\n<li><img alt=\"En mann med briller og dress.\"  width=\"3840\" height=\"2160\" loading=\"lazy\"\/>\n<p>\n        Tom-Richard Hanssen Olsen \/ NRK\n      <\/p>\n<p>J\u00f8rgen Kristiansen, transportpolitisk talsperson i KrF<\/p>\n<p>Vi b\u00f8r stoppe utfasinga av det tradisjonelle navigasjonssystemet n\u00e5. Vi treng eit trygt, forsvarleg og operativt navigasjonssystem ved norske flyplassar. Det m\u00e5 vere robust, med fungerande backup-l\u00f8ysingar, slik at norsk luftfart baserer seg p\u00e5 eit system vi kan stole p\u00e5 ogs\u00e5 i ein skjerpa sikkerheitspolitisk situasjon.<\/p>\n<\/li>\n<li><img alt=\"Guri Melby sitter i en stol\"  width=\"3840\" height=\"2156\" loading=\"lazy\"\/>\n<p>\n        Ismail Burak Akkan \/ NRK\n      <\/p>\n<p>Guri Melby, Venstre-leiar <\/p>\n<p>Dei mange hendingane med forstyrringar av flytrafikken vi har sett den siste tida, tilseier at det er fornuftig \u00e5 ta ei ny vurdering av den planlagde utfasinga av bakkebaserte navigasjonsanlegg.<\/p>\n<\/li>\n<li><img alt=\"En kvinne st\u00e5r foran et Wider\u00f8e-fly i en hangar. Hun har langt, blondt h\u00e5r og b\u00e6rer en svart genser med bl\u00e5 m\u00f8nster. Hun har p\u00e5 seg et skilt rundt halsen. Bakgrunnen viser deler av flyet og arbeidsutstyr.\"  width=\"3840\" height=\"2158\" loading=\"lazy\"\/>\n<p>\n        Ola Helness\n      <\/p>\n<p>Silje Brandvoll, direkt\u00f8r for Kommunikasjon og Samfunnskontakt i Wider\u00f8e<\/p>\n<p>Som operat\u00f8r er vi avhengige av f\u00f8reseielegheit for \u00e5 kunne levere eit tilfredsstillande transporttilbod. Vi st\u00f8ttar initiativ som bidrar til \u00e5 reetablere bakkebaserte navigasjonshjelpemiddel \u2013 ikkje berre i Finnmark, men ogs\u00e5 i st\u00f8rre delar av Noreg \u2013 slik at vi st\u00e5r godt rusta dersom behovet oppst\u00e5r. Vi meiner dette vil vere positivt for samfunnssikkerheita og regulariteten i utsette omr\u00e5de.<\/p>\n<\/li>\n<li><img alt=\"Oslo  20161004.H\u00f8yres parlamentariske leder Trond Helleland under tirsdagens trontaledebatt i Stortinget.Foto: Terje Bendiksby \/ NTB scanpix Oslo  20161004.H\u00f8yres parlamentariske leder Trond Helleland under tirsdagens trontaledebatt i Stortinget.Foto: Terje Bendiksby \/ NTB scanpix H\u00f8yres parlamentariske leder Trond Helleland under tirsdagens trontaledebatt i Stortinget.\"  width=\"3840\" height=\"2160\" loading=\"lazy\"\/>\n<p>\n        Terje Bendiksby \/ NTB scanpix\n      <\/p>\n<p>Trond Helleland, H\u00f8gre<\/p>\n<p>Regjeringa m\u00e5 ta ei ny vurdering om det er klokt \u00e5 fortsette utfasinga av tradisjonelle navigasjonssystem, seier stortingsrepresentant for H\u00f8gre.<\/p>\n<\/li>\n<li><img alt=\"B\u00e5rd Hoksrud med briller\"  width=\"3840\" height=\"2156\" loading=\"lazy\"\/>\n<p>\n        Jan Langhaug \/ NTB\n      <\/p>\n<p>B\u00e5rd Hoksrud, Framstegspartiet <\/p>\n<p>Vi meiner at samfunnskritisk infrastruktur av beredskapsomsyn m\u00e5 baserast p\u00e5 eit teknologimangfald. Dette m\u00e5 gjeld for flyplassar som for alle andre delar av infrastrukturen v\u00e5r som er viktige for beredskapen i samfunnet.\u00a0I valet mellom beredskapsomsyn og klimapolitikk m\u00e5 tryggleiken og beredskapen i samfunnet ha forrang.<\/p>\n<\/li>\n<li><img alt=\"en mann i dress som sitter ved et skrivebord\"  width=\"3840\" height=\"2160\" loading=\"lazy\"\/>\n<p>\n        Hallgeir Braastad \/ NRK\n      <\/p>\n<p>Christian Kamhaug, luftfartsekspert og programleiar i Flypodden<\/p>\n<p>Dei moderne digitale l\u00f8ysingane som Avinor har implementert er mykje betre, meir effektive og sikrare enn dei gamle systema &#8230; heilt til dei ikkje verkar. Luftfarten er avhengig av at det finst b\u00e5de ein og to back-up system som gjer luftfarten s\u00e5 sikker som det kan bli.\u00a0Noreg er heilt avhengig av eit fungerande luftfartssystem, og vi m\u00e5 aldri g\u00e5 p\u00e5 akkord med sikkerheita.<\/p>\n<\/li>\n<li><img alt=\"Espen Slette, avdelingsdirekt\u00f8r i Nasjonal kommunikasjonsmyndighet (Nkom)\"  width=\"3840\" height=\"2159\" loading=\"lazy\"\/>\n<p>\n        Leif Dalen \/ NRK\n      <\/p>\n<p>Espen Slette, avdelingsdirekt\u00f8r i Nkom<\/p>\n<p>Det er viktig at alle tenker over s\u00e5rbarheitene sine, slik at ein har fleire bein \u00e5 st\u00e5 p\u00e5 dersom eit system skulle vere utilgjengeleg. Myndigheitene jobbar ogs\u00e5 med alternativ til satellittbaserte l\u00f8ysingar, slik at vi kan f\u00e5 redusert avhengnaden til satellittbasert posisjons-, navigasjons- og tidstenester.<\/p>\n<\/li>\n<\/ul>\n<p>\u2013 M\u00e5 ha fleire bein \u00e5 st\u00e5 p\u00e5<\/p>\n<p>\u2013 Sikkerheita p\u00e5 norske flyplassar er ein viktig del av beredskapen v\u00e5r, seier Venstre-leiar Guri Melby.<\/p>\n<p><strong>\u2013 Det gjeld over heile landet, ikkje berre i Finnmark. Eg meiner det er klokt \u00e5 sj\u00e5 tidlegare avgjerder i eit nytt lys n\u00e5r sikkerheitssituasjonen i endrar seg.<\/strong><\/p>\n<p>f\u00f8lge Forsvarets Forum har omfanget av jamming og spoofing ved grensa til Russland n\u00e5dd eit niv\u00e5 som nasjonale myndigheiter ikkje \u00f8nsker merksemd om \u2013 fordi meir publisitet kan oppmuntre til meir sabotasje og gjere vondt verre.<\/p>\n<p><img decoding=\"async\"   src=\"data:image\/gif;base64,R0lGODlhAQABAIAAAAAAAP\/\/\/yH5BAEAAAAALAAAAAABAAEAAAIBRAA7\" loading=\"eager\" alt=\"WMnE6hg30cM\" title=\"Foto: NTB\"\/><\/p>\n<p class=\"\">If\u00f8lge regjeringa er talet p\u00e5 konvensjonelle navigasjonsanlegg tilstrekkeleg for \u00e5 vareta sikkerheita i luftfarten. <\/p>\n<p>Foto: NTB<\/p>\n<p>I Noreg er det Nasjonal kommunikasjonsmyndigheit (Nkom) som overvaker signal. <\/p>\n<p>Nkom-direkt\u00f8r Espen Slette seier til NRK at han \u00ablegg til grunn at alle kritiske system og tenester som er avhengige av satellittbasert posisjon, navigasjon eller tid har alternative l\u00f8ysingar\u00bb. <\/p>\n<p><strong>\u2013 Det er viktig at alle tenker over s\u00e5rbarheitene sine, slik at ein har fleire bein \u00e5 st\u00e5 p\u00e5.<\/strong><\/p>\n<p><img decoding=\"async\"   src=\"data:image\/gif;base64,R0lGODlhAQABAIAAAAAAAP\/\/\/yH5BAEAAAAALAAAAAABAAEAAAIBRAA7\" loading=\"eager\" alt=\"Lufthavner i Norge\" title=\"Foto: Samferdselsdepartementet\"\/><\/p>\n<p class=\"\">Per i dag planlegg Avinor \u00e5 behalde reservel\u00f8ysingar ved dei mest utsette og trafikkerte lufthamnene. Men ved 19 flyplassar er det ingen analoge backup-planar.<\/p>\n<p>Foto: Samferdselsdepartementet<\/p>\n<p>Publisert<\/p>\n<p>01.12.2025, kl. 22.49<\/p>\n","protected":false},"excerpt":{"rendered":"I tr\u00e5d med felleseuropeiske krav er norske lufthamner i ferd med \u00e5 innf\u00f8re eit nytt system for \u00e5&hellip;\n","protected":false},"author":2,"featured_media":101837,"comment_status":"","ping_status":"","sticky":false,"template":"","format":"standard","meta":{"footnotes":""},"categories":[10],"tags":[20,21,24,25,15,22,23,13,30,28,29,14,16,26,27],"class_list":{"0":"post-101836","1":"post","2":"type-post","3":"status-publish","4":"format-standard","5":"has-post-thumbnail","7":"category-norge","8":"tag-breaking-news","9":"tag-breakingnews","10":"tag-featured-news","11":"tag-featurednews","12":"tag-headlines","13":"tag-latest-news","14":"tag-latestnews","15":"tag-news","16":"tag-no","17":"tag-norge","18":"tag-norway","19":"tag-nyheter","20":"tag-overskrifter","21":"tag-top-stories","22":"tag-topstories"},"share_on_mastodon":{"url":"https:\/\/pubeurope.com\/@no\/115646886286262167","error":""},"_links":{"self":[{"href":"https:\/\/www.europesays.com\/no\/wp-json\/wp\/v2\/posts\/101836","targetHints":{"allow":["GET"]}}],"collection":[{"href":"https:\/\/www.europesays.com\/no\/wp-json\/wp\/v2\/posts"}],"about":[{"href":"https:\/\/www.europesays.com\/no\/wp-json\/wp\/v2\/types\/post"}],"author":[{"embeddable":true,"href":"https:\/\/www.europesays.com\/no\/wp-json\/wp\/v2\/users\/2"}],"replies":[{"embeddable":true,"href":"https:\/\/www.europesays.com\/no\/wp-json\/wp\/v2\/comments?post=101836"}],"version-history":[{"count":0,"href":"https:\/\/www.europesays.com\/no\/wp-json\/wp\/v2\/posts\/101836\/revisions"}],"wp:featuredmedia":[{"embeddable":true,"href":"https:\/\/www.europesays.com\/no\/wp-json\/wp\/v2\/media\/101837"}],"wp:attachment":[{"href":"https:\/\/www.europesays.com\/no\/wp-json\/wp\/v2\/media?parent=101836"}],"wp:term":[{"taxonomy":"category","embeddable":true,"href":"https:\/\/www.europesays.com\/no\/wp-json\/wp\/v2\/categories?post=101836"},{"taxonomy":"post_tag","embeddable":true,"href":"https:\/\/www.europesays.com\/no\/wp-json\/wp\/v2\/tags?post=101836"}],"curies":[{"name":"wp","href":"https:\/\/api.w.org\/{rel}","templated":true}]}}