{"id":101838,"date":"2025-12-01T23:29:18","date_gmt":"2025-12-01T23:29:18","guid":{"rendered":"https:\/\/www.europesays.com\/no\/101838\/"},"modified":"2025-12-01T23:29:18","modified_gmt":"2025-12-01T23:29:18","slug":"siste-hummerfiske-for-forbudet-det-er-galskap","status":"publish","type":"post","link":"https:\/\/www.europesays.com\/no\/101838\/","title":{"rendered":"Siste hummerfiske f\u00f8r forbudet: \u2013 Det er galskap"},"content":{"rendered":"\n<p class=\"_paragraph_o9xde_4 _paragraph_xtcu6_10 layout-component text-serif-m layout-normal text-serif-m layout-padded _medium_xtcu6_25\"><strong class=\"_strong_o9xde_25\">De ti fiskeb\u00e5tene i Utg\u00e5rdskilen har solgt hummer for 1,3 millioner kroner i h\u00f8st. <\/strong><\/p>\n<p class=\"_paragraph_o9xde_4 _paragraph_xtcu6_10 layout-component text-serif-m layout-normal text-serif-m layout-padded _medium_xtcu6_25\"><strong class=\"_strong_o9xde_25\">Snart er det slutt.<\/strong><\/p>\n<p><img alt=\"\" class=\"_image_qp4xg_65 layout-component layout-right\" data-fullscreen- data-track-element-type=\"Article image fullscreen\" data-track-name=\"ImageFullscreen\" decoding=\"async\" loading=\"lazy\" height=\"3116\" itemprop=\"image\"  src=\"https:\/\/www.europesays.com\/no\/wp-content\/uploads\/2025\/12\/a8e1b4c0-7fa2-4051-b900-38af229c8443\"  style=\"object-position:0% 0%\" width=\"4153\"\/><img alt=\"Foto: Fredrik Solstad \/ VG\" class=\"_image_qp4xg_65 layout-component layout-left\" data-fullscreen- data-track-element-type=\"Article image fullscreen\" data-track-name=\"ImageFullscreen\" decoding=\"async\" loading=\"lazy\" height=\"2766\" itemprop=\"image\"  src=\"https:\/\/www.europesays.com\/no\/wp-content\/uploads\/2025\/12\/a7522e30-aa2e-438e-8396-c38f2490d418\"  style=\"object-position:0% 0%\" width=\"3688\"\/>Foto: Fredrik Solstad \/ VG<\/p>\n<p class=\"_paragraph_o9xde_4 _paragraph_xtcu6_10 layout-component text-serif-m layout-normal text-serif-m layout-padded\">Ved fyret Torbj\u00f8rnskj\u00e6r i Ytre Hvaler Nasjonalpark st\u00e5r det to fiskere og speider etter korkerkorker\u00d8verst i tauet fra hummerteinene sitter det en kork som gj\u00f8r at tauet flyter og man kan finne teinen. i vannet. S\u00e5 fyrer de opp rekekokeren med gassblusset p\u00e5 undersiden. N\u00e5r de er ute i kaldt v\u00e6r, stikker de hendene, med hansker p\u00e5, ned i det varme vannet for \u00e5 f\u00e5 lunk i fingrene.<\/p>\n<p class=\"_paragraph_o9xde_4 _paragraph_xtcu6_10 layout-component text-serif-m layout-normal text-serif-m layout-padded\">Yrkesfisker Roar Bekkevik (61) har hatt sitt siste hummerfiske f\u00f8r forbudet trer i kraft. Fra nytt\u00e5r blir det forbudt \u00e5 fiske b\u00e5de hummer og fisk i store deler av <a href=\"https:\/\/www.vg.no\/tag\/oslofjorden?utm_source=vg-article&amp;utm_medium=auto-tagger&amp;utm_campaign=0pjoL6\" class=\"_link_o9xde_39\" rel=\"nofollow noopener\" target=\"_blank\">Oslofjorden<\/a>.<\/p>\n<p class=\"_paragraph_o9xde_4 _paragraph_xtcu6_10 layout-component text-serif-m layout-normal text-serif-m layout-padded\">F\u00f8r solen sto opp, ble VG med i fiskeb\u00e5ten Victhor, da Bekkevik og hjelperen, Tormod Heyerdal Nyquist, skulle hente de siste teinene for denne hummersesongen.<\/p>\n<p><img alt=\"Foto: Fredrik Solstad \/ VG\" class=\"_image_qp4xg_65 layout-component layout-fullscreen\" data-fullscreen- data-track-element-type=\"Article image fullscreen\" data-track-name=\"ImageFullscreen\" decoding=\"async\" loading=\"lazy\" height=\"5589\" itemprop=\"image\"  src=\"https:\/\/www.europesays.com\/no\/wp-content\/uploads\/2025\/12\/72f6973a-ecde-4464-a5bc-6fbfbc491776\"  style=\"object-position:36.75042832667047% 46.806226516371446%\" width=\"3502\"\/>Foto: Fredrik Solstad \/ VG<\/p>\n<p class=\"_paragraph_o9xde_4 _paragraph_xtcu6_10 layout-component text-serif-m layout-normal text-serif-m layout-padded\">\u2013 95 prosent av hummerplassene mine forsvinner, sier han. <\/p>\n<p class=\"_paragraph_o9xde_4 _paragraph_xtcu6_10 layout-component text-serif-m layout-normal text-serif-m layout-padded\">Han har fisket hummer i ytre Oslofjord i 50 \u00e5r. 30 \u00e5r profesjonelt.<\/p>\n<p class=\"_paragraph_o9xde_4 _paragraph_xtcu6_10 layout-component text-serif-m layout-normal text-serif-m layout-padded\">Med lite vind, klar himmel og en temperatur rundt frysepunktet har vi en halvtimes sjarm\u00f8retappe ut til dagens fiskeomr\u00e5de.<\/p>\n<p>    Tidenes beste hummersesong<\/p>\n<p class=\"_paragraph_o9xde_4 _paragraph_xtcu6_10 layout-component text-serif-m layout-normal text-serif-m layout-padded\">Kapteinen p\u00e5 Victhor har hatt et rekord\u00e5r. I oktober og november har han fanget over 600 hummere \u2013 20 prosent mer enn i fjor, ansl\u00e5r han.<\/p>\n<p class=\"_paragraph_o9xde_4 _paragraph_xtcu6_10 layout-component text-serif-m layout-normal text-serif-m layout-padded\">\u2013 Hvis vi f\u00e5r en to-tre hummere her i dag, s\u00e5 passerer jeg 600 hummere. Jeg tror det er den beste hummersesongen de siste 50 \u00e5rene.<\/p>\n<p>Nullfiskeomr\u00e5der i Oslofjorden<\/p>\n<p class=\"_paragraph_o9xde_4 _paragraph_xtcu6_10 _paragraph_16v91_10 layout-component text-serif-m layout-normal text-sans-m layout-padded\">Regjeringen innf\u00f8rer nullfiskeomr\u00e5der og en rekke andre fiskeritiltak for \u00e5 styrke fiskebestandene og \u00f8kosystemet i Oslofjorden.<\/p>\n<p class=\"_paragraph_o9xde_4 _paragraph_xtcu6_10 _paragraph_16v91_10 layout-component text-serif-m layout-normal text-sans-m layout-padded\">De mener at alt for mye liv har forsvunnet i fjorden.<\/p>\n<p class=\"_paragraph_o9xde_4 _paragraph_xtcu6_10 _paragraph_16v91_10 layout-component text-serif-m layout-normal text-sans-m layout-padded\">I tillegg til fiskestans i store deler av fjorden mener de at vi m\u00e5 rydde plast, restaurere natur, bevare strandsonen, skjerpe innsatsen mot forurensing og avrenning fra landbruket.<\/p>\n<p class=\"_paragraph_o9xde_4 _paragraph_xtcu6_10 _paragraph_16v91_10 layout-component text-serif-m layout-normal text-sans-m layout-padded\">I omr\u00e5dene er heller ikke fritidsfiske lov, heller ikke \u00e5 fiske med stang fra land.<\/p>\n<p class=\"_paragraph_o9xde_4 _paragraph_xtcu6_10 _paragraph_16v91_10 layout-component text-serif-m layout-normal text-sans-m layout-padded\">I tillegg har man satt begrensing p\u00e5 antall teiner fra ti til fem hummerteiner per privatperson fra neste \u00e5r, i omr\u00e5dene som ligger utenfor nullfiskeomr\u00e5det.<\/p>\n<p>Vis mer<\/p>\n<p class=\"_paragraph_o9xde_4 _paragraph_xtcu6_10 layout-component text-serif-m layout-normal text-serif-m layout-padded\">For Bekkevik utgj\u00f8r hummerfisket halvparten av inntektene i oktober og november. Resten av sesongen fisker han reker, eller rek som han sier.<\/p>\n<p class=\"_paragraph_o9xde_4 _paragraph_xtcu6_10 layout-component text-serif-m layout-normal text-serif-m layout-padded\">\u2013 Hummer er 50 prosent av inntektene mine i oktober og november. Og det er en biinntekt, siden jeg ikke har mer kvoter \u00e5 fiske rek p\u00e5. <\/p>\n<p><img alt=\"\" class=\"_image_qp4xg_65 layout-component layout-right\" data-fullscreen- data-track-element-type=\"Article image fullscreen\" data-track-name=\"ImageFullscreen\" decoding=\"async\" loading=\"lazy\" height=\"4000\" itemprop=\"image\"  src=\"https:\/\/www.europesays.com\/no\/wp-content\/uploads\/2025\/12\/0e75da00-af48-4491-a1ef-11ce0f3487df\"  style=\"object-position:0% 0%\" width=\"4367\"\/><img alt=\"Foto: Fredrik Solstad \/ VG\" class=\"_image_qp4xg_65 layout-component layout-left\" data-fullscreen- data-track-element-type=\"Article image fullscreen\" data-track-name=\"ImageFullscreen\" decoding=\"async\" loading=\"lazy\" height=\"3742\" itemprop=\"image\"  src=\"https:\/\/www.europesays.com\/no\/wp-content\/uploads\/2025\/12\/6e2bed74-3875-4b70-afc1-dbb9f7a359d2\"  style=\"object-position:0% 0%\" width=\"4988\"\/>Foto: Fredrik Solstad \/ VG Millioninntekter p\u00e5 spill<\/p>\n<p class=\"_paragraph_o9xde_4 _paragraph_xtcu6_10 layout-component text-serif-m layout-normal text-serif-m layout-padded\">Utg\u00e5rdskilen p\u00e5 Vester\u00f8y p\u00e5 Hvaler er et tettsted med dr\u00f8yt 300 innbyggere. Her ligger de r\u00f8de b\u00e5thusene p\u00e5 brygga p\u00e5 rad og rekke og speiler seg i den r\u00f8de morgensolen. P\u00e5 brygga ligger ogs\u00e5 fiskemottaket Fjordfisk AS.<\/p>\n<p class=\"_paragraph_o9xde_4 _paragraph_xtcu6_10 layout-component text-serif-m layout-normal text-serif-m layout-padded\">Kurt Allan Hansen er daglig leder og har oversikt over tallene i hummerfiske. Ti fiskeb\u00e5ter har levert 6 000 hummere p\u00e5 syv og en halv uke.<\/p>\n<p class=\"_paragraph_o9xde_4 _paragraph_xtcu6_10 layout-component text-serif-m layout-normal text-serif-m layout-padded\">\u2013 De ti fiskerne har tjent 1,3 millioner kroner. Det er en \u00f8kning p\u00e5 28,3 prosent fra et godt fjor\u00e5r, sier Hansen.<\/p>\n<p><img alt=\"Foto: Fredrik Solstad \/ VG\" class=\"_image_qp4xg_65 layout-component layout-fullscreen\" data-fullscreen- data-track-element-type=\"Article image fullscreen\" data-track-name=\"ImageFullscreen\" decoding=\"async\" loading=\"lazy\" height=\"3615\" itemprop=\"image\"  src=\"https:\/\/www.europesays.com\/no\/wp-content\/uploads\/2025\/12\/18bb3f7b-d962-4c90-9836-1f0bfea80a2f\"  style=\"object-position:46.51810584958218% 54.70262793914247%\" width=\"2154\"\/>Foto: Fredrik Solstad \/ VG<\/p>\n<p class=\"_paragraph_o9xde_4 _paragraph_xtcu6_10 layout-component text-serif-m layout-normal text-serif-m layout-padded\">Han kaller det som skjer for \u00abgalskap\u00bb.<\/p>\n<p class=\"_paragraph_o9xde_4 _paragraph_xtcu6_10 layout-component text-serif-m layout-normal text-serif-m layout-padded\">\u2013 Det er galskap \u00e5 legge ned dette fiskeriet. Hvor skal de fiske til slutt, og hvor mange skal fiske p\u00e5 de samme plassene, sp\u00f8r Hansen.<\/p>\n<p><img decoding=\"async\" alt=\"Bilde av Kurt Allan Hansen\" class=\"_image_ygndg_42\" height=\"60\" itemprop=\"image\" loading=\"lazy\"  src=\"https:\/\/www.europesays.com\/no\/wp-content\/uploads\/2025\/12\/beaa7e03-98d6-4b56-a979-09623a17e62d\"  width=\"40\"\/><strong class=\"_name_ygndg_51 title-serif-xs\">Kurt Allan Hansen<\/strong><\/p>\n<p class=\"_paragraph_o9xde_4 text-sans-m _description_ygndg_56\">Daglig leder Fjordfisk AS<\/p>\n<p> Ser mye liv<\/p>\n<p class=\"_paragraph_o9xde_4 _paragraph_xtcu6_10 layout-component text-serif-m layout-normal text-serif-m layout-padded\">Bekkevik mener det er mer liv i havet enn det myndighetene hevder. Han viser til at de ser store mengder sj\u00f8fugl og sel.<\/p>\n<p class=\"_paragraph_o9xde_4 _paragraph_xtcu6_10 layout-component text-serif-m layout-normal text-serif-m layout-padded\">\u2013 Jeg tenker at det kan jo ikke v\u00e6re s\u00e5 lite fisk. Skarven er en kjempeflink fiskespiser, og m\u00e5ken og selen lever ogs\u00e5, sier han.<\/p>\n<p class=\"_paragraph_o9xde_4 _paragraph_xtcu6_10 layout-component text-serif-m layout-normal text-serif-m layout-padded\">Vi driver forbi en holme med minst ti seler som ligger og slapper av p\u00e5 svaberget. En sel stikker hodet opp av vannet og ser p\u00e5 oss.<\/p>\n<p class=\"_paragraph_o9xde_4 _paragraph_xtcu6_10 layout-component text-serif-m layout-normal text-serif-m layout-padded\">\u2013 Han der er den virkelig store fiskespiseren, sier Bekkevik med et blunk i \u00f8yet. <\/p>\n<p class=\"_paragraph_o9xde_4 _paragraph_xtcu6_10 layout-component text-serif-m layout-normal text-serif-m layout-padded\"> Under det siste fisket s\u00e5 de hundrevis av fugler av p\u00e5 ett skj\u00e6r. Mest m\u00e5ker og skarv.<\/p>\n<p><img alt=\"\" class=\"_image_qp4xg_65 layout-component layout-left\" data-fullscreen- data-track-element-type=\"Article image fullscreen\" data-track-name=\"ImageFullscreen\" decoding=\"async\" loading=\"lazy\" height=\"2223\" itemprop=\"image\"  src=\"https:\/\/www.europesays.com\/no\/wp-content\/uploads\/2025\/12\/c84391ad-3b50-4630-a252-12ef315da5e2\"  style=\"object-position:0% 0%\" width=\"2224\"\/><img alt=\"Foto: Fredrik Solstad \/ VG\" class=\"_image_qp4xg_65 layout-component layout-right\" data-fullscreen- data-track-element-type=\"Article image fullscreen\" data-track-name=\"ImageFullscreen\" decoding=\"async\" loading=\"lazy\" height=\"2657\" itemprop=\"image\"  src=\"https:\/\/www.europesays.com\/no\/wp-content\/uploads\/2025\/12\/6a693e69-ddfd-44ea-ab20-601b81d1ce6f\"  style=\"object-position:0% 0%\" width=\"2471\"\/>Foto: Fredrik Solstad \/ VG<\/p>\n<p class=\"_paragraph_o9xde_4 _paragraph_xtcu6_10 layout-component text-serif-m layout-normal text-serif-m layout-padded\">De er overbeviste om at det har blitt mye mer sel. Snart kommer vi forbi en holme til, ogs\u00e5 den med 7\u20138 sel.<\/p>\n<p class=\"_paragraph_o9xde_4 _paragraph_xtcu6_10 layout-component text-serif-m layout-normal text-serif-m layout-padded\">\u2013 Vi kan ganske mye om farvannet her. Jeg har vel en 90.000 timer her ute, sier kapteinen p\u00e5 Victhor.<\/p>\n<p><img decoding=\"async\" alt=\"Bilde av Kjell Tormod Nilssen\" class=\"_image_ygndg_42\" height=\"40\" itemprop=\"image\" loading=\"lazy\"  src=\"https:\/\/www.europesays.com\/no\/wp-content\/uploads\/2025\/12\/5bcf29a8-9ae7-42a5-b9a8-bf5b0524af53\"  width=\"40\"\/><strong class=\"_name_ygndg_51 title-serif-xs\">Kjell Tormod Nilssen<\/strong><\/p>\n<p class=\"_paragraph_o9xde_4 text-sans-m _description_ygndg_56\">Forsker ved Havforskningsinstituttet.<\/p>\n<p class=\"_paragraph_o9xde_4 _paragraph_xtcu6_10 layout-component text-serif-m layout-normal text-serif-m layout-padded\">\u2013 Det er en kraftig \u00f8kning, en dobling av i selbestanden i \u00d8stfold siden 1999, forteller Kjell Tormod Nilssen ved Havforskningsinstituttet til VG.<\/p>\n<p class=\"_paragraph_o9xde_4 _paragraph_xtcu6_10 layout-component text-serif-m layout-normal text-serif-m layout-padded\">Han forteller at \u00f8kningen skyldes en migrasjon fra s\u00f8rlige omr\u00e5der i Skagerak til Norge.<\/p>\n<p class=\"_paragraph_o9xde_4 _paragraph_xtcu6_10 layout-component text-serif-m layout-normal text-serif-m layout-padded\">\u2013 Sp\u00f8rsm\u00e5let om hvor mye selen spiser er ikke helt relevant, fordi den spiser kun 4 prosent torsk.<\/p>\n<p><img alt=\"Foto: Fredrik Solstad \/ VG\" class=\"_image_qp4xg_65 layout-component layout-fullscreen\" data-fullscreen- data-track-element-type=\"Article image fullscreen\" data-track-name=\"ImageFullscreen\" decoding=\"async\" loading=\"lazy\" height=\"2537\" itemprop=\"image\"  src=\"https:\/\/www.europesays.com\/no\/wp-content\/uploads\/2025\/12\/7c5e93bc-9753-477b-9371-0583d32c9cb6\"  style=\"object-position:48.76712328767123% 52.95624753646039%\" width=\"1825\"\/>Foto: Fredrik Solstad \/ VG<\/p>\n<p class=\"_paragraph_o9xde_4 _paragraph_xtcu6_10 layout-component text-serif-m layout-normal text-serif-m layout-padded\">\u2013  Steinkobben  SteinkobbenSteinkobbe er den vanligste selarten langs norskekysten. Den er i dag utbredt p\u00e5 hele den nordlige halvkule. spiser mest sm\u00e5fisk opp til 25 cm, men ogs\u00e5 annen fisk den kommer over. Siste telling i 2022 viste nesten 700 sel p\u00e5 \u00f8stsiden av Oslofjorden. Man kan regne med at en sel spiser mellom 2 og 4 kg fisk per dag.<\/p>\n<p class=\"_paragraph_o9xde_4 _paragraph_xtcu6_10 layout-component text-serif-m layout-normal text-serif-m layout-padded\">Nilssen forteller ogs\u00e5 at det ikke finnes noen n\u00f8yaktige fiskem\u00e5linger som sier noe om hvor mye fisk det er i dette omr\u00e5det.<\/p>\n<p>    Ingen tvil<\/p>\n<p class=\"_paragraph_o9xde_4 _paragraph_xtcu6_10 layout-component text-serif-m layout-normal text-serif-m layout-padded\">VG sp\u00f8r milj\u00f8- og samferdselsbyr\u00e5d i Oslo Marit Vea (V), om det er rimelig \u00e5 ramme fiskerne s\u00e5 hardt da det samtidig er mange andre arter som forsyner seg av havet.<\/p>\n<p class=\"_paragraph_o9xde_4 _paragraph_xtcu6_10 layout-component text-serif-m layout-normal text-serif-m layout-padded\">\u2013 Det er ikke tvil om at fiskerne tar en stor kostnad for \u00e5 redde fjorden, og det m\u00e5 staten s\u00f8rge for \u00e5 kompensere dem for. Men forskerne er tydelige: Fiske og tr\u00e5ling er en del av problemet for fjorden.<\/p>\n<p><img decoding=\"async\" alt=\"Bilde av Marit Kristine Vea (V)\" class=\"_image_ygndg_42\" height=\"27\" itemprop=\"image\" loading=\"lazy\"  src=\"https:\/\/www.europesays.com\/no\/wp-content\/uploads\/2025\/12\/4fc921c2-7072-437e-b850-56cf71ab03a4\"  width=\"40\"\/><strong class=\"_name_ygndg_51 title-serif-xs\">Marit Kristine Vea (V)<\/strong><\/p>\n<p class=\"_paragraph_o9xde_4 text-sans-m _description_ygndg_56\">Byr\u00e5d for milj\u00f8 og samferdsel i Oslo<\/p>\n<p class=\"_paragraph_o9xde_4 _paragraph_xtcu6_10 layout-component text-serif-m layout-normal text-serif-m layout-padded\">Hvordan vil Oslofjorden v\u00e6re om fem eller ti \u00e5r med forbudet?<\/p>\n<p class=\"_paragraph_o9xde_4 _paragraph_xtcu6_10 layout-component text-serif-m layout-normal text-serif-m layout-padded\">\u2013 Vi vet at vern virker. H\u00e5pet er at livet i fjorden n\u00e5 gradvis vil komme tilbake. Men samtidig er det ingen som tror at fiskeforbud alene vil redde fjorden, skriver Vea.<\/p>\n<p class=\"_paragraph_o9xde_4 _paragraph_xtcu6_10 layout-component text-serif-m layout-normal text-serif-m layout-padded\">Hun p\u00e5peker at regjeringen m\u00e5 s\u00f8rge for at det blir rensing av vann- og avl\u00f8psannlegg og f\u00e5 ned forurensningen fra landbruket. <\/p>\n<p class=\"_paragraph_o9xde_4 _paragraph_xtcu6_10 layout-component text-serif-m layout-normal text-serif-m layout-padded\">\u2013 Jeg har stor forst\u00e5else for at totalforbud er inngripende for fiskerne. Men at forbudet trengs er det ikke tvil om.<\/p>\n<p><img alt=\"\" class=\"_image_qp4xg_65 layout-component layout-left\" data-fullscreen- data-track-element-type=\"Article image fullscreen\" data-track-name=\"ImageFullscreen\" decoding=\"async\" loading=\"lazy\" height=\"3861\" itemprop=\"image\"  src=\"https:\/\/www.europesays.com\/no\/wp-content\/uploads\/2025\/12\/5b4638e2-1e51-4129-b105-fcd3c0fc2f54\"  style=\"object-position:42.34619140625% 41.297591297591296%\" width=\"4096\"\/><img alt=\"Foto: Fredrik Solstad \/ VG\" class=\"_image_qp4xg_65 layout-component layout-right\" data-fullscreen- data-track-element-type=\"Article image fullscreen\" data-track-name=\"ImageFullscreen\" decoding=\"async\" loading=\"lazy\" height=\"3971\" itemprop=\"image\"  src=\"https:\/\/www.europesays.com\/no\/wp-content\/uploads\/2025\/12\/1a617432-586c-48e1-9e9d-cd81c51383e0\"  style=\"object-position:0% 0%\" width=\"3972\"\/>Foto: Fredrik Solstad \/ VG Rammer mange<\/p>\n<p class=\"_paragraph_o9xde_4 _paragraph_xtcu6_10 layout-component text-serif-m layout-normal text-serif-m layout-padded\">Forbudet rammer ikke bare yrkesfiskere. Store omr\u00e5der fra Moss og Horten og innover blir stengt for hummerfiske.<\/p>\n<p class=\"_paragraph_o9xde_4 _paragraph_xtcu6_10 layout-component text-serif-m layout-normal text-serif-m layout-padded\">\u2013 Det gjelder b\u00e5de jeg som yrkesfisker, og han hobbyfiskeren og bestefaren med barnebarna som ikke kan dra ut og fiske hummer, sier Bekkevik.<\/p>\n<p class=\"_paragraph_o9xde_4 _paragraph_xtcu6_10 layout-component text-serif-m layout-normal text-serif-m layout-padded\">Rundt 1,6 millioner mennesker bor rundt Oslofjorden. Bekkevik peker p\u00e5 at selv om en liten andel nyter sj\u00f8en rundt Oslofjorden, rammer det fortsatt en god del mennesker.<\/p>\n<p class=\"_paragraph_o9xde_4 _paragraph_xtcu6_10 layout-component text-serif-m layout-normal text-serif-m layout-padded\">\u2013 Hvis 2-3 prosent av dem syns det er moro \u00e5 v\u00e6re p\u00e5 havet, s\u00e5 er det mange mennesker. Og n\u00e5 f\u00e5r man ikke engang lov til \u00e5 fiske sin egen makrell til \u00e5 ha p\u00e5 grillen til sankthans. Det er fullstendig galskap, sier han.<\/p>\n","protected":false},"excerpt":{"rendered":"De ti fiskeb\u00e5tene i Utg\u00e5rdskilen har solgt hummer for 1,3 millioner kroner i h\u00f8st. Snart er det slutt.&hellip;\n","protected":false},"author":2,"featured_media":101839,"comment_status":"","ping_status":"","sticky":false,"template":"","format":"standard","meta":{"footnotes":""},"categories":[10],"tags":[20,21,24,25,3288,15,7615,7224,22,23,13,30,28,29,14,964,16,26,27,46],"class_list":{"0":"post-101838","1":"post","2":"type-post","3":"status-publish","4":"format-standard","5":"has-post-thumbnail","7":"category-norge","8":"tag-breaking-news","9":"tag-breakingnews","10":"tag-featured-news","11":"tag-featurednews","12":"tag-fiskeri","13":"tag-headlines","14":"tag-hummar","15":"tag-hummer","16":"tag-latest-news","17":"tag-latestnews","18":"tag-news","19":"tag-no","20":"tag-norge","21":"tag-norway","22":"tag-nyheter","23":"tag-oslofjorden","24":"tag-overskrifter","25":"tag-top-stories","26":"tag-topstories","27":"tag-vgai"},"share_on_mastodon":{"url":"https:\/\/pubeurope.com\/@no\/115646914632807997","error":""},"_links":{"self":[{"href":"https:\/\/www.europesays.com\/no\/wp-json\/wp\/v2\/posts\/101838","targetHints":{"allow":["GET"]}}],"collection":[{"href":"https:\/\/www.europesays.com\/no\/wp-json\/wp\/v2\/posts"}],"about":[{"href":"https:\/\/www.europesays.com\/no\/wp-json\/wp\/v2\/types\/post"}],"author":[{"embeddable":true,"href":"https:\/\/www.europesays.com\/no\/wp-json\/wp\/v2\/users\/2"}],"replies":[{"embeddable":true,"href":"https:\/\/www.europesays.com\/no\/wp-json\/wp\/v2\/comments?post=101838"}],"version-history":[{"count":0,"href":"https:\/\/www.europesays.com\/no\/wp-json\/wp\/v2\/posts\/101838\/revisions"}],"wp:featuredmedia":[{"embeddable":true,"href":"https:\/\/www.europesays.com\/no\/wp-json\/wp\/v2\/media\/101839"}],"wp:attachment":[{"href":"https:\/\/www.europesays.com\/no\/wp-json\/wp\/v2\/media?parent=101838"}],"wp:term":[{"taxonomy":"category","embeddable":true,"href":"https:\/\/www.europesays.com\/no\/wp-json\/wp\/v2\/categories?post=101838"},{"taxonomy":"post_tag","embeddable":true,"href":"https:\/\/www.europesays.com\/no\/wp-json\/wp\/v2\/tags?post=101838"}],"curies":[{"name":"wp","href":"https:\/\/api.w.org\/{rel}","templated":true}]}}