{"id":101840,"date":"2025-12-01T23:52:11","date_gmt":"2025-12-01T23:52:11","guid":{"rendered":"https:\/\/www.europesays.com\/no\/101840\/"},"modified":"2025-12-01T23:52:11","modified_gmt":"2025-12-01T23:52:11","slug":"fylkestopp-fikk-milliongevinst-fvn-no","status":"publish","type":"post","link":"https:\/\/www.europesays.com\/no\/101840\/","title":{"rendered":"Fylkes\u00adtopp fikk million\u00adgevinst &#8211; fvn.no"},"content":{"rendered":"<p>Det er <a href=\"https:\/\/www.nrk.no\/sorlandet\/xl\/inhabil-veisjef-ble-mangemillionaer-1.17671363\" rel=\"noopener nofollow\" target=\"_blank\">NRK<\/a> som avsl\u00f8rer at Olsbu har hatt en dobbeltrolle i arbeidet med den s\u00e5kalte \u00abbatteriveien\u00bb i Arendal. Industriveien skal blant annet sikre Morrow bedre forbindelse til havnen. I september meldte <a href=\"https:\/\/www.fvn.no\/nyheter\/lokalt\/i\/yEQzEJ\/flertall-for-aa-betale-for-batteriveien\" rel=\"noopener nofollow\" target=\"_blank\">F\u00e6drelandsvennen<\/a> at et klart flertall av fylkespolitikerne st\u00f8tter byggingen av veien, som har en prislapp p\u00e5 651 millioner kroner. Fylkeskommunen skal dekke 456 millioner.<\/p>\n<p>Fikk utbetalt 11,8 mill<\/p>\n<p>For \u00e5 f\u00e5 plass til veien ble det snakk om at Agder Renovasjons avfallsanlegg m\u00e5tte flyttes. NRK kan n\u00e5 fortelle at Olsbu har f\u00e5tt utbetalt 11,8 millioner kroner for deler av sin eiendom p\u00e5 motsatt side av E18 fra den planlagte tras\u00e9en mellom E18 og Eydehavn.<\/p>\n<p>Dersom resten av eiendommen selges til samme form\u00e5l, kan Olsbus samlede gevinst overstige 30 millioner kroner.<\/p>\n<p>P\u00e5 et tidspunkt ba Ola Olsbu om \u00e5 f\u00e5 vurdert sin habilitet. Fylkeskommunen brukte if\u00f8lge <a href=\"https:\/\/www.nrk.no\/sorlandet\/xl\/inhabil-veisjef-ble-mangemillionaer-1.17671363\" rel=\"noopener nofollow\" target=\"_blank\">NRK<\/a> to m\u00e5neder p\u00e5 \u00e5 sl\u00e5 fast at han var inhabil, men ogs\u00e5 etter dette skal han ha engasjert seg i arbeidet med industriveien.<\/p>\n<p>\u2013 Burde informert tidligere<\/p>\n<p>Fylkesdirekt\u00f8r Tine Sundtoft, Olsbus \u00f8verste leder, sier til NRK at han burde ha informert langt tidligere om at han var inhabil. Jussprofessor Bj\u00f8rn Henning \u00d8stenstad ved Universitetet i Bergen sier at det ikke er noen tvil om at Olsbu var inhabil.<\/p>\n<p>Olsbu selv sier til NRK at han mener det er rimelig \u00e5 f\u00e5 betalt for verdifull grunn, og hevder at han i starten av prosessen ikke s\u00e5 noen kobling mellom industriveien og Arendal kommunes foresp\u00f8rsel om kj\u00f8p av tomt til flytting av renovasjonsanlegget.<\/p>\n","protected":false},"excerpt":{"rendered":"Det er NRK som avsl\u00f8rer at Olsbu har hatt en dobbeltrolle i arbeidet med den s\u00e5kalte \u00abbatteriveien\u00bb i&hellip;\n","protected":false},"author":2,"featured_media":101841,"comment_status":"","ping_status":"","sticky":false,"template":"","format":"standard","meta":{"footnotes":""},"categories":[5],"tags":[20,21,24,25,15,19,22,23,17,18,13,30,28,29,14,16,26,27],"class_list":{"0":"post-101840","1":"post","2":"type-post","3":"status-publish","4":"format-standard","5":"has-post-thumbnail","7":"category-overskrifter","8":"tag-breaking-news","9":"tag-breakingnews","10":"tag-featured-news","11":"tag-featurednews","12":"tag-headlines","13":"tag-hovedoppslag","14":"tag-latest-news","15":"tag-latestnews","16":"tag-main-news","17":"tag-mainnews","18":"tag-news","19":"tag-no","20":"tag-norge","21":"tag-norway","22":"tag-nyheter","23":"tag-overskrifter","24":"tag-top-stories","25":"tag-topstories"},"share_on_mastodon":{"url":"https:\/\/pubeurope.com\/@no\/115647004189790613","error":""},"_links":{"self":[{"href":"https:\/\/www.europesays.com\/no\/wp-json\/wp\/v2\/posts\/101840","targetHints":{"allow":["GET"]}}],"collection":[{"href":"https:\/\/www.europesays.com\/no\/wp-json\/wp\/v2\/posts"}],"about":[{"href":"https:\/\/www.europesays.com\/no\/wp-json\/wp\/v2\/types\/post"}],"author":[{"embeddable":true,"href":"https:\/\/www.europesays.com\/no\/wp-json\/wp\/v2\/users\/2"}],"replies":[{"embeddable":true,"href":"https:\/\/www.europesays.com\/no\/wp-json\/wp\/v2\/comments?post=101840"}],"version-history":[{"count":0,"href":"https:\/\/www.europesays.com\/no\/wp-json\/wp\/v2\/posts\/101840\/revisions"}],"wp:featuredmedia":[{"embeddable":true,"href":"https:\/\/www.europesays.com\/no\/wp-json\/wp\/v2\/media\/101841"}],"wp:attachment":[{"href":"https:\/\/www.europesays.com\/no\/wp-json\/wp\/v2\/media?parent=101840"}],"wp:term":[{"taxonomy":"category","embeddable":true,"href":"https:\/\/www.europesays.com\/no\/wp-json\/wp\/v2\/categories?post=101840"},{"taxonomy":"post_tag","embeddable":true,"href":"https:\/\/www.europesays.com\/no\/wp-json\/wp\/v2\/tags?post=101840"}],"curies":[{"name":"wp","href":"https:\/\/api.w.org\/{rel}","templated":true}]}}