{"id":101842,"date":"2025-12-01T23:59:12","date_gmt":"2025-12-01T23:59:12","guid":{"rendered":"https:\/\/www.europesays.com\/no\/101842\/"},"modified":"2025-12-01T23:59:12","modified_gmt":"2025-12-01T23:59:12","slug":"bondevik-spar-kabinettssporsmal-fra-store-i-budsjettkrisen-og-at-mdg-og-sv-boyer-av","status":"publish","type":"post","link":"https:\/\/www.europesays.com\/no\/101842\/","title":{"rendered":"Bondevik sp\u00e5r kabinettssp\u00f8rsm\u00e5l fra St\u00f8re i budsjettkrisen \u2013 og at MDG og SV b\u00f8yer av"},"content":{"rendered":"<p>    REGJERINGSKRISE: Kjell Magne Bondevik (KrF) har f\u00f8rsteh\u00e5nds erfaring med kabinettssp\u00f8rsm\u00e5l og budsjettkriser. Den tidligere statsministeren har ett stalltips om hva som skjer i kulissene n\u00e5.<\/p>\n<p>\n        KRF-NESTOR: Kjell Magne Bondevik var statsminister fra 1997\u20132000 og fra 2001\u20132005.<br \/>\n        Giulia Troisi\n    <\/p>\n<p>                Bestill abonnement her<\/p>\n<p>\n                    <a class=\"lab-paywall-teaser-offer-button\" href=\"http:\/\/kampanje.vl.no\/betalingsmur\" rel=\"nofollow noopener\" target=\"_blank\">KJ\u00d8P<\/a>\n                <\/p>\n","protected":false},"excerpt":{"rendered":"REGJERINGSKRISE: Kjell Magne Bondevik (KrF) har f\u00f8rsteh\u00e5nds erfaring med kabinettssp\u00f8rsm\u00e5l og budsjettkriser. Den tidligere statsministeren har ett stalltips&hellip;\n","protected":false},"author":2,"featured_media":101843,"comment_status":"","ping_status":"","sticky":false,"template":"","format":"standard","meta":{"footnotes":""},"categories":[5],"tags":[20,21,24,25,15,19,22,23,17,18,13,30,28,29,14,16,26,27],"class_list":{"0":"post-101842","1":"post","2":"type-post","3":"status-publish","4":"format-standard","5":"has-post-thumbnail","7":"category-overskrifter","8":"tag-breaking-news","9":"tag-breakingnews","10":"tag-featured-news","11":"tag-featurednews","12":"tag-headlines","13":"tag-hovedoppslag","14":"tag-latest-news","15":"tag-latestnews","16":"tag-main-news","17":"tag-mainnews","18":"tag-news","19":"tag-no","20":"tag-norge","21":"tag-norway","22":"tag-nyheter","23":"tag-overskrifter","24":"tag-top-stories","25":"tag-topstories"},"share_on_mastodon":{"url":"https:\/\/pubeurope.com\/@no\/115647031775197403","error":""},"_links":{"self":[{"href":"https:\/\/www.europesays.com\/no\/wp-json\/wp\/v2\/posts\/101842","targetHints":{"allow":["GET"]}}],"collection":[{"href":"https:\/\/www.europesays.com\/no\/wp-json\/wp\/v2\/posts"}],"about":[{"href":"https:\/\/www.europesays.com\/no\/wp-json\/wp\/v2\/types\/post"}],"author":[{"embeddable":true,"href":"https:\/\/www.europesays.com\/no\/wp-json\/wp\/v2\/users\/2"}],"replies":[{"embeddable":true,"href":"https:\/\/www.europesays.com\/no\/wp-json\/wp\/v2\/comments?post=101842"}],"version-history":[{"count":0,"href":"https:\/\/www.europesays.com\/no\/wp-json\/wp\/v2\/posts\/101842\/revisions"}],"wp:featuredmedia":[{"embeddable":true,"href":"https:\/\/www.europesays.com\/no\/wp-json\/wp\/v2\/media\/101843"}],"wp:attachment":[{"href":"https:\/\/www.europesays.com\/no\/wp-json\/wp\/v2\/media?parent=101842"}],"wp:term":[{"taxonomy":"category","embeddable":true,"href":"https:\/\/www.europesays.com\/no\/wp-json\/wp\/v2\/categories?post=101842"},{"taxonomy":"post_tag","embeddable":true,"href":"https:\/\/www.europesays.com\/no\/wp-json\/wp\/v2\/tags?post=101842"}],"curies":[{"name":"wp","href":"https:\/\/api.w.org\/{rel}","templated":true}]}}