{"id":101846,"date":"2025-12-02T00:34:08","date_gmt":"2025-12-02T00:34:08","guid":{"rendered":"https:\/\/www.europesays.com\/no\/101846\/"},"modified":"2025-12-02T00:34:08","modified_gmt":"2025-12-02T00:34:08","slug":"kjell-magne-bondevik-krf-bondevik-spar-kabinettssporsmal-om-budsjettet","status":"publish","type":"post","link":"https:\/\/www.europesays.com\/no\/101846\/","title":{"rendered":"Kjell Magne Bondevik, KrF | Bondevik sp\u00e5r kabinettssp\u00f8rsm\u00e5l om budsjettet"},"content":{"rendered":"\n<p>Overfor <a rel=\"noopener nofollow\" href=\"https:\/\/www.vl.no\/nyheter\/han-er-ekspert-pa-kabinettssporsmal-slik-tror-bondevik-at-budsjettkrisen-ender\/10086198?utm_campaign=Han+er+ekspert+p%C3%A5+kabinettssp%C3%B8rsm%C3%A5l+%E2%80%93+slik+tror+Bondevik+at+budsjettkrisen+ender&amp;utm_source=newsletter_make&amp;utm_medium=email&amp;utm_term=%0ALes+mer%0A&amp;utm_content=Han+er+ekspert+p%C3%A5+kabinettssp%C3%B8rsm%C3%A5l+%E2%80%93+slik+tror+Bondevik+at+budsjettkrisen+ender+lDEQ-TLhnrc51scH4zfouw\" target=\"_blank\">V\u00e5rt Land<\/a> uttrykker Bondevik overraskelse over at situasjonen har blitt s\u00e5 vanskelig allerede ved f\u00f8rste budsjettforhandling \u2013 selv om han regnet med at en s\u00e5 bred koalisjon ville m\u00f8te problemer.<\/p>\n<p>\u2013 For p\u00e5 en del omr\u00e5der er det langt mellom politikken til disse fem partiene, sier han.<\/p>\n<p>Bondevik var statsminister fra 1997 til 2000 og igjen fra 2001 til 2005. Han tydde da til kabinettssp\u00f8rsm\u00e5l.<\/p>\n<p>\u2013 Begge ganger fikk jeg klare indikasjoner p\u00e5 forh\u00e5nd om at de aktuelle partiene ville b\u00f8ye seg for kabinettssp\u00f8rsm\u00e5l og regjeringen overleve. Jeg vil tro at hvis St\u00f8re stiller kabinettssp\u00f8rsm\u00e5l p\u00e5 fredag, vil han pr\u00f8ve \u00e5 sikre seg det samme, sier Bondevik.<\/p>\n<p>Han mener at kabinettssp\u00f8rsm\u00e5l ikke skal brukes for ofte, fordi regjeringen mister autoritet, og han tror St\u00f8re vegrer seg for \u00e5 gj\u00f8re det. Likevel er sp\u00e5dommen til den tidligere statsministeren at det kan g\u00e5 mot kabinettssp\u00f8rsm\u00e5l om budsjettet fredag.<\/p>\n<p>\u2013 S\u00e5 kan det selvsagt hende at det kan l\u00f8ses p\u00e5 en annen m\u00e5te, sier Kjell Magne Bondevik.<\/p>\n","protected":false},"excerpt":{"rendered":"Overfor V\u00e5rt Land uttrykker Bondevik overraskelse over at situasjonen har blitt s\u00e5 vanskelig allerede ved f\u00f8rste budsjettforhandling \u2013&hellip;\n","protected":false},"author":2,"featured_media":101847,"comment_status":"","ping_status":"","sticky":false,"template":"","format":"standard","meta":{"footnotes":""},"categories":[5],"tags":[20,21,24,25,15,19,22,23,17,18,13,30,28,29,14,16,26,27],"class_list":{"0":"post-101846","1":"post","2":"type-post","3":"status-publish","4":"format-standard","5":"has-post-thumbnail","7":"category-overskrifter","8":"tag-breaking-news","9":"tag-breakingnews","10":"tag-featured-news","11":"tag-featurednews","12":"tag-headlines","13":"tag-hovedoppslag","14":"tag-latest-news","15":"tag-latestnews","16":"tag-main-news","17":"tag-mainnews","18":"tag-news","19":"tag-no","20":"tag-norge","21":"tag-norway","22":"tag-nyheter","23":"tag-overskrifter","24":"tag-top-stories","25":"tag-topstories"},"share_on_mastodon":{"url":"https:\/\/pubeurope.com\/@no\/115647169388207826","error":""},"_links":{"self":[{"href":"https:\/\/www.europesays.com\/no\/wp-json\/wp\/v2\/posts\/101846","targetHints":{"allow":["GET"]}}],"collection":[{"href":"https:\/\/www.europesays.com\/no\/wp-json\/wp\/v2\/posts"}],"about":[{"href":"https:\/\/www.europesays.com\/no\/wp-json\/wp\/v2\/types\/post"}],"author":[{"embeddable":true,"href":"https:\/\/www.europesays.com\/no\/wp-json\/wp\/v2\/users\/2"}],"replies":[{"embeddable":true,"href":"https:\/\/www.europesays.com\/no\/wp-json\/wp\/v2\/comments?post=101846"}],"version-history":[{"count":0,"href":"https:\/\/www.europesays.com\/no\/wp-json\/wp\/v2\/posts\/101846\/revisions"}],"wp:featuredmedia":[{"embeddable":true,"href":"https:\/\/www.europesays.com\/no\/wp-json\/wp\/v2\/media\/101847"}],"wp:attachment":[{"href":"https:\/\/www.europesays.com\/no\/wp-json\/wp\/v2\/media?parent=101846"}],"wp:term":[{"taxonomy":"category","embeddable":true,"href":"https:\/\/www.europesays.com\/no\/wp-json\/wp\/v2\/categories?post=101846"},{"taxonomy":"post_tag","embeddable":true,"href":"https:\/\/www.europesays.com\/no\/wp-json\/wp\/v2\/tags?post=101846"}],"curies":[{"name":"wp","href":"https:\/\/api.w.org\/{rel}","templated":true}]}}