{"id":101850,"date":"2025-12-02T00:48:12","date_gmt":"2025-12-02T00:48:12","guid":{"rendered":"https:\/\/www.europesays.com\/no\/101850\/"},"modified":"2025-12-02T00:48:12","modified_gmt":"2025-12-02T00:48:12","slug":"akuttovernattingen-i-oslo-reddes","status":"publish","type":"post","link":"https:\/\/www.europesays.com\/no\/101850\/","title":{"rendered":"Akuttovernattingen i Oslo reddes"},"content":{"rendered":"\n<p class=\"_lead_o9xde_2 _lead_xtcu6_50 layout-component text-serif-m layout-normal text-serif-l layout-component layout-wide layout-padded _wide_17hqh_1 layout-padded\">Ap, Sp og R\u00f8dt foresl\u00e5r i budsjettforslaget sitt \u00e5 reversere kutt som ville f\u00f8rt til nedleggelse av akuttovernattingen i fire byer. <\/p>\n<p><img alt=\" Foto: G\u00f8ran Bohlin \/ VG\" class=\"_image_qp4xg_65 layout-component layout-wide\" data-fullscreen- data-track-element-type=\"Article image fullscreen\" data-track-name=\"ImageFullscreen\" fetchpriority=\"high\" decoding=\"sync\" loading=\"eager\" height=\"5504\" itemprop=\"image\"  src=\"https:\/\/www.europesays.com\/no\/wp-content\/uploads\/2025\/12\/092f77ac-6461-42a5-852b-afdd20240cd1\"  style=\"object-position:0% 0%\" width=\"6860\"\/> Foto: G\u00f8ran Bohlin \/ VG<\/p>\n<ul aria-hidden=\"true\" class=\"_images_1uft6_111\">\n<li><a class=\"_link_1uft6_116\" href=\"https:\/\/www.vg.no\/forfatter\/goeran-bohlin-2\" style=\"z-index:1\" title=\"G\u00f8ran Bohlin\" rel=\"nofollow noopener\" target=\"_blank\"><img alt=\"Bilde av G\u00f8ran Bohlin\" class=\"_image_1uft6_93\" fetchpriority=\"low\" loading=\"lazy\" decoding=\"async\" itemprop=\"image\"  src=\"https:\/\/www.europesays.com\/no\/wp-content\/uploads\/2025\/12\/b5d71325-cc19-4421-8838-7c2f8ec2f754\"  width=\"480\"\/><\/a><\/li>\n<\/ul>\n<p> Oppdatert mandag 1. desember kl. 22:38    <\/p>\n<ul class=\"_list_o9xde_3 _list_64s2r_85 _unordered_o9xde_106 text-sans-m\">\n<li class=\"_item_o9xde_30\">Ap, Sp og R\u00f8dt foresl\u00e5r \u00e5 videref\u00f8re tilskuddet til humanit\u00e6re tiltak for E\u00d8S-borgere<\/li>\n<li class=\"_item_o9xde_30\">Dette betyr blant annet at Kirkens Bymisjon kan drifte akuttovernattingen i Oslo, Bergen, Drammen og Kristiansand.<\/li>\n<li class=\"_item_o9xde_30\">Partiene trenger st\u00f8tte fra SV og MDG for \u00e5 f\u00e5 forslaget vedtatt.<\/li>\n<\/ul>\n<p>Vis mer <\/p>\n<p class=\"_paragraph_o9xde_4 _paragraph_xtcu6_10 layout-component text-serif-m layout-normal text-serif-m layout-padded\">Etter at regjeringen f\u00f8rst foreslo kutt, vil de n\u00e5 likevel videref\u00f8re tilskuddet til humanit\u00e6re tiltak for E\u00d8S-borgere i 2026. Det kommer frem i forliket mellom Arbeiderpartiet, Senterpartiet og R\u00f8dt.<\/p>\n<p class=\"_paragraph_o9xde_4 _paragraph_xtcu6_10 layout-component text-serif-m layout-normal text-serif-m layout-padded\">Partiene har ikke flertall og m\u00e5 ha st\u00f8tte fra SV og MDG. <\/p>\n<p class=\"_paragraph_o9xde_4 _paragraph_xtcu6_10 layout-component text-serif-m layout-normal text-serif-m layout-padded\">Det betyr at beboer Emilia og de andre personene <a href=\"https:\/\/www.vg.no\/nyheter\/i\/3pkqgd\/kirkens-bymisjon-frykter-de-maa-legge-ned-akuttovernattingen-i-oslo-vi-kommer-til-aa-fryse-i-hjel\" data-track-element-type=\"Link\" data-track-id=\"link:3pkqgd\" class=\"_link_o9xde_39\" rel=\"nofollow noopener\" target=\"_blank\">VG skrev om fredag<\/a> fremdeles vil ha en seng \u00e5 komme til p\u00e5 akuttovernattingen til <a href=\"https:\/\/www.vg.no\/tag\/kirkens-bymisjon?utm_source=vg-article&amp;utm_medium=auto-tagger&amp;utm_campaign=8pl4ew\" class=\"_link_o9xde_39\" rel=\"nofollow noopener\" target=\"_blank\">Kirkens Bymisjon<\/a> i Oslo. <\/p>\n<p class=\"_paragraph_o9xde_4 _paragraph_xtcu6_10 layout-component text-serif-m layout-normal text-serif-m layout-padded\">\u2013 Jeg ber p\u00e5 mine kn\u00e6r til regjeringen om at denne plassen ikke blir lagt ned, skjer det s\u00e5 er vi ferdige \u2013 vi kommer til \u00e5 fryse i hjel, sa Emilia til VG. <\/p>\n<p class=\"_paragraph_o9xde_4 _paragraph_xtcu6_10 layout-component text-serif-m layout-normal text-serif-m layout-padded\">I det opprinnelige forslaget foreslo Arbeiderpartiet \u00e5 kutte ordningen med 10 millioner kroner. <\/p>\n<p class=\"_paragraph_o9xde_4 _paragraph_xtcu6_10 layout-component text-serif-m layout-normal text-serif-m layout-padded\">En konsekvens ville v\u00e6rt at gjestene m\u00f8tte stengte d\u00f8rer der Kirkens Bymisjon driver akuttovernatting. Dette er Oslo, Bergen, Drammen og Kristiansand.<\/p>\n<p class=\"_paragraph_o9xde_4 _paragraph_xtcu6_10 layout-component text-serif-m layout-normal text-serif-m layout-padded\">Budsjettforslaget til Ap, Sp og R\u00f8dt inneb\u00e6rer at tilskuddet for 2026 blir det samme som i \u00e5r, alts\u00e5 25 millioner kroner. Kirkens Bymisjon fikk i 2025 omtrent halvparten av pengene, 12,7 millioner kroner.<\/p>\n<p class=\"_paragraph_o9xde_4 _paragraph_xtcu6_10 layout-component text-serif-m layout-normal text-serif-m layout-padded\">\u2013 Jeg er superglad og lettet for at flere partier s\u00e5 tydelig erkjenner betydningen av dette arbeidet, sier Marit Nyb\u00f8 i Kirkens Bymisjon til VG, men hun er ikke rolig f\u00f8r det blir vedtatt i Stortinget. <\/p>\n","protected":false},"excerpt":{"rendered":"Ap, Sp og R\u00f8dt foresl\u00e5r i budsjettforslaget sitt \u00e5 reversere kutt som ville f\u00f8rt til nedleggelse av akuttovernattingen&hellip;\n","protected":false},"author":2,"featured_media":101851,"comment_status":"","ping_status":"","sticky":false,"template":"","format":"standard","meta":{"footnotes":""},"categories":[5],"tags":[20,21,24,25,15,19,12712,22,23,17,18,13,30,28,281,29,14,16,26,27],"class_list":{"0":"post-101850","1":"post","2":"type-post","3":"status-publish","4":"format-standard","5":"has-post-thumbnail","7":"category-overskrifter","8":"tag-breaking-news","9":"tag-breakingnews","10":"tag-featured-news","11":"tag-featurednews","12":"tag-headlines","13":"tag-hovedoppslag","14":"tag-kirkens-bymisjon","15":"tag-latest-news","16":"tag-latestnews","17":"tag-main-news","18":"tag-mainnews","19":"tag-news","20":"tag-no","21":"tag-norge","22":"tag-norsk-politikk","23":"tag-norway","24":"tag-nyheter","25":"tag-overskrifter","26":"tag-top-stories","27":"tag-topstories"},"share_on_mastodon":{"url":"https:\/\/pubeurope.com\/@no\/115647224549679916","error":""},"_links":{"self":[{"href":"https:\/\/www.europesays.com\/no\/wp-json\/wp\/v2\/posts\/101850","targetHints":{"allow":["GET"]}}],"collection":[{"href":"https:\/\/www.europesays.com\/no\/wp-json\/wp\/v2\/posts"}],"about":[{"href":"https:\/\/www.europesays.com\/no\/wp-json\/wp\/v2\/types\/post"}],"author":[{"embeddable":true,"href":"https:\/\/www.europesays.com\/no\/wp-json\/wp\/v2\/users\/2"}],"replies":[{"embeddable":true,"href":"https:\/\/www.europesays.com\/no\/wp-json\/wp\/v2\/comments?post=101850"}],"version-history":[{"count":0,"href":"https:\/\/www.europesays.com\/no\/wp-json\/wp\/v2\/posts\/101850\/revisions"}],"wp:featuredmedia":[{"embeddable":true,"href":"https:\/\/www.europesays.com\/no\/wp-json\/wp\/v2\/media\/101851"}],"wp:attachment":[{"href":"https:\/\/www.europesays.com\/no\/wp-json\/wp\/v2\/media?parent=101850"}],"wp:term":[{"taxonomy":"category","embeddable":true,"href":"https:\/\/www.europesays.com\/no\/wp-json\/wp\/v2\/categories?post=101850"},{"taxonomy":"post_tag","embeddable":true,"href":"https:\/\/www.europesays.com\/no\/wp-json\/wp\/v2\/tags?post=101850"}],"curies":[{"name":"wp","href":"https:\/\/api.w.org\/{rel}","templated":true}]}}