{"id":101854,"date":"2025-12-02T01:00:18","date_gmt":"2025-12-02T01:00:18","guid":{"rendered":"https:\/\/www.europesays.com\/no\/101854\/"},"modified":"2025-12-02T01:00:18","modified_gmt":"2025-12-02T01:00:18","slug":"russland-hevder-de-har-tatt-pokrovsk-i-ukraina","status":"publish","type":"post","link":"https:\/\/www.europesays.com\/no\/101854\/","title":{"rendered":"Russland hevder de har tatt Pokrovsk i Ukraina"},"content":{"rendered":"\n<p class=\"_lead_o9xde_2 _lead_xtcu6_50 layout-component text-serif-m layout-normal text-serif-l layout-component layout-wide layout-padded _wide_17hqh_1 layout-padded\">Kreml hevder det russiske milit\u00e6ret har erobret det strategiske knutepunktet Pokrovsk etter ett \u00e5rs intense kamper. <\/p>\n<p><img alt=\"Ukrainske soldater p\u00e5 en ATV i n\u00e6rheten av frontlinjen ved Pokrovsk, som Russland n\u00e5 hevder de har tatt kontroll over.  Foto: Anatolii Stepanov \/ Reuters \/ NTB\" class=\"_image_qp4xg_65 layout-component layout-wide\" data-fullscreen- data-track-element-type=\"Article image fullscreen\" data-track-name=\"ImageFullscreen\" fetchpriority=\"high\" decoding=\"sync\" loading=\"eager\" height=\"4000\" itemprop=\"image\"  src=\"https:\/\/www.europesays.com\/no\/wp-content\/uploads\/2025\/12\/b875cec6-4c6e-48d5-b2bf-a204a7bce5a9\"  style=\"object-position:0% 0%\" width=\"5908\"\/>Ukrainske soldater p\u00e5 en ATV i n\u00e6rheten av frontlinjen ved Pokrovsk, som Russland n\u00e5 hevder de har tatt kontroll over.  Foto: Anatolii Stepanov \/ Reuters \/ NTB<\/p>\n<ul aria-hidden=\"true\" class=\"_images_1uft6_111\">\n<li><a class=\"_link_1uft6_116\" href=\"https:\/\/www.vg.no\/forfatter\/hege-varsi\" style=\"z-index:2\" title=\"Hege Varsi\" rel=\"nofollow noopener\" target=\"_blank\"><img alt=\"Bilde av Hege Varsi\" class=\"_image_1uft6_93\" fetchpriority=\"low\" loading=\"lazy\" decoding=\"async\" itemprop=\"image\"  src=\"https:\/\/www.europesays.com\/no\/wp-content\/uploads\/2025\/12\/d48c09ee-ae08-4a71-8e5b-8db7c6b4f37d\"  width=\"480\"\/><\/a><\/li>\n<li><a class=\"_link_1uft6_116\" href=\"https:\/\/www.vg.no\/forfatter\/ntb\" style=\"z-index:1\" title=\"NTB\" rel=\"nofollow noopener\" target=\"_blank\"><img alt=\"Bilde av NTB\" class=\"_image_1uft6_93\" fetchpriority=\"low\" loading=\"lazy\" decoding=\"async\" itemprop=\"image\"  src=\"https:\/\/www.europesays.com\/no\/wp-content\/uploads\/2025\/12\/1764637213_606_c33980b0-5d07-4027-84a1-813f90a7c8d6\"  width=\"480\"\/><\/a><\/li>\n<\/ul>\n<p> Oppdatert tirsdag 2. desember kl. 01:58     <\/p>\n<p class=\"_paragraph_o9xde_4 _paragraph_xtcu6_10 layout-component text-serif-m layout-normal text-serif-m layout-padded\">Det fikk <a href=\"https:\/\/www.vg.no\/tag\/vladimir-putin?utm_source=vg-article&amp;utm_medium=auto-tagger&amp;utm_campaign=y51qae\" class=\"_link_o9xde_39\" rel=\"nofollow noopener\" target=\"_blank\">Vladimir Putin<\/a> beskjed om av Valerij Gerasimov, sjef for den russiske generalstaben, under et uanmeldt bes\u00f8k til en ikke navngitt russisk milit\u00e6r kommandopost mandag.  <\/p>\n<p class=\"_paragraph_o9xde_4 _paragraph_xtcu6_10 layout-component text-serif-m layout-normal text-serif-m layout-padded\">\u2013 Dette er en viktig retning. Vi forst\u00e5r alle hvor viktig dette er, sa Putin if\u00f8lge russiske nyhetsbyr\u00e5er under bes\u00f8ket, skriver Reuters. <\/p>\n<p class=\"_paragraph_o9xde_4 _paragraph_xtcu6_10 layout-component text-serif-m layout-normal text-serif-m layout-padded\">Pokrovsk har lenge v\u00e6rt et sentralt m\u00e5l for Russland i den langsomme fremrykningen vestover gjennom \u00d8st-Ukrainas Donetsk-region. <\/p>\n<p class=\"_paragraph_o9xde_4 _paragraph_xtcu6_10 layout-component text-serif-m layout-normal text-serif-m layout-padded\">Byen er en viktig logistisk knutepunkt og har v\u00e6rt utsatt for vedvarende angrep fra russiske styrker i flere m\u00e5neder.<\/p>\n<p><img alt=\"En soldat i Ukrainas National Police Special  Purpose Battalion ved frontlinjen i n\u00e6rheten av Pokrovsk i Donetsk-regionen 20. november.  Foto: Stringer \/ Reuters \/ NTB\" class=\"_image_qp4xg_65 layout-component layout-normal\" data-fullscreen- data-track-element-type=\"Article image fullscreen\" data-track-name=\"ImageFullscreen\" decoding=\"async\" loading=\"lazy\" height=\"4128\" itemprop=\"image\"  src=\"https:\/\/www.europesays.com\/no\/wp-content\/uploads\/2025\/12\/fa0389ec-4a31-45d1-8de8-7efbcb4b823a\"  style=\"object-position:0% 0%\" width=\"5957\"\/>En soldat i Ukrainas National Police Special  Purpose Battalion ved frontlinjen i n\u00e6rheten av Pokrovsk i Donetsk-regionen 20. november.  Foto: Stringer \/ Reuters \/ NTB<\/p>\n<p class=\"_paragraph_o9xde_4 _paragraph_xtcu6_10 layout-component text-serif-m layout-normal text-serif-m layout-padded\">Ukraina har forel\u00f8pig ikke kommentert p\u00e5standen om at Russland har tatt den strategisk viktige byen i Donetsk-regionen. <\/p>\n<p class=\"_paragraph_o9xde_4 _paragraph_xtcu6_10 layout-component text-serif-m layout-normal text-serif-m layout-padded\">Ukrainas president Volodymyr Zelenskyj erkjente imidlertid s\u00e5 sent som mandag at kampene rundt Pokrovsk fortsatt var intense.<\/p>\n<p><img alt=\"\u2013 Russiske styrker rykker frem, er beskjeden fra Vladimir Putin.   Foto: ALEXANDER NEMENOV \/ AFP \/ NTB\" class=\"_image_qp4xg_65 layout-component layout-normal\" data-fullscreen- data-track-element-type=\"Article image fullscreen\" data-track-name=\"ImageFullscreen\" decoding=\"async\" loading=\"lazy\" height=\"3414\" itemprop=\"image\"  src=\"https:\/\/www.europesays.com\/no\/wp-content\/uploads\/2025\/12\/6477cedb-1cc4-4d00-b1ec-1d93cae8cf6f\"  style=\"object-position:0% 0%\" width=\"5120\"\/>\u2013 Russiske styrker rykker frem, er beskjeden fra Vladimir Putin.   Foto: ALEXANDER NEMENOV \/ AFP \/ NTB<\/p>\n<p class=\"_paragraph_o9xde_4 _paragraph_xtcu6_10 layout-component text-serif-m layout-normal text-serif-m layout-padded\">President Putin la til at den videre fremrykningen er avgj\u00f8rende for \u00e5 oppn\u00e5 m\u00e5lene som ble satt ved begynnelsen av det Russland omtaler som en \u00abspesiell milit\u00e6roperasjon\u00bb.<\/p>\n<p class=\"_paragraph_o9xde_4 _paragraph_xtcu6_10 layout-component text-serif-m layout-normal text-serif-m layout-padded\">Putin skr\u00f8t av fremgangen og hevdet at de russiske styrkene \u00abtrygt holder initiativet og fortsetter \u00e5 utf\u00f8re oppdragene i operasjonen\u00bb. <\/p>\n<p class=\"_paragraph_o9xde_4 _paragraph_xtcu6_10 layout-component text-serif-m layout-normal text-serif-m layout-padded\">\u2013 Russiske styrker rykker frem i nesten alle retninger, sa Putin.<\/p>\n<p class=\"_paragraph_o9xde_4 _paragraph_xtcu6_10 layout-component text-serif-m layout-normal text-serif-m layout-padded\">Et av m\u00e5lene fremover, uttalte han, er \u00e5 opprette en \u00absikkerhetssone\u00bb langs den russiske grensen, med hensikt \u00e5 beskytte russiske bosetninger mot ukrainske angrep.<\/p>\n<p><img alt=\"Ukrainske soldater i n\u00e6rheten av frontlinjen ved byen Pokrovsk 23. november. \" class=\"_image_qp4xg_65 layout-component layout-normal\" data-fullscreen- data-track-element-type=\"Article image fullscreen\" data-track-name=\"ImageFullscreen\" decoding=\"async\" loading=\"lazy\" height=\"4007\" itemprop=\"image\"  src=\"https:\/\/www.europesays.com\/no\/wp-content\/uploads\/2025\/12\/c7642faa-28d2-4784-a095-f6c7b2cb8be7\"  style=\"object-position:0% 0%\" width=\"5500\"\/>Foto: Anatolii Stepanov \/ Reuters \/ NTB<\/p>\n<p class=\"_paragraph_o9xde_4 _paragraph_xtcu6_10 layout-component text-serif-m layout-normal text-serif-m layout-padded\">Russland har gjentatte ganger p\u00e5st\u00e5tt at de har omringet Pokrovsk, p\u00e5stander som ukrainske myndigheter har avvist. <\/p>\n<p class=\"_paragraph_o9xde_4 _paragraph_xtcu6_10 layout-component text-serif-m layout-normal text-serif-m layout-padded\">Den russiske kunngj\u00f8ringen kommer dagen f\u00f8r USAs spesialutsending Steve Witkoff tirsdag skal m\u00f8te Russlands president Vladimir Putin i Moskva.<\/p>\n<p><img alt=\"En ukrainsk soldat g\u00e5r forbi en utbombet boligblokk i Pokrovsk i april i \u00e5r.   Foto: Michael Shtekel \/ AP \/ NTB\" class=\"_image_qp4xg_65 layout-component layout-normal\" data-fullscreen- data-track-element-type=\"Article image fullscreen\" data-track-name=\"ImageFullscreen\" decoding=\"async\" loading=\"lazy\" height=\"4024\" itemprop=\"image\"  src=\"https:\/\/www.europesays.com\/no\/wp-content\/uploads\/2025\/12\/7df5108e-e912-4dea-98fa-75820bac35db\"  style=\"object-position:0% 0%\" width=\"6048\"\/>En ukrainsk soldat g\u00e5r forbi en utbombet boligblokk i Pokrovsk i april i \u00e5r.   Foto: Michael Shtekel \/ AP \/ NTB<\/p>\n<p class=\"_paragraph_o9xde_4 _paragraph_xtcu6_10 layout-component text-serif-m layout-normal text-serif-m layout-padded\">Den s\u00f8nderskutte byen hadde f\u00f8r krigen 60.000 innbyggere. Hvis russerne inntar Pokrovsk, kan de if\u00f8lge analytikere bruke den som springbrett til \u00e5 innta de to st\u00f8rste byene i Donetsk som fortsatt er under ukrainsk kontroll: Kramatorsk og Slavjansk. <\/p>\n<p class=\"_paragraph_o9xde_4 _paragraph_xtcu6_10 layout-component text-serif-m layout-normal text-serif-m layout-padded\">Disse hadde f\u00f8r krigen til sammen n\u00e6rmere 280.000 innbyggere.<\/p>\n<p><img alt=\"En kirke skadet av et russisk milit\u00e6rt angrep i frontlinjebyen Kostjantynivka i Donetsk-regionen 28. november.   Foto: UKRAINIAN ARMED FORCES \/ Reuters \/ NTB\" class=\"_image_qp4xg_65 layout-component layout-normal\" data-fullscreen- data-track-element-type=\"Article image fullscreen\" data-track-name=\"ImageFullscreen\" decoding=\"async\" loading=\"lazy\" height=\"2923\" itemprop=\"image\"  src=\"https:\/\/www.europesays.com\/no\/wp-content\/uploads\/2025\/12\/9a6a0ef5-4558-4bdc-8d88-cd8763108f77\"  style=\"object-position:0% 0%\" width=\"4384\"\/>En kirke skadet av et russisk milit\u00e6rt angrep i frontlinjebyen Kostjantynivka i Donetsk-regionen 28. november.   Foto: UKRAINIAN ARMED FORCES \/ Reuters \/ NTB<\/p>\n<p class=\"_paragraph_o9xde_4 _paragraph_xtcu6_10 layout-component text-serif-m layout-normal text-serif-m layout-padded\">Pokrovsk er ogs\u00e5 et knutepunkt for veier og jernbane og vil forstyrre den ukrainske forsyningskjeden ved kapring.<\/p>\n<p class=\"_paragraph_o9xde_4 _paragraph_xtcu6_10 layout-component text-serif-m layout-normal text-serif-m layout-padded\">Slaget ved Pokrovsk er det lengste og blodigste siden russiske og ukrainske soldater kjempet om kontrollen over Avdijivka, ogs\u00e5 det en by i Donetsk, i 2023\u20132024.<\/p>\n<p class=\"_paragraph_o9xde_4 _paragraph_xtcu6_10 layout-component text-serif-m layout-normal text-serif-m layout-padded\">Zelenskyj har m\u00e5ttet t\u00e5le kritikk for \u00e5 ha holdt p\u00e5 byen for lenge av politiske \u00e5rsaker, som noen ogs\u00e5 har argumentert for at ogs\u00e5 var tilfelle i Avdijivka og Bakhmut tidligere.<\/p>\n","protected":false},"excerpt":{"rendered":"Kreml hevder det russiske milit\u00e6ret har erobret det strategiske knutepunktet Pokrovsk etter ett \u00e5rs intense kamper. Ukrainske soldater&hellip;\n","protected":false},"author":2,"featured_media":101855,"comment_status":"","ping_status":"","sticky":false,"template":"","format":"standard","meta":{"footnotes":""},"categories":[12],"tags":[20,21,24,25,15,22,23,13,30,28,29,14,16,188,26,27,489,42,186,43,44,45],"class_list":{"0":"post-101854","1":"post","2":"type-post","3":"status-publish","4":"format-standard","5":"has-post-thumbnail","7":"category-verden","8":"tag-breaking-news","9":"tag-breakingnews","10":"tag-featured-news","11":"tag-featurednews","12":"tag-headlines","13":"tag-latest-news","14":"tag-latestnews","15":"tag-news","16":"tag-no","17":"tag-norge","18":"tag-norway","19":"tag-nyheter","20":"tag-overskrifter","21":"tag-russland","22":"tag-top-stories","23":"tag-topstories","24":"tag-ukraina","25":"tag-verden","26":"tag-vladimir-putin","27":"tag-world","28":"tag-world-news","29":"tag-worldnews"},"share_on_mastodon":{"url":"https:\/\/pubeurope.com\/@no\/115647272564942245","error":""},"_links":{"self":[{"href":"https:\/\/www.europesays.com\/no\/wp-json\/wp\/v2\/posts\/101854","targetHints":{"allow":["GET"]}}],"collection":[{"href":"https:\/\/www.europesays.com\/no\/wp-json\/wp\/v2\/posts"}],"about":[{"href":"https:\/\/www.europesays.com\/no\/wp-json\/wp\/v2\/types\/post"}],"author":[{"embeddable":true,"href":"https:\/\/www.europesays.com\/no\/wp-json\/wp\/v2\/users\/2"}],"replies":[{"embeddable":true,"href":"https:\/\/www.europesays.com\/no\/wp-json\/wp\/v2\/comments?post=101854"}],"version-history":[{"count":0,"href":"https:\/\/www.europesays.com\/no\/wp-json\/wp\/v2\/posts\/101854\/revisions"}],"wp:featuredmedia":[{"embeddable":true,"href":"https:\/\/www.europesays.com\/no\/wp-json\/wp\/v2\/media\/101855"}],"wp:attachment":[{"href":"https:\/\/www.europesays.com\/no\/wp-json\/wp\/v2\/media?parent=101854"}],"wp:term":[{"taxonomy":"category","embeddable":true,"href":"https:\/\/www.europesays.com\/no\/wp-json\/wp\/v2\/categories?post=101854"},{"taxonomy":"post_tag","embeddable":true,"href":"https:\/\/www.europesays.com\/no\/wp-json\/wp\/v2\/tags?post=101854"}],"curies":[{"name":"wp","href":"https:\/\/api.w.org\/{rel}","templated":true}]}}