{"id":101864,"date":"2025-12-02T01:51:12","date_gmt":"2025-12-02T01:51:12","guid":{"rendered":"https:\/\/www.europesays.com\/no\/101864\/"},"modified":"2025-12-02T01:51:12","modified_gmt":"2025-12-02T01:51:12","slug":"lorenskog-friluftsaktivitet-hvert-ar-sorger-espen-norsterud-for-at-over-4-500-barn-i-lorenskog-far-mulighet-til-a-delta-i-friluftsaktiviteter-na-vil-det-politiske-flertallet-kutte-stillingen-hans","status":"publish","type":"post","link":"https:\/\/www.europesays.com\/no\/101864\/","title":{"rendered":"L\u00f8renskog, Friluftsaktivitet | Hvert \u00e5r s\u00f8rger Espen N\u00f8rsterud for at over 4.500 barn i L\u00f8renskog f\u00e5r mulighet til \u00e5 delta i friluftsaktiviteter. N\u00e5 vil det politiske flertallet kutte stillingen hans."},"content":{"rendered":"\n<p><b>(<a rel=\"Follow nofollow noopener\" href=\"https:\/\/www.rb.no\/espen-34-mister-jobben-det-vil-ga-ut-over-barna\/s\/5-43-2622437\" target=\"_blank\">Romerikes Blad<\/a>): \u2013 Dersom dette tilbudet kuttes og min stilling forsvinner, vil det g\u00e5 ut over barna, sl\u00e5r Espen N\u00f8rsterud fast.<\/b><\/p>\n<p>Som r\u00e5dgiver innen friluftsliv og aktivitetsleder i L\u00f8renskog kommune bidrar han til at over 4.500 elever ved alle barne- og ungdomsskolene gjennom \u00e5ret f\u00e5r tilbud om varierte friluftsaktiviteter i spennet fra kano- og sv\u00f8mmeoppl\u00e6ring via isfiske til ski- og sk\u00f8yteaktiviteter.<\/p>\n<p>Et politisk flertall (H, Frp, V, KrF, MDG og Sp) g\u00e5r n\u00e5 inn for \u00e5 kutte stillingen n\u00e5r budsjettet for 2026 skal behandles i kommunestyret 10. desember.<\/p>\n<p>\u2013 Det vil f\u00e5 omfattende konsekvenser for barn i hele kommunen, konstaterer N\u00f8rsterud.<\/p>\n<p><b>Les ogs\u00e5: <a class=\"simple-relation related-teaser article--c-eRUmMG article--c-eRUmMG-fZoQSp-design-nettavisen article--c-eRUmMG-gwthdJ-cv\" href=\"https:\/\/www.nettavisen.no\/kommunen-vil-flytte-tale-46-til-omsorgsbolig-det-er-helt-javlig\/s\/5-95-2743931\" rel=\"nofollow noopener\" target=\"_blank\">Kommunen vil flytte Tale (46) til omsorgsbolig: \u2013 Det er helt j\u00e6vlig<\/a><\/b><\/p>\n<p>Kano- og sv\u00f8mmeoppl\u00e6ring<\/p>\n<p>I tillegg til en mastergrad i idrettsvitenskap og friluftsliv, har 34-\u00e5ringen fra Oslo jobbet flere \u00e5r p\u00e5 leirskole og folkeh\u00f8yskole \u2013 erfaringer han tok med seg da han fikk dr\u00f8mmejobben i L\u00f8renskog kommune for to \u00e5r siden.<\/p>\n<p>   <img decoding=\"async\" width=\"3456\" height=\"2304\" fetchpriority=\"low\"  loading=\"lazy\"  src=\"https:\/\/www.europesays.com\/no\/wp-content\/uploads\/2025\/12\/espen+nrsterud-3.jpg\" alt=\"\" class=\"brick-c-cFOWSL\" style=\"--brick-image-ratio: 3456 \/ 2304;\"\/><\/p>\n<p>      STORT BEHOV: \u2013 N\u00e5r jeg tar med meg hengeren med 100 par ski ut p\u00e5 en skole, s\u00e5 blir alle 100 skiparene utl\u00e5nt, forteller Espen N\u00f8rsterud.<br \/>\n      Foto: Torstein Davidsen\n    <\/p>\n<p>I tillegg til \u00e5 tilrettelegge for aktiviteter for skolene, s\u00f8rger han for utl\u00e5n av utstyr fra kommunens rikholdige depot p\u00e5 S\u00f8rlihavna.<\/p>\n<p><b>\u2013 De kan l\u00e5ne utstyr, jeg kan kj\u00f8re utstyret ut til dem, og de kan ogs\u00e5 bruke meg som en ressurs. Og jeg ser tydelig hvor stort behovet er. N\u00e5r jeg tar med meg hengeren med 100 par ski ut p\u00e5 en skole, s\u00e5 blir alle 100 skiparene utl\u00e5nt, forteller Espen N\u00f8rsterud.<\/b><\/p>\n<p>N\u00e5r han tar med seg elever p\u00e5 kano- og sv\u00f8mmeoppl\u00e6ring ved M\u00f8nevann i Losbymarka, deriblant gjennom \u00abtrygg i vann\u00bb-prosjektet for alle 6.-klassingene, ser han det samme.<\/p>\n<p>   <img decoding=\"async\" width=\"3456\" height=\"2304\" fetchpriority=\"low\"  loading=\"lazy\"  src=\"https:\/\/www.europesays.com\/no\/wp-content\/uploads\/2025\/12\/espen+nrsterud-4.jpg\" alt=\"\" class=\"brick-c-cFOWSL\" style=\"--brick-image-ratio: 3456 \/ 2304;\"\/><\/p>\n<p>      VIKTIG OPPL\u00c6RING: Espen N\u00f8rsterud tilbyr blant annet kano- og sv\u00f8mmeoppl\u00e6ring til alle kommunens 6.-klassinger.<br \/>\n      Foto: Torstein Davidsen\n    <\/p>\n<p>\u2013 Veldig mange har aldri v\u00e6rt med p\u00e5 noe s\u00e5nt f\u00f8r. En stor andel av elevene kan ikke sv\u00f8mme, og veldig mange sier at de absolutt ikke skal uti vannet \u2013 men vi f\u00e5r som regel overtalt en god del av dem, og ofte ender det med at de ikke vil opp av vannet igjen etterp\u00e5, smiler aktivitetslederen.<\/p>\n<p><b>Les ogs\u00e5: <a class=\"simple-relation related-teaser article--c-eRUmMG article--c-eRUmMG-fZoQSp-design-nettavisen article--c-eRUmMG-gwthdJ-cv\" href=\"https:\/\/www.nettavisen.no\/ekstrem-tetthet-av-kiwi-og-rema-gjor-maten-dyrere\/s\/5-95-2738728\" rel=\"nofollow noopener\" target=\"_blank\">Ekstrem tetthet av Kiwi og Rema: Gj\u00f8r maten dyrere<\/a><\/b><\/p>\n<p>Han konstaterer at skolene selv vil bli sittende med ansvaret b\u00e5de for selve friluftslivsaktivitetene og for \u00e5 skaffe utstyr dersom stillingen hans legges ned.<\/p>\n<p><b>\u2013 Jeg synes det er synd at en kommune som L\u00f8renskog sier s\u00e5 tydelig at de ikke prioriterer friluftsliv, sier Espen N\u00f8rsterud.<\/b><\/p>\n<p>F\u00e5r ikke lenger l\u00e5nt ut utstyr<\/p>\n<p>Arne Fiske, konstituert virksomhetsleder for park, idrett og friluftsliv i L\u00f8renskog kommune, bekrefter kollegaens framstilling.<\/p>\n<p><b>\u2013 Det er ikke mange kommuner som har den fantastiske ressursen Espen er for oss, og det er trist hvis L\u00f8renskog ikke lenger kan ha dette tilbudet. Det f\u00e5r ogs\u00e5 den konsekvensen at vi ikke lenger har ressurser til \u00e5 h\u00e5ndtere og l\u00e5ne ut kanoer, ski, sk\u00f8yter og alt det andre utstyret vi har her p\u00e5 S\u00f8rlihavna, sier han.<\/b><\/p>\n<p>L\u00e6rer Sven Kjetil \u00c5snes ved L\u00f8ken\u00e5sen skole forteller at skolen tar med alle sine klasser p\u00e5 en eller to kanoturer \u00e5rlig.<\/p>\n<p>\u2013 Da legger Espen til rette for at dette kan skje. Han finner frem utstyr og transporterer utstyret til der vi skal p\u00e5 tur. Videre underviser han elevene om trygg ferdsel i kano. Kompetansen som Espen har, er uvurderlig. Uten Espen, trolig ingen kanoturer, p\u00e5peker han.<\/p>\n<p>   <img decoding=\"async\" width=\"3456\" height=\"2304\" fetchpriority=\"low\"  loading=\"lazy\"  src=\"https:\/\/www.europesays.com\/no\/wp-content\/uploads\/2025\/12\/espen+nrsterud-1.jpg\" alt=\"\" class=\"brick-c-cFOWSL\" style=\"--brick-image-ratio: 3456 \/ 2304;\"\/><\/p>\n<p>      BLIR SKOLENES ANSVAR: Skolene m\u00e5 selv utf\u00f8re de oppgavene Espen N\u00f8rsterud st\u00e5r for i dag, dersom stillingen hans kuttes.<br \/>\n      Foto: Torstein Davidsen\n    <\/p>\n<p>Torild Magnussen, l\u00e6rer ved Fjellhamar skole, sl\u00e5r fast at arbeidet med \u00e5 stimulere til bevegelsesglede og aktivitet utend\u00f8rs vil bli langt mer krevende uten aktivitetslederstillingen.<\/p>\n<p><b>\u2013 Tilbudet har v\u00e6rt flittig benyttet gjennom mange \u00e5r. Skolene vil da miste muligheten til \u00e5 l\u00e5ne ski- og sk\u00f8yteutstyr. Dette vil straffe de barna og ungdommene som mangler utstyr hardt, fastsl\u00e5r hun.<\/b><\/p>\n<p>\u2013 M\u00e5 gj\u00f8res av skolene selv<\/p>\n<p>L\u00f8renskog H\u00f8yres gruppeleder Jarle Nigards\u00f8y Amundsen bekrefter at stillingen til Espen kuttes i de borgerlige partienes budsjettforslag.<\/p>\n<p>   <img decoding=\"async\" width=\"2088\" height=\"1560\" fetchpriority=\"low\"  loading=\"lazy\"  src=\"https:\/\/www.europesays.com\/no\/wp-content\/uploads\/2025\/12\/jarle+n.+amundsen.jpg\" alt=\"\" class=\"brick-c-cFOWSL\" style=\"--brick-image-ratio: 2088 \/ 1560;\"\/><\/p>\n<p>      PRIORITERING: \u2013 Vi har m\u00e5ttet gjennomf\u00f8re kutt for \u00e5 verne de aller viktigste forebyggende tjenestene, sier Jarle N. Amundsen (H).<br \/>\n      Foto: Torstein Davidsen\n    <\/p>\n<p><b>\u2013 Ja, vi gjennomf\u00f8rer kuttet. Dette er en sentralisert oppgave som st\u00f8tter skolene, s\u00e5 skolene m\u00e5 da utf\u00f8re dette selv, skriver han i en sms til Romerikes Blad.<\/b><\/p>\n<p>Besparelsen utgj\u00f8r 600.000 kroner i 2026 og 1,2 millioner kroner \u00e5rlig de p\u00e5f\u00f8lgende \u00e5ra.<\/p>\n<p>\u2013 Vi har m\u00e5ttet gjennomf\u00f8re kutt for \u00e5 verne de aller viktigste forebyggende tjenestene og oppn\u00e5 en \u00f8konomi som er b\u00e6rekraftig og robust p\u00e5 lang sikt, sier H\u00f8yres gruppeleder om hvorfor stillingen n\u00e5 fjernes.<\/p>\n","protected":false},"excerpt":{"rendered":"(Romerikes Blad): \u2013 Dersom dette tilbudet kuttes og min stilling forsvinner, vil det g\u00e5 ut over barna, sl\u00e5r&hellip;\n","protected":false},"author":2,"featured_media":101865,"comment_status":"","ping_status":"","sticky":false,"template":"","format":"standard","meta":{"footnotes":""},"categories":[10],"tags":[20,21,24,25,15,22,23,13,30,28,29,14,16,26,27],"class_list":{"0":"post-101864","1":"post","2":"type-post","3":"status-publish","4":"format-standard","5":"has-post-thumbnail","7":"category-norge","8":"tag-breaking-news","9":"tag-breakingnews","10":"tag-featured-news","11":"tag-featurednews","12":"tag-headlines","13":"tag-latest-news","14":"tag-latestnews","15":"tag-news","16":"tag-no","17":"tag-norge","18":"tag-norway","19":"tag-nyheter","20":"tag-overskrifter","21":"tag-top-stories","22":"tag-topstories"},"share_on_mastodon":{"url":"https:\/\/pubeurope.com\/@no\/115647472350439166","error":""},"_links":{"self":[{"href":"https:\/\/www.europesays.com\/no\/wp-json\/wp\/v2\/posts\/101864","targetHints":{"allow":["GET"]}}],"collection":[{"href":"https:\/\/www.europesays.com\/no\/wp-json\/wp\/v2\/posts"}],"about":[{"href":"https:\/\/www.europesays.com\/no\/wp-json\/wp\/v2\/types\/post"}],"author":[{"embeddable":true,"href":"https:\/\/www.europesays.com\/no\/wp-json\/wp\/v2\/users\/2"}],"replies":[{"embeddable":true,"href":"https:\/\/www.europesays.com\/no\/wp-json\/wp\/v2\/comments?post=101864"}],"version-history":[{"count":0,"href":"https:\/\/www.europesays.com\/no\/wp-json\/wp\/v2\/posts\/101864\/revisions"}],"wp:featuredmedia":[{"embeddable":true,"href":"https:\/\/www.europesays.com\/no\/wp-json\/wp\/v2\/media\/101865"}],"wp:attachment":[{"href":"https:\/\/www.europesays.com\/no\/wp-json\/wp\/v2\/media?parent=101864"}],"wp:term":[{"taxonomy":"category","embeddable":true,"href":"https:\/\/www.europesays.com\/no\/wp-json\/wp\/v2\/categories?post=101864"},{"taxonomy":"post_tag","embeddable":true,"href":"https:\/\/www.europesays.com\/no\/wp-json\/wp\/v2\/tags?post=101864"}],"curies":[{"name":"wp","href":"https:\/\/api.w.org\/{rel}","templated":true}]}}