{"id":101872,"date":"2025-12-02T02:06:12","date_gmt":"2025-12-02T02:06:12","guid":{"rendered":"https:\/\/www.europesays.com\/no\/101872\/"},"modified":"2025-12-02T02:06:12","modified_gmt":"2025-12-02T02:06:12","slug":"alvorlig-utvikling","status":"publish","type":"post","link":"https:\/\/www.europesays.com\/no\/101872\/","title":{"rendered":"&#8211; Alvorlig utvikling"},"content":{"rendered":"<p class=\"kicker \" style=\"\">Ny helsestudie:<\/p>\n<p>  Over halvparten av befolkningen i Norden og Norge er n\u00e5 overvektige eller har fedme. Norske barn og voksne peker seg ut ved \u00e5 tilbringe mest tid p\u00e5 skjerm.<\/p>\n<p>\n    NY RAPPORT: De mellom 18 og 24 \u00e5r i Norge har i snitt 4,9 timer med skjermtid hver dag. Illustrasjonsfoto: Aleksandra Suzi \/ Shutterstock \/ NTB\n  <\/p>\n<p>    Kort fortalt<\/p>\n<ul lang=\"nb-NO\">\n<li>Tre av ti voksne i Norge er ikke fysisk aktive nok.<\/li>\n<li>Norske voksne bruker i snitt 3,7 timer daglig p\u00e5 skjerm.<\/li>\n<li>56 prosent av voksne i Norden er overvektige eller har fedme.<\/li>\n<li>Kostholdet i Norden har blitt d\u00e5rligere med mer sukkerinntak.<\/li>\n<\/ul>\n<p class=\"italic ai-disclaimer\" data-lab-italic=\"italic\">Sammendraget er laget av ChatGPT og godkjent av Dagbladet.<\/p>\n<p>      Vis mer<br \/>\n      Vis mindre<\/p>\n<p>Tre av ti voksne i Norge er ikke fysisk aktive nok til \u00e5 m\u00f8te\u00a0<a href=\"https:\/\/www.helsedirektoratet.no\/faglige-rad\/fysisk-aktivitet-i-forebygging-og-behandling\/voksne-og-eldre\/voksne-rad-anbefaling-fysisk-aktivitet-150-300-minutter-per-uke\" target=\"_blank\" rel=\"nofollow noopener\">anbefalingene fra helsemyndighetene<\/a>. Samtidig tilbringer norske voksne 3,7 timer p\u00e5 skjerm p\u00e5 fritiden, hver dag, de yngre er verst.\u00a0<\/p>\n<p class=\"font-weight-bold m-font-weight-bold\" data-lab-font_weight=\"font-weight-bold\">De mellom 18 og 24 \u00e5r i Norge bruker i snitt 4,9 timer per dag. Det er mer enn i Sverige, Danmark, Finland og p\u00e5 Island.<\/p>\n<p>&#8211; Vi er i ferd med \u00e5 bli en stillesittende og overvektig nordisk befolkning som tilbringer altfor mye tid foran skjermer, samtidig som vi spiser usunn og ikke b\u00e6rekraftig mat, sier Karen Ellemann, generalsekret\u00e6r for Nordisk ministerr\u00e5d, i en pressemelding.<\/p>\n<p>I snitt bruker norske voksne 3,7 timer med scrolling p\u00e5 skjerm p\u00e5 fritiden hver dag. Tre av ti sitter med skjermen i over fire timer per dag. Foto: Emilie Holtet \/ NTB<\/p>\n<p>Tallene er hentet fra\u00a0<a href=\"https:\/\/pub.norden.org\/nord2025-026\/\" target=\"_blank\" rel=\"nofollow noopener\">den nye rapporten Nordisk Monitorering (NORMO 2025),\u00a0<\/a>som lanseres tirsdag. Det gir et statusbilde av nordboeres atferd og helsesituasjon.<\/p>\n<p>    <a itemprop=\"url\" href=\"https:\/\/www.dagbladet.no\/nyheter\/klar-melding-galskap\/83836868\" rel=\"nofollow noopener\" target=\"_blank\"><\/p>\n<p>      <img loading=\"lazy\" decoding=\"async\" src=\"https:\/\/www.europesays.com\/no\/wp-content\/uploads\/2025\/12\/83837333.webp\" width=\"980\" height=\"441\" title=\"Klar melding: - Galskap\" alt=\"\" class=\"lazyload\" style=\"--aspect-ratio-image: 2.22; \"\/><\/p>\n<p>        Klar melding: &#8211; Galskap<\/p>\n<p>    <\/a><\/p>\n<p>Tross noen lyspunkter veier andre tendenser tyngre: I tillegg til at vi sitter for mye stille, har n\u00e5 56 prosent av de voksne og ett av fem barn i Norden overvekt eller fedme.<\/p>\n<p>For Norge er andelen 52,5 prosent for voksne og 16 prosent for barn.<\/p>\n<p>Det er Nordisk ministerr\u00e5d som presenterer NORMO 2025, som igjen er en oppf\u00f8lging av De nordiske ern\u00e6ringsanbefalingene 2023 (NNR2023). NNR2023 ligger til grunn for de nordiske og baltiske landenes nasjonale retningslinjer og kostr\u00e5d.<\/p>\n<p>If\u00f8lge NORMO er det totale bildet urovekkende: Vi spiser for d\u00e5rlig og for mye, og vi beveger oss for lite.<\/p>\n<p>&#8211; Det er alvorlig at vi ser en utvikling mot d\u00e5rligere kostvaner og \u00f8kt overvekt, sier seniorr\u00e5dgiver ved Danmarks Tekniske Universitet Sisse Fagt om de nyeste resultatene. Fagt har ledet arbeidet med NORMO.<\/p>\n<p>    <a itemprop=\"url\" href=\"https:\/\/dinside.dagbladet.no\/nyheter\/slar-mobilalarm-okt-risiko\/83415258\" rel=\"nofollow noopener\" target=\"_blank\"><\/p>\n<p>      <img loading=\"lazy\" decoding=\"async\" src=\"https:\/\/www.europesays.com\/no\/wp-content\/uploads\/2025\/12\/83415671.webp\" width=\"980\" height=\"441\" title=\"Sl\u00e5r mobilalarm: \u00d8kt risiko\" alt=\"\" class=\"lazyload\" style=\"--aspect-ratio-image: 2.22; \"\/><\/p>\n<p>        Sl\u00e5r mobilalarm: \u00d8kt risiko<\/p>\n<p>    <\/a><\/p>\n<p>I Norden generelt har inntaket av frukt, gr\u00f8nnsaker og fullkorn har g\u00e5tt ned, mens inntaket av mat med h\u00f8yt sukkerinnhold \u00f8ker. Ogs\u00e5 i Norge peker pilene feil vei, men sammenlignet med de andre landene har matpakke- og kystlandet v\u00e5rt h\u00f8yere inntak av grovbr\u00f8d og fisk og lavere inntak av kj\u00f8tt og usunn mat.<\/p>\n<p>Inntaket av usunne drikker og meieriprodukter er imidlertid h\u00f8yt i Norge.<\/p>\n<p>I alle nordiske land har grupper med lavere utdanningsniv\u00e5 rapportert d\u00e5rligere kosthold og h\u00f8yere grad av overvekt og fedme. I Norge er de sosi\u00f8knomiske forskjellene sv\u00e6rt framtredende.<\/p>\n","protected":false},"excerpt":{"rendered":"Ny helsestudie: Over halvparten av befolkningen i Norden og Norge er n\u00e5 overvektige eller har fedme. Norske barn&hellip;\n","protected":false},"author":2,"featured_media":101873,"comment_status":"","ping_status":"","sticky":false,"template":"","format":"standard","meta":{"footnotes":""},"categories":[5],"tags":[20,21,24,25,15,19,2539,22,23,17,18,13,30,28,29,14,16,26,27],"class_list":{"0":"post-101872","1":"post","2":"type-post","3":"status-publish","4":"format-standard","5":"has-post-thumbnail","7":"category-overskrifter","8":"tag-breaking-news","9":"tag-breakingnews","10":"tag-featured-news","11":"tag-featurednews","12":"tag-headlines","13":"tag-hovedoppslag","14":"tag-innenriks","15":"tag-latest-news","16":"tag-latestnews","17":"tag-main-news","18":"tag-mainnews","19":"tag-news","20":"tag-no","21":"tag-norge","22":"tag-norway","23":"tag-nyheter","24":"tag-overskrifter","25":"tag-top-stories","26":"tag-topstories"},"share_on_mastodon":{"url":"https:\/\/pubeurope.com\/@no\/115647531281969658","error":""},"_links":{"self":[{"href":"https:\/\/www.europesays.com\/no\/wp-json\/wp\/v2\/posts\/101872","targetHints":{"allow":["GET"]}}],"collection":[{"href":"https:\/\/www.europesays.com\/no\/wp-json\/wp\/v2\/posts"}],"about":[{"href":"https:\/\/www.europesays.com\/no\/wp-json\/wp\/v2\/types\/post"}],"author":[{"embeddable":true,"href":"https:\/\/www.europesays.com\/no\/wp-json\/wp\/v2\/users\/2"}],"replies":[{"embeddable":true,"href":"https:\/\/www.europesays.com\/no\/wp-json\/wp\/v2\/comments?post=101872"}],"version-history":[{"count":0,"href":"https:\/\/www.europesays.com\/no\/wp-json\/wp\/v2\/posts\/101872\/revisions"}],"wp:featuredmedia":[{"embeddable":true,"href":"https:\/\/www.europesays.com\/no\/wp-json\/wp\/v2\/media\/101873"}],"wp:attachment":[{"href":"https:\/\/www.europesays.com\/no\/wp-json\/wp\/v2\/media?parent=101872"}],"wp:term":[{"taxonomy":"category","embeddable":true,"href":"https:\/\/www.europesays.com\/no\/wp-json\/wp\/v2\/categories?post=101872"},{"taxonomy":"post_tag","embeddable":true,"href":"https:\/\/www.europesays.com\/no\/wp-json\/wp\/v2\/tags?post=101872"}],"curies":[{"name":"wp","href":"https:\/\/api.w.org\/{rel}","templated":true}]}}