{"id":101880,"date":"2025-12-02T02:19:17","date_gmt":"2025-12-02T02:19:17","guid":{"rendered":"https:\/\/www.europesays.com\/no\/101880\/"},"modified":"2025-12-02T02:19:17","modified_gmt":"2025-12-02T02:19:17","slug":"freddy-dos-santos-matbutikk-freddy-dos-santos-tatt-pa-fersken-utestengt-fra-lokalbutikken","status":"publish","type":"post","link":"https:\/\/www.europesays.com\/no\/101880\/","title":{"rendered":"Freddy dos Santos, Matbutikk | Freddy dos Santos tatt p\u00e5 fersken: Utestengt fra lokalbutikken"},"content":{"rendered":"\n<p>Det er i en episode av V\u00e5lerenga-podkasten <a rel=\"Follow nofollow noopener\" href=\"https:\/\/podtail.com\/no\/podcast\/jordaljournalen\/\" target=\"_blank\">Jordaljournalen<\/a> at den tidligere fotballspilleren forteller at han skal ha blitt anmeldt og utestengt fra en matbutikk p\u00e5 Gr\u00fcnerl\u00f8kka i seks m\u00e5neder, noe <a rel=\"Follow nofollow noopener\" href=\"https:\/\/www.ao.no\/freddy-dos-santos-utestengt-fra-matbutikk-pa-gr-nerlokka-pa-grunn-av-tyveri\/s\/5-128-1205000\" target=\"_blank\">Avisa Oslo<\/a> omtalte f\u00f8rst.<\/p>\n<p>Dos Santos forteller at han i august gikk innom sin lokale matbutikk og fylte opp en pose sm\u00e5godt. F\u00f8r han kom til kassa skal han ha tatt en liten smakebit.<\/p>\n<p>Det gjorde han imidlertid ikke uten konsekvenser.<\/p>\n<p>Har du f\u00e5tt med deg denne? Saken fortsetter under.<\/p>\n<p>    Vil du se neste video?<\/p>\n<p>    <a href=\"https:\/\/www.nettavisen.no\/fredrik-solvang\/jonas-gahr-store\/debatten\/fredrik-solvang-himler-av-jonas-gahr-store-men-i-alle\/v\/5-95-2751917\" class=\"recommend-poster\" data-adp-clicklabel=\"video-recommend\" data-adp-clickvalue=\"poster\" rel=\"nofollow noopener\" target=\"_blank\"><br \/>\n      <img decoding=\"async\" width=\"200\" height=\"200\" loading=\"lazy\" src=\"https:\/\/www.europesays.com\/no\/wp-content\/uploads\/2025\/11\/Solvang+bredde.jpg\" alt=\"\" class=\"brick-c-cFOWSL\" style=\"--brick-image-ratio: 200 \/ 200;\"\/><\/p>\n<p>Himler av St\u00f8re: \u2013 Men i alle\u20261:06<\/p>\n<p>    <\/a><\/p>\n<p>Ble avsl\u00f8rt p\u00e5 kamera<\/p>\n<p>\u2013 Da jeg kom til kassa kommer en vekter bort til meg og sier: \u00abDu har blitt tatt p\u00e5 kamera for \u00e5 spise sm\u00e5godt, s\u00e5 jeg m\u00e5 anmelde deg\u00bb, sier dos Santos i podkasten.<\/p>\n<p>Nettavisen har v\u00e6rt i kontakt med dos Santos. Han \u00f8nsker ikke \u00e5 kommentere saken.<\/p>\n<p>Han forklarer videre at han ble anholdt for \u00e5 stjele en godteribit og at han m\u00e5tte legge igjen personalia.<\/p>\n<p>Dos Santos forklarer videre at han ble fortalt at de m\u00e5tte anmelde han, men at det kom til \u00e5 bli henlagt og at han kom til \u00e5 f\u00e5 et brev fra politiet i posten.<\/p>\n<p>\u2013 S\u00e5 jeg sp\u00f8r: \u00abEr du seri\u00f8s? For det ene godteriet liksom?\u00bb Ja, det m\u00e5tte hun. Jeg har ikke f\u00e5tt noe brev fra politiet, men jeg er utestengt fra butikken i et halvt \u00e5r, sier den tidligere V\u00e5lerenga-spilleren.<\/p>\n<p>\u2013 I februar kan jeg g\u00e5 tilbake, ler han i podkasten.<\/p>\n<p>    Vil du se neste video?<\/p>\n<p>    <a href=\"https:\/\/www.nettavisen.no\/fredrik-solvang\/jonas-gahr-store\/debatten\/fredrik-solvang-himler-av-jonas-gahr-store-men-i-alle\/v\/5-95-2751917\" class=\"recommend-poster\" data-adp-clicklabel=\"video-recommend\" data-adp-clickvalue=\"poster\" rel=\"nofollow noopener\" target=\"_blank\"><br \/>\n      <img decoding=\"async\" width=\"200\" height=\"200\" loading=\"lazy\" src=\"https:\/\/www.europesays.com\/no\/wp-content\/uploads\/2025\/11\/Solvang+bredde.jpg\" alt=\"\" class=\"brick-c-cFOWSL\" style=\"--brick-image-ratio: 200 \/ 200;\"\/><\/p>\n<p>Himler av St\u00f8re: \u2013 Men i alle\u20261:06<\/p>\n<p>    <\/a><\/p>\n<p>\u00abIkke mitt stolteste \u00f8yeblikk\u00bb<\/p>\n<p>Dos Santos forteller historien med et smil, men omtaler ogs\u00e5 hendelsen som \u00abikke mitt stolteste \u00f8yeblikk\u00bb i podkasten.<\/p>\n<p>49-\u00e5ringen spilte fotball p\u00e5 toppniv\u00e5 i Norge i en \u00e5rrekke. Han er mest kjent fra tiden sin V\u00e5lerenga, hvor han spilte fra 2001 til 2011.<\/p>\n<p>Han er i dag markedssjef p\u00e5 det popul\u00e6re utestedet Carls i Oslo.<\/p>\n<p>    Vil du se neste video?<\/p>\n<p>    <a href=\"https:\/\/www.nettavisen.no\/fredrik-solvang\/jonas-gahr-store\/debatten\/fredrik-solvang-himler-av-jonas-gahr-store-men-i-alle\/v\/5-95-2751917\" class=\"recommend-poster\" data-adp-clicklabel=\"video-recommend\" data-adp-clickvalue=\"poster\" rel=\"nofollow noopener\" target=\"_blank\"><br \/>\n      <img decoding=\"async\" width=\"200\" height=\"200\" loading=\"lazy\" src=\"https:\/\/www.europesays.com\/no\/wp-content\/uploads\/2025\/11\/Solvang+bredde.jpg\" alt=\"\" class=\"brick-c-cFOWSL\" style=\"--brick-image-ratio: 200 \/ 200;\"\/><\/p>\n<p>Himler av St\u00f8re: \u2013 Men i alle\u20261:06<\/p>\n<p>    <\/a><\/p>\n","protected":false},"excerpt":{"rendered":"Det er i en episode av V\u00e5lerenga-podkasten Jordaljournalen at den tidligere fotballspilleren forteller at han skal ha blitt&hellip;\n","protected":false},"author":2,"featured_media":101881,"comment_status":"","ping_status":"","sticky":false,"template":"","format":"standard","meta":{"footnotes":""},"categories":[10],"tags":[20,21,24,25,15,22,23,13,30,28,29,14,16,26,27],"class_list":{"0":"post-101880","1":"post","2":"type-post","3":"status-publish","4":"format-standard","5":"has-post-thumbnail","7":"category-norge","8":"tag-breaking-news","9":"tag-breakingnews","10":"tag-featured-news","11":"tag-featurednews","12":"tag-headlines","13":"tag-latest-news","14":"tag-latestnews","15":"tag-news","16":"tag-no","17":"tag-norge","18":"tag-norway","19":"tag-nyheter","20":"tag-overskrifter","21":"tag-top-stories","22":"tag-topstories"},"share_on_mastodon":{"url":"https:\/\/pubeurope.com\/@no\/115647582428613260","error":""},"_links":{"self":[{"href":"https:\/\/www.europesays.com\/no\/wp-json\/wp\/v2\/posts\/101880","targetHints":{"allow":["GET"]}}],"collection":[{"href":"https:\/\/www.europesays.com\/no\/wp-json\/wp\/v2\/posts"}],"about":[{"href":"https:\/\/www.europesays.com\/no\/wp-json\/wp\/v2\/types\/post"}],"author":[{"embeddable":true,"href":"https:\/\/www.europesays.com\/no\/wp-json\/wp\/v2\/users\/2"}],"replies":[{"embeddable":true,"href":"https:\/\/www.europesays.com\/no\/wp-json\/wp\/v2\/comments?post=101880"}],"version-history":[{"count":0,"href":"https:\/\/www.europesays.com\/no\/wp-json\/wp\/v2\/posts\/101880\/revisions"}],"wp:featuredmedia":[{"embeddable":true,"href":"https:\/\/www.europesays.com\/no\/wp-json\/wp\/v2\/media\/101881"}],"wp:attachment":[{"href":"https:\/\/www.europesays.com\/no\/wp-json\/wp\/v2\/media?parent=101880"}],"wp:term":[{"taxonomy":"category","embeddable":true,"href":"https:\/\/www.europesays.com\/no\/wp-json\/wp\/v2\/categories?post=101880"},{"taxonomy":"post_tag","embeddable":true,"href":"https:\/\/www.europesays.com\/no\/wp-json\/wp\/v2\/tags?post=101880"}],"curies":[{"name":"wp","href":"https:\/\/api.w.org\/{rel}","templated":true}]}}