{"id":101882,"date":"2025-12-02T02:30:09","date_gmt":"2025-12-02T02:30:09","guid":{"rendered":"https:\/\/www.europesays.com\/no\/101882\/"},"modified":"2025-12-02T02:30:09","modified_gmt":"2025-12-02T02:30:09","slug":"splinter-cell-remake-har-funnet-sin-tredje-spillregissor-som-ogsa-var-den-forste","status":"publish","type":"post","link":"https:\/\/www.europesays.com\/no\/101882\/","title":{"rendered":"Splinter Cell Remake har funnet sin tredje spillregiss\u00f8r, som ogs\u00e5 var den f\u00f8rste"},"content":{"rendered":"<p>For litt over tre \u00e5r siden ble det <a href=\"https:\/\/www.gamereactor.eu\/the-splinter-cell-remake-game-director-has-departed-ubisoft-1215303\/\" target=\"_blank\" title=\"The Splinter Cell Remake game director has departed Ubisoft\" rel=\"nofollow noopener\">kjent<\/a> at Ubisoft-veteranen David Grivel hadde forlatt selskapet, noe som ble sett p\u00e5 som et betydelig slag for Splinter Cell Remake ettersom han var spillregiss\u00f8r for prosjektet. Siden den gang har vi egentlig ikke h\u00f8rt noe mer om tittelen, som ble annonsert for rundt fire \u00e5r siden.<\/p>\n<p>Men i oktober <a href=\"https:\/\/www.gamereactor.no\/splinter-cell-remake-er-pa-jakt-etter-sin-tredje-regissor-1895043\/\" title=\"Splinter Cell Remake er p\u00e5 jakt etter sin tredje regiss\u00f8r\" rel=\"nofollow noopener\" target=\"_blank\">rapporterte<\/a> vi at en annen kreativ regiss\u00f8r hadde forlatt prosjektet, og Ubisoft har lett etter en erstatning siden den gang &#8211; og n\u00e5 har de funnet en. Og den personen er &#8230; David Grivel.<\/p>\n<p>Via sin <a href=\"https:\/\/www.linkedin.com\/posts\/davidgrivel_today-i-am-very-very-happy-to-announce-activity-7397680267999686656-ZvKU\" target=\"_blank\" rel=\"nofollow noopener\">LinkedIn<\/a> (via <a href=\"https:\/\/www.gamesradar.com\/games\/stealth\/after-3-years-and-a-brief-tenure-on-battlefield-6-former-splinter-cell-remake-game-director-rejoins-ubisoft-for-sam-fishers-big-comeback-a-very-special-team-and-project-to-me\/\" target=\"_blank\" rel=\"nofollow noopener\">GamesRadar<\/a>) skriver han at han er tilbake hos Ubisoft Toronto etter \u00e5 ha jobbet med Battlefield 6 det siste \u00e5ret eller s\u00e5, og sier at Sam Fishers eventyr er viktige for ham:<\/p>\n<p>&laquo;I dag er jeg veldig, veldig glad for \u00e5 kunngj\u00f8re at jeg slutter meg til Ubisoft Toronto som Game Director p\u00e5 Splinter Cell Remake!<\/p>\n<p>Et veldig spesielt team og prosjekt for meg \u2764\ufe0f&raquo;<\/p>\n<p>Vi vet faktisk ikke n\u00e5r vi f\u00e5r se noe konkret fra stealth-eventyret. Vi kan krysse fingrene for The Game Awards, men med tanke p\u00e5 den tilsynelatende urolige utviklingen er det sannsynligvis ikke noe vi b\u00f8r holde pusten for.<\/p>\n<p><img loading=\"lazy\" decoding=\"async\" id=\"img-1928693-3906903\" data-fullsize=\"\/media\/69\/herermasse_3906903b.jpg\" data-lazy=\"\" src=\"https:\/\/www.gamereactor.nohttps:\/\/www.gamereactor.no\/media\/69\/herermasse_3906903_650x.jpg\" width=\"650\" onclick=\"if (!window.__cfRLUnblockHandlers) return false; gallery_openmodal('1928693','3906903',false,'1441f32b14b8433d109f166d7668c4ce');\" height=\"339\" alt=\"Splinter Cell Remake\" class=\"rwd_col_content lazy\" data-cf-modified-7342a98e625b8f06d4571174-=\"\"\/><\/p>\n","protected":false},"excerpt":{"rendered":"For litt over tre \u00e5r siden ble det kjent at Ubisoft-veteranen David Grivel hadde forlatt selskapet, noe som&hellip;\n","protected":false},"author":2,"featured_media":101883,"comment_status":"","ping_status":"","sticky":false,"template":"","format":"standard","meta":{"footnotes":""},"categories":[57],"tags":[30,28,29,65,63,64,66,70,69,67,68],"class_list":{"0":"post-101882","1":"post","2":"type-post","3":"status-publish","4":"format-standard","5":"has-post-thumbnail","7":"category-vitenskap-og-teknologi","8":"tag-no","9":"tag-norge","10":"tag-norway","11":"tag-science","12":"tag-science-and-technology","13":"tag-scienceandtechnology","14":"tag-technology","15":"tag-teknologi","16":"tag-vitenskap","17":"tag-vitenskap-og-teknologi","18":"tag-vitenskapteknologi"},"share_on_mastodon":{"url":"https:\/\/pubeurope.com\/@no\/115647625688357286","error":""},"_links":{"self":[{"href":"https:\/\/www.europesays.com\/no\/wp-json\/wp\/v2\/posts\/101882","targetHints":{"allow":["GET"]}}],"collection":[{"href":"https:\/\/www.europesays.com\/no\/wp-json\/wp\/v2\/posts"}],"about":[{"href":"https:\/\/www.europesays.com\/no\/wp-json\/wp\/v2\/types\/post"}],"author":[{"embeddable":true,"href":"https:\/\/www.europesays.com\/no\/wp-json\/wp\/v2\/users\/2"}],"replies":[{"embeddable":true,"href":"https:\/\/www.europesays.com\/no\/wp-json\/wp\/v2\/comments?post=101882"}],"version-history":[{"count":0,"href":"https:\/\/www.europesays.com\/no\/wp-json\/wp\/v2\/posts\/101882\/revisions"}],"wp:featuredmedia":[{"embeddable":true,"href":"https:\/\/www.europesays.com\/no\/wp-json\/wp\/v2\/media\/101883"}],"wp:attachment":[{"href":"https:\/\/www.europesays.com\/no\/wp-json\/wp\/v2\/media?parent=101882"}],"wp:term":[{"taxonomy":"category","embeddable":true,"href":"https:\/\/www.europesays.com\/no\/wp-json\/wp\/v2\/categories?post=101882"},{"taxonomy":"post_tag","embeddable":true,"href":"https:\/\/www.europesays.com\/no\/wp-json\/wp\/v2\/tags?post=101882"}],"curies":[{"name":"wp","href":"https:\/\/api.w.org\/{rel}","templated":true}]}}