{"id":101890,"date":"2025-12-02T03:04:39","date_gmt":"2025-12-02T03:04:39","guid":{"rendered":"https:\/\/www.europesays.com\/no\/101890\/"},"modified":"2025-12-02T03:04:39","modified_gmt":"2025-12-02T03:04:39","slug":"stikk-til-poromaa-lyst-a-banke-ham-i-sporet","status":"publish","type":"post","link":"https:\/\/www.europesays.com\/no\/101890\/","title":{"rendered":"Stikk til Poromaa: &#8211; Lyst \u00e5 banke ham i sporet"},"content":{"rendered":"<p>  Einar Hedegart (24) m\u00e5 kunne stemples som et frisk tilskudd i skisporten. Han fyrer l\u00f8s: &#8211; Lyst til \u00e5 banke ham i sporet.<\/p>\n<p>\n    KOMETEN: Seier p\u00e5 Beitost\u00f8len for en dr\u00f8y uke siden og andreplass i verdenscupen i helga. Einar Hedegart viser alvor. Foto: Kalle Parkkinen \/ BILDBYR\u00c5N\n  <\/p>\n<p>RUKA (Dagbladet): Det var en del ting \u00e5 ta tak i etter herrenes fellesstart i verdenscupen i Ruka s\u00f8ndag.\u00a0<\/p>\n<p><a href=\"https:\/\/www.dagbladet.no\/sport\/is-og-faenskap\/83918712\" rel=\"nofollow noopener\" target=\"_blank\">Forholdene<\/a> splittet ski-eliten, mens Johannes H\u00f8sflot Kl\u00e6bo endte p\u00e5 en sv\u00e6rt, sv\u00e6rt overraskende <a href=\"https:\/\/www.dagbladet.no\/sport\/kommer-med-hjertesukk\/83919363\" rel=\"nofollow noopener\" target=\"_blank\">15.-plass.<\/a><\/p>\n<p>    <a itemprop=\"url\" href=\"https:\/\/www.dagbladet.no\/sport\/kommer-med-hjertesukk\/83919363\" rel=\"nofollow noopener\" target=\"_blank\"><\/p>\n<p>      <img loading=\"lazy\" decoding=\"async\" src=\"https:\/\/www.europesays.com\/no\/wp-content\/uploads\/2025\/12\/83870717.webp\" width=\"980\" height=\"441\" title=\"Kommer med hjertesukk\" alt=\"\" class=\"lazyload\" style=\"--aspect-ratio-image: 2.22; \"\/><\/p>\n<p>        Kommer med hjertesukk<\/p>\n<p>    <\/a><\/p>\n<p>Einar Hedegart &#8211; <a href=\"https:\/\/www.dagbladet.no\/sport\/tror-de-hater-det-skikkelig\/83908147\" rel=\"nofollow noopener\" target=\"_blank\">som egentlig er skiskytter<\/a> &#8211; ble nummer to og bare sl\u00e5tt av Harald \u00d8stberg Amundsen.\u00a0<\/p>\n<p>Han viser virkelig at han m\u00e5 man regne med i denne store OL-sesongen. Tr\u00f8nderen spurtslo svenske Edvin Anger p\u00e5 oppl\u00f8pet i kampen om andreplassen.\u00a0<\/p>\n<p>Anger er en sterk spurter p\u00e5 papiret.\u00a0<\/p>\n<p>          <img loading=\"lazy\" decoding=\"async\" src=\"https:\/\/www.europesays.com\/no\/wp-content\/uploads\/2025\/12\/83920384.webp\" width=\"980\" height=\"559\" title=\"VIKTIG: Einar Hedegart har virkelig meldt seg p\u00e5 i kampen om en billett til OL etter de siste prestasjonene. Foto: Terje Pedersen \/ NTB\" alt=\"\" class=\"\" style=\"--aspect-ratio-image: 1.75; \"\/><\/p>\n<p>\n          VIKTIG: Einar Hedegart har virkelig meldt seg p\u00e5 i kampen om en billett til OL etter de siste prestasjonene. Foto: Terje Pedersen \/ NTB\n      <\/p>\n<p>Hedegart om Poromaa: &#8211; Lyst til \u00e5 sl\u00e5\t<\/p>\n<p>&#8211; Han var stokk stiv p\u00e5 oppl\u00f8pet, jeg f\u00f8lte det ikke var noen spurt engang. Det var ikke mye \u00e5 skryte av. Men det er alltid digg \u00e5 sl\u00e5 svenskene, sier Hedegart til Dagbladet om duellen med Anger.<\/p>\n<p>Men s\u00e5 tar intervjuet en helt annen retning:\u00a0<\/p>\n<p>Feiden mellom skiskytterne og langrennsl\u00f8perne. Spesielt i Sverige har dette v\u00e6rt en snakkis. Langrennsl\u00f8per William Poromaa (24), som ikke stilte i Ruka denne helga, har <a href=\"https:\/\/www.dagbladet.no\/sport\/ordkrig-mellom-norge-og-sverige\/80776663\" rel=\"nofollow noopener\" target=\"_blank\">v\u00e6rt i en ordkrig<\/a> med skiskytterstjernene over tid.<\/p>\n<p class=\"font-weight-bold m-font-weight-bold\" data-lab-font_weight=\"font-weight-bold\">Hedegart fortsetter resonnementet:<\/p>\n<p>&#8211; Det er alltid digg \u00e5 sl\u00e5 svenskene, men jeg skulle h\u00e5pe det var Poromaa. Han har jeg i hvert fall lyst til \u00e5 sl\u00e5. Men han er i s\u00e5 d\u00e5rlig form at han ikke stiller engang.<\/p>\n<p>          <img loading=\"lazy\" decoding=\"async\" src=\"https:\/\/www.europesays.com\/no\/wp-content\/uploads\/2025\/12\/83920396.webp\" width=\"980\" height=\"559\" title=\"IKKE MED: William Poromaa var en av flere svenske stjerner som gikk glipp av verdenscupen i Ruka. N\u00e5 f\u00e5r han h\u00f8re det av Einar Hedegart. Foto: Johanna S\u00e4ll \/ BILDBYR\u00c5N\" alt=\"\" class=\"\" style=\"--aspect-ratio-image: 1.75; \"\/><\/p>\n<p>\n          IKKE MED: William Poromaa var en av flere svenske stjerner som gikk glipp av verdenscupen i Ruka. N\u00e5 f\u00e5r han h\u00f8re det av Einar Hedegart. Foto: Johanna S\u00e4ll \/ BILDBYR\u00c5N\n      <\/p>\n<p class=\"italic m-italic\" data-lab-italic=\"italic\">&#8211; Hvorfor akkurat Poromaa?<\/p>\n<p>&#8211; Han sier at skiskyttere er mislykkede langrennsl\u00f8pere, s\u00e5 man m\u00e5 skyte i tillegg for \u00e5 ha noe \u00e5 gj\u00f8re her i sporten. Han har jo for s\u00e5 vidt et poeng, jeg kom p\u00e5 en andreplass i dag. Men jeg har lyst til \u00e5 banke ham i sporet nok en gang.<\/p>\n<p>    <a itemprop=\"url\" href=\"https:\/\/www.dagbladet.no\/sport\/is-og-faenskap\/83918712\" rel=\"nofollow noopener\" target=\"_blank\"><\/p>\n<p>      <img loading=\"lazy\" decoding=\"async\" src=\"https:\/\/www.europesays.com\/no\/wp-content\/uploads\/2025\/12\/83919168.webp\" width=\"980\" height=\"441\" title=\"- Is og faenskap\" alt=\"\" class=\"lazyload\" style=\"--aspect-ratio-image: 2.22; \"\/><\/p>\n<p>        &#8211; Is og faenskap<\/p>\n<p>    <\/a><\/p>\n<p>&#8211; Ikke artig \u00e5 sl\u00e5 noen som ligger nede\t<\/p>\n<p>Med\u00a0\u00abnok en gang\u00bb viser den ufiltrerte tr\u00f8nderen til verdenscuprennet i Holmenkollen i mars da Hedegart tok sin f\u00f8rste pallplass i verdenscupen. Han endte 15 sekunder foran William Poromaa.\u00a0<\/p>\n<p>I Ruka s\u00f8ndag tok Hedegart alts\u00e5 sin andre pallplass i verdenscupen.<\/p>\n<p>        DISKVALIFISERT: Det kokte over for Aleksandr Bolsjunov under et renn i Russland l\u00f8rdag 30. november. Reporter: Edward Stenlund. Video: Match TV<\/p>\n<p class=\"italic m-italic\" data-lab-italic=\"italic\">&#8211; Er det Poromaa som er den mest tilfredsstillende \u00e5 sl\u00e5? sp\u00f8r Aftonbladet.<\/p>\n<p>&#8211; Ja, men akkurat n\u00e5 &#8230; Det er ikke noe\u00a0\u00absk\u00f6nt\u00bb \u00e5 vinne mot en som hadde vanket rundt en 40.-plass. Den dagen han kommer tilbake og forh\u00e5pentligvis er i form og kan utfordre litt, da er det artig \u00e5 sl\u00e5 ham. Men det er ikke artig \u00e5 sl\u00e5 noen som ligger nede.<\/p>\n<p>Poromaa er nemlig ikke i tipp topp slag.<\/p>\n<p>&#8211; William f\u00f8lte at kroppen ikke helt responderer p\u00e5 en m\u00e5te han kjenner igjen. Vi bestemmer oss derfor for ikke \u00e5 risikere noe s\u00e5 tidlig i sesongen, sa Poromaas trener Lars Ljung til <a href=\"https:\/\/www.expressen.se\/sport\/langdskidor\/svenska-truppen-till-varldscuppremiaren-i-ruka\/\" rel=\"nofollow noopener\" target=\"_blank\">Expressen<\/a> f\u00f8r helga i Ruka.<\/p>\n<p>    <a itemprop=\"url\" href=\"https:\/\/www.dagbladet.no\/sport\/tror-de-hater-det-skikkelig\/83908147\" rel=\"nofollow noopener\" target=\"_blank\"><\/p>\n<p>      <img loading=\"lazy\" decoding=\"async\" src=\"https:\/\/www.europesays.com\/no\/wp-content\/uploads\/2025\/12\/83909625.webp\" width=\"980\" height=\"441\" title=\"- Tror de hater det skikkelig\" alt=\"\" class=\"lazyload\" style=\"--aspect-ratio-image: 2.22; \"\/><\/p>\n<p>        &#8211; Tror de hater det skikkelig<\/p>\n<p>    <\/a><\/p>\n<p>Neste helg er det tre konkurranser i verdenscupen i Trondheim. To av dem er OL-\u00f8velser, s\u00e5 det vil v\u00e6re en stor nerve i VM-byen.\u00a0<\/p>\n<p class=\"italic m-italic\" data-lab-italic=\"italic\">&#8211; Du inviterer ham til duell i Trondheim, Hedegart?<\/p>\n<p>&#8211; Ja. Still opp. Start med det, tenker jeg.<\/p>\n","protected":false},"excerpt":{"rendered":"Einar Hedegart (24) m\u00e5 kunne stemples som et frisk tilskudd i skisporten. Han fyrer l\u00f8s: &#8211; Lyst til&hellip;\n","protected":false},"author":2,"featured_media":101891,"comment_status":"","ping_status":"","sticky":false,"template":"","format":"standard","meta":{"footnotes":""},"categories":[59],"tags":[11507,398,30,28,29,83,82],"class_list":{"0":"post-101890","1":"post","2":"type-post","3":"status-publish","4":"format-standard","5":"has-post-thumbnail","7":"category-sport","8":"tag-einar-hedegart","9":"tag-langrenn","10":"tag-no","11":"tag-norge","12":"tag-norway","13":"tag-sport","14":"tag-sports"},"share_on_mastodon":{"url":"https:\/\/pubeurope.com\/@no\/115647759475231694","error":""},"_links":{"self":[{"href":"https:\/\/www.europesays.com\/no\/wp-json\/wp\/v2\/posts\/101890","targetHints":{"allow":["GET"]}}],"collection":[{"href":"https:\/\/www.europesays.com\/no\/wp-json\/wp\/v2\/posts"}],"about":[{"href":"https:\/\/www.europesays.com\/no\/wp-json\/wp\/v2\/types\/post"}],"author":[{"embeddable":true,"href":"https:\/\/www.europesays.com\/no\/wp-json\/wp\/v2\/users\/2"}],"replies":[{"embeddable":true,"href":"https:\/\/www.europesays.com\/no\/wp-json\/wp\/v2\/comments?post=101890"}],"version-history":[{"count":0,"href":"https:\/\/www.europesays.com\/no\/wp-json\/wp\/v2\/posts\/101890\/revisions"}],"wp:featuredmedia":[{"embeddable":true,"href":"https:\/\/www.europesays.com\/no\/wp-json\/wp\/v2\/media\/101891"}],"wp:attachment":[{"href":"https:\/\/www.europesays.com\/no\/wp-json\/wp\/v2\/media?parent=101890"}],"wp:term":[{"taxonomy":"category","embeddable":true,"href":"https:\/\/www.europesays.com\/no\/wp-json\/wp\/v2\/categories?post=101890"},{"taxonomy":"post_tag","embeddable":true,"href":"https:\/\/www.europesays.com\/no\/wp-json\/wp\/v2\/tags?post=101890"}],"curies":[{"name":"wp","href":"https:\/\/api.w.org\/{rel}","templated":true}]}}