{"id":101903,"date":"2025-12-02T04:13:14","date_gmt":"2025-12-02T04:13:14","guid":{"rendered":"https:\/\/www.europesays.com\/no\/101903\/"},"modified":"2025-12-02T04:13:14","modified_gmt":"2025-12-02T04:13:14","slug":"mangione-kjemper-mot-bevisene","status":"publish","type":"post","link":"https:\/\/www.europesays.com\/no\/101903\/","title":{"rendered":"Mangione kjemper mot bevisene"},"content":{"rendered":"\n<p class=\"_lead_o9xde_2 _lead_xtcu6_50 layout-component text-serif-m layout-normal text-serif-l layout-component layout-wide layout-padded _wide_17hqh_1 layout-padded\">Luigi Mangione m\u00f8tte mandag i retten i et fors\u00f8k p\u00e5 \u00e5 f\u00e5 utelukket sentrale bevis i saken der han er tiltalt for drapet p\u00e5 UnitedHealthcare-sjef Brian Thompson.<\/p>\n<p><img alt=\"Luigi Mangione (foran t.h.) i retten i Manhattan, der en serie rettsm\u00f8ter f\u00f8r hovedforhandlingene har startet. Han er tiltalt for drapet p\u00e5 UnitedHealthcare-sjef Brian Thompson 4. desember 2024. Foto: STEVEN HIRSCH \/ POOL \/ EPA \/ NTB\" class=\"_image_qp4xg_65 layout-component layout-wide\" data-fullscreen- data-track-element-type=\"Article image fullscreen\" data-track-name=\"ImageFullscreen\" fetchpriority=\"high\" decoding=\"sync\" loading=\"eager\" height=\"4279\" itemprop=\"image\"  src=\"https:\/\/www.europesays.com\/no\/wp-content\/uploads\/2025\/12\/9776ea1b-17c6-44b6-a84d-be2f79c90317\"  style=\"object-position:0% 0%\" width=\"6419\"\/>Luigi Mangione (foran t.h.) i retten i Manhattan, der en serie rettsm\u00f8ter f\u00f8r hovedforhandlingene har startet. Han er tiltalt for drapet p\u00e5 UnitedHealthcare-sjef Brian Thompson 4. desember 2024. Foto: STEVEN HIRSCH \/ POOL \/ EPA \/ NTB<\/p>\n<ul aria-hidden=\"true\" class=\"_images_1uft6_111\">\n<li><a class=\"_link_1uft6_116\" href=\"https:\/\/www.vg.no\/forfatter\/ingrid-storeboe\" style=\"z-index:1\" title=\"Ingrid Storeb\u00f8\" rel=\"nofollow noopener\" target=\"_blank\"><img alt=\"Bilde av Ingrid Storeb\u00f8\" class=\"_image_1uft6_93\" fetchpriority=\"low\" loading=\"lazy\" decoding=\"async\" itemprop=\"image\"  src=\"https:\/\/www.europesays.com\/no\/wp-content\/uploads\/2025\/12\/1764648789_770_b3fc896d-536d-4041-8257-79b6b2cd3323\"  width=\"480\"\/><\/a><\/li>\n<\/ul>\n<p> Oppdatert tirsdag 2. desember kl. 04:29    <\/p>\n<ul class=\"_list_o9xde_3 _list_64s2r_85 _unordered_o9xde_106 text-sans-m\">\n<li class=\"_item_o9xde_30\">Luigi Mangione fors\u00f8ker \u00e5 utelukke sentrale bevis i retten f\u00f8r hovedrettssaken starter i januar.<\/li>\n<li class=\"_item_o9xde_30\">Han er tiltalt for drapet p\u00e5 UnitedHealthcare-sjef Brian Thompson.<\/li>\n<li class=\"_item_o9xde_30\">Forsvaret hevder politiet ulovlig ransaket Mangiones ryggsekk uten ransakingsordre.<\/li>\n<li class=\"_item_o9xde_30\">Hvis forsvarsadvokaten lykkes, kan det svekke aktoratets sak betydelig.<\/li>\n<\/ul>\n<p>Vis mer <\/p>\n<p class=\"_paragraph_o9xde_4 _paragraph_xtcu6_10 layout-component text-serif-m layout-normal text-serif-m layout-padded\"><a href=\"https:\/\/www.vg.no\/tag\/luigi-mangione?utm_source=vg-article&amp;utm_medium=auto-tagger&amp;utm_campaign=9pl945\" class=\"_link_o9xde_39\" rel=\"nofollow noopener\" target=\"_blank\">Luigi Mangione<\/a> satt rolig og virket \u00e5 f\u00f8lge med da aktoraktorDen advokaten som representerer staten og f\u00f8rer saken mot den tiltalte i en straffesak. spilte av overv\u00e5knings\u00advideoer som viste drapet p\u00e5 UnitedHealthcare-sjef Brian Thompson p\u00e5 en New York-gate i desember i fjor, skriver AP.<\/p>\n<p class=\"_paragraph_o9xde_4 _paragraph_xtcu6_10 layout-component text-serif-m layout-normal text-serif-m layout-padded\">Den n\u00e5 27 \u00e5r gamle mannen, <a href=\"https:\/\/www.vg.no\/nyheter\/i\/93GvyW\/luigi-mangione-26-faar-massiv-stoette-paa-sosiale-medier\" data-track-element-type=\"Link\" data-track-id=\"link:93GvyW\" class=\"_link_o9xde_39\" rel=\"nofollow noopener\" target=\"_blank\">som over natten fikk massiv oppmerksomhet i sosiale <\/a>medier etter drapet, er tiltalttiltaltEn person som er anklaget for \u00e5 ha beg\u00e5tt en forbrytelse og som m\u00e5 m\u00f8te i retten for \u00e5 svare p\u00e5 anklagene. for \u00e5 ha skutt og drept Thompson 4. desember, utenfor et hotell.<\/p>\n<p class=\"_paragraph_o9xde_4 _paragraph_xtcu6_10 layout-component text-serif-m layout-normal text-serif-m layout-padded\">N\u00e5 kjemper han for \u00e5 f\u00e5 utelukket viktige bevis i rettssaken mot ham. Selve rettssaken starter f\u00f8rst i januar.<\/p>\n<p class=\"_paragraph_o9xde_4 _paragraph_xtcu6_10 layout-component text-serif-m layout-normal text-serif-m layout-padded\">Mangione m\u00f8tte opp i Manhattan-retten if\u00f8rt en gr\u00e5 dress og rutete skjorte. H\u00e5ndjernene ble fjernet slik at han kunne ta notater under h\u00f8ringen.<\/p>\n<p class=\"_paragraph_o9xde_4 _paragraph_xtcu6_10 layout-component text-serif-m layout-normal text-serif-m layout-padded\">Det er stort oppm\u00f8te for \u00e5 st\u00f8tte Mangione, og spesielt mange kvinner er til sted, bemerker flere internasjonale medier.<\/p>\n<p>Foto: Mike Segar \/ Reuters \/ NTB<\/p>\n<p> Vil ha v\u00e5pen og dagbok utelukket<\/p>\n<p class=\"_paragraph_o9xde_4 _paragraph_xtcu6_10 layout-component text-serif-m layout-normal text-serif-m layout-padded\">Mangiones forsvarere argumenterer for at politiet ulovlig ransaket ryggsekken hans uten ransakingsordreransakingsordreEn rettslig tillatelse som gir politiet lov til \u00e5 gjennoms\u00f8ke et sted eller en person for \u00e5 finne bevis. da han ble p\u00e5grepet p\u00e5 en McDonald&#8217;s-restaurant i Pennsylvania fem dager etter drapet, if\u00f8lge <a href=\"https:\/\/apnews.com\/article\/mangione-unitedhealthcare-killing-evidence-hearing-77d3b2add7f95341de179f31559eaba1\" class=\"_link_o9xde_39\" rel=\"nofollow noopener\" target=\"_blank\">AP News<\/a>.<\/p>\n<p><img alt=\"Luigi Mangione m\u00f8ter i retten i Manhattan, der forsvaret fors\u00f8ker \u00e5 f\u00e5 bevis utelukket. De hevder politiet hverken leste opp rettighetene hans eller hadde ransakelsesordre da ryggsekken hans ble unders\u00f8kt.   Foto: POOL \/ AFP \/ NTB\" class=\"_image_qp4xg_65 layout-component layout-normal\" data-fullscreen- data-track-element-type=\"Article image fullscreen\" data-track-name=\"ImageFullscreen\" decoding=\"async\" loading=\"lazy\" height=\"4666\" itemprop=\"image\"  src=\"https:\/\/www.europesays.com\/no\/wp-content\/uploads\/2025\/12\/d8452b60-0607-41a8-956a-833610fed01d\"  style=\"object-position:0% 0%\" width=\"6998\"\/>Luigi Mangione m\u00f8ter i retten i Manhattan, der forsvaret fors\u00f8ker \u00e5 f\u00e5 bevis utelukket. De hevder politiet hverken leste opp rettighetene hans eller hadde ransakelsesordre da ryggsekken hans ble unders\u00f8kt.   Foto: POOL \/ AFP \/ NTB<\/p>\n<p class=\"_paragraph_o9xde_4 _paragraph_xtcu6_10 layout-component text-serif-m layout-normal text-serif-m layout-padded\">If\u00f8lge rettsdokumentene skal politiet ha funnet en 9-millimeter pistol med lyddemper, kl\u00e6r som matchet det gjerningsmannen hadde p\u00e5 seg p\u00e5 overv\u00e5kningsbilder, og en notatbok som beskrev en intensjon om \u00e5 \u00abta\u00bb en forsikringssjef.<\/p>\n<p class=\"_paragraph_o9xde_4 _paragraph_xtcu6_10 layout-component text-serif-m layout-normal text-serif-m layout-padded\">Mangione har hele tiden nektet straffskyld. Du kan lese mer av saken her:<\/p>\n<p class=\"_paragraph_o9xde_4 _paragraph_xtcu6_10 layout-component text-serif-m layout-normal layout-padded\"><strong class=\"_strong_o9xde_25\">Les ogs\u00e5:<\/strong> <a href=\"https:\/\/www.vg.no\/i\/dRbeRO\" data-track-element-type=\"Link\" data-track-id=\"link:dRbeRO\" class=\"_link_o9xde_39\" rel=\"nofollow noopener\" target=\"_blank\">Tiltalt etter toppsjefdrap i New York nekter straffskyld<\/a><\/p>\n<p class=\"_paragraph_o9xde_4 _paragraph_xtcu6_10 layout-component text-serif-m layout-normal text-serif-m layout-padded\">Dersom Mangiones forsvarer lykkes i \u00e5 f\u00e5 v\u00e5penet og notatboken utelukket som bevis, vil det v\u00e6re et betydelig nederlag for aktor, som da mister b\u00e5de et mulig drapsv\u00e5pen og et sentralt motivbevis i rettssaken. <\/p>\n<p class=\"_paragraph_o9xde_4 _paragraph_xtcu6_10 layout-component text-serif-m layout-normal text-serif-m layout-padded\">Under h\u00f8ringen mandag spilte aktoratet av overv\u00e5kningsvideoene som viser Thompson bli skutt foran et hotell, snuble til siden f\u00f8r han faller til bakken, if\u00f8lge <a href=\"https:\/\/edition.cnn.com\/2025\/12\/01\/us\/luigi-mangione-court-appearance-case\" class=\"_link_o9xde_39\" rel=\"nofollow noopener\" target=\"_blank\">CNN<\/a>.<\/p>\n<p class=\"_paragraph_o9xde_4 _paragraph_xtcu6_10 layout-component text-serif-m layout-normal text-serif-m layout-padded\">De viste ogs\u00e5 overv\u00e5kningsvideo fra McDonald&#8217;s-restauranten da to politibetjenter f\u00f8rst n\u00e6rmet seg Mangione, med minst seks andre politifolk som senere kom til restauranten.<\/p>\n<p> N\u00f8dsamtale fra McDonald&#8217;s<\/p>\n<p class=\"_paragraph_o9xde_4 _paragraph_xtcu6_10 layout-component text-serif-m layout-normal text-serif-m layout-padded\">Aktoratet spilte ogs\u00e5 en 911-samtale fra restaurantsjefen p\u00e5 McDonald&#8217;s.<\/p>\n<p class=\"_paragraph_o9xde_4 _paragraph_xtcu6_10 layout-component text-serif-m layout-normal text-serif-m layout-padded\">\u2013 Jeg har en kunde her som andre kunder var mistenksomme til, og han ser ut som CEO-skyteren fra New York, sa sjefen i samtalen if\u00f8lge <a href=\"https:\/\/apnews.com\/article\/mangione-unitedhealthcare-killing-evidence-hearing-77d3b2add7f95341de179f31559eaba1\" class=\"_link_o9xde_39\" rel=\"nofollow noopener\" target=\"_blank\">AP News<\/a>.<\/p>\n<p class=\"_paragraph_o9xde_4 _paragraph_xtcu6_10 layout-component text-serif-m layout-normal text-serif-m layout-padded\">\u2013 S\u00e5 de er virkelig oppr\u00f8rte, og de har kommet til meg.<\/p>\n<p><img alt=\"En person holder opp en plakat ved veikanten n\u00e6r McDonald\u2019s-restauranten der Luigi Mangione ble p\u00e5grepet.  Foto: Matthew Hatcher \/ Reuters \/ NTB\" class=\"_image_qp4xg_65 layout-component layout-normal\" data-fullscreen- data-track-element-type=\"Article image fullscreen\" data-track-name=\"ImageFullscreen\" decoding=\"async\" loading=\"lazy\" height=\"2753\" itemprop=\"image\"  src=\"https:\/\/www.europesays.com\/no\/wp-content\/uploads\/2025\/12\/9ee19064-50aa-46fd-838b-a858198d9145\"  style=\"object-position:0% 0%\" width=\"4082\"\/>En person holder opp en plakat ved veikanten n\u00e6r McDonald\u2019s-restauranten der Luigi Mangione ble p\u00e5grepet.  Foto: Matthew Hatcher \/ Reuters \/ NTB<\/p>\n<p class=\"_paragraph_o9xde_4 _paragraph_xtcu6_10 layout-component text-serif-m layout-normal text-serif-m layout-padded\">Innringeren sa mannen hadde p\u00e5 seg en svart jakke, medisinsk munnbind og en brun lue.<\/p>\n<p class=\"_paragraph_o9xde_4 _paragraph_xtcu6_10 layout-component text-serif-m layout-normal text-serif-m layout-padded\">\u2013 Det eneste du kan se er \u00f8yenbrynene hans, sa hun.<\/p>\n<p class=\"_paragraph_o9xde_4 _paragraph_xtcu6_10 layout-component text-serif-m layout-normal text-serif-m layout-padded\">Mangione viste ingen synlige tegn til motstand i overv\u00e5kningsvideoene, som ikke inkluderte lyd.<\/p>\n<p class=\"_paragraph_o9xde_4 _paragraph_xtcu6_10 layout-component text-serif-m layout-normal text-serif-m layout-padded\">Forsvareren til Mangione, Karen Friedman-Agnifilo, argumenterer for at politiet ulovlig ransaket sekken uten ransakingsordre, og at det ikke var noen umiddelbar trussel som kunne rettferdiggj\u00f8re en ransaking uten ordre.<\/p>\n<p><img alt=\"Forsvarer Karen Friedman Agnifilo f\u00f8lger med under rettsh\u00f8ringen mot Luigi Mangione i Manhattan tingrett.  Foto: Curtis Means \/ Reuters \/ NTB\" class=\"_image_qp4xg_65 layout-component layout-normal\" data-fullscreen- data-track-element-type=\"Article image fullscreen\" data-track-name=\"ImageFullscreen\" decoding=\"async\" loading=\"lazy\" height=\"1397\" itemprop=\"image\"  src=\"https:\/\/www.europesays.com\/no\/wp-content\/uploads\/2025\/12\/1e031f57-13eb-4938-b628-8be80a6d9027\"  style=\"object-position:0% 0%\" width=\"2096\"\/>Forsvarer Karen Friedman Agnifilo f\u00f8lger med under rettsh\u00f8ringen mot Luigi Mangione i Manhattan tingrett.  Foto: Curtis Means \/ Reuters \/ NTB<\/p>\n<p class=\"_paragraph_o9xde_4 _paragraph_xtcu6_10 layout-component text-serif-m layout-normal text-serif-m layout-padded\">\u2013 Politiet gjennomf\u00f8rte denne ransakingen uten ordre selv om det ikke var noen presserende omstendigheter siden Mangione allerede var i h\u00e5ndjern, ryggsekken var p\u00e5 et bord over to meter unna og Mangione var separert fra dette bordet av en vegg av v\u00e6pnede betjenter, skrev hun i en rettsdokument if\u00f8lge <a href=\"https:\/\/edition.cnn.com\/2025\/12\/01\/us\/luigi-mangione-court-appearance-case\" class=\"_link_o9xde_39\" rel=\"nofollow noopener\" target=\"_blank\">CNN<\/a>.<\/p>\n<p class=\"_paragraph_o9xde_4 _paragraph_xtcu6_10 layout-component text-serif-m layout-normal text-serif-m layout-padded\">Politiet s\u00f8kte ikke om ransakingsordre for sekken f\u00f8r senere samme kveld, omtrent syv timer etter at de f\u00f8rst \u00e5pnet ryggsekken.<\/p>\n<p class=\"_paragraph_o9xde_4 _paragraph_xtcu6_10 layout-component text-serif-m layout-normal text-serif-m layout-padded\">H\u00f8ringen over de omstridte bevisene forventes \u00e5 vare flere dager.<\/p>\n<p><img alt=\"NEW YORK, 16. september 2025: Luigi Mangione f\u00f8res inn i Manhattan tingrett.  Foto: Seth Wenig \/ AP \/ NTB\" class=\"_image_qp4xg_65 layout-component layout-normal\" data-fullscreen- data-track-element-type=\"Article image fullscreen\" data-track-name=\"ImageFullscreen\" decoding=\"async\" loading=\"lazy\" height=\"3477\" itemprop=\"image\"  src=\"https:\/\/www.europesays.com\/no\/wp-content\/uploads\/2025\/12\/4ca6c804-6cfe-45e8-bfe7-6a1b24450ed5\"  style=\"object-position:0% 0%\" width=\"5215\"\/>NEW YORK, 16. september 2025: Luigi Mangione f\u00f8res inn i Manhattan tingrett.  Foto: Seth Wenig \/ AP \/ NTB<\/p>\n<p class=\"_paragraph_o9xde_4 _paragraph_xtcu6_10 layout-component text-serif-m layout-normal text-serif-m layout-padded\">Mangione har erkl\u00e6rt seg ikke skyldig i en tiltale p\u00e5 11 punkter, inkludert drap som en terrorhandling og v\u00e5penlovbrudd. Han risikerer livstid i fengsel uten mulighet for pr\u00f8vel\u00f8slatelsepr\u00f8vel\u00f8slatelseEn ordning der en person som er d\u00f8mt til fengsel kan bli l\u00f8slatt f\u00f8r tiden under visse betingelser. hvis han blir d\u00f8mt.<\/p>\n","protected":false},"excerpt":{"rendered":"Luigi Mangione m\u00f8tte mandag i retten i et fors\u00f8k p\u00e5 \u00e5 f\u00e5 utelukket sentrale bevis i saken der&hellip;\n","protected":false},"author":2,"featured_media":101904,"comment_status":"","ping_status":"","sticky":false,"template":"","format":"standard","meta":{"footnotes":""},"categories":[12],"tags":[20,21,377,24,25,15,22,23,4293,97,13,30,28,29,14,16,26,27,42,46,43,44,45],"class_list":{"0":"post-101903","1":"post","2":"type-post","3":"status-publish","4":"format-standard","5":"has-post-thumbnail","7":"category-verden","8":"tag-breaking-news","9":"tag-breakingnews","10":"tag-drap","11":"tag-featured-news","12":"tag-featurednews","13":"tag-headlines","14":"tag-latest-news","15":"tag-latestnews","16":"tag-luigi-mangione","17":"tag-new-york","18":"tag-news","19":"tag-no","20":"tag-norge","21":"tag-norway","22":"tag-nyheter","23":"tag-overskrifter","24":"tag-top-stories","25":"tag-topstories","26":"tag-verden","27":"tag-vgai","28":"tag-world","29":"tag-world-news","30":"tag-worldnews"},"share_on_mastodon":{"url":"https:\/\/pubeurope.com\/@no\/115648031181706640","error":""},"_links":{"self":[{"href":"https:\/\/www.europesays.com\/no\/wp-json\/wp\/v2\/posts\/101903","targetHints":{"allow":["GET"]}}],"collection":[{"href":"https:\/\/www.europesays.com\/no\/wp-json\/wp\/v2\/posts"}],"about":[{"href":"https:\/\/www.europesays.com\/no\/wp-json\/wp\/v2\/types\/post"}],"author":[{"embeddable":true,"href":"https:\/\/www.europesays.com\/no\/wp-json\/wp\/v2\/users\/2"}],"replies":[{"embeddable":true,"href":"https:\/\/www.europesays.com\/no\/wp-json\/wp\/v2\/comments?post=101903"}],"version-history":[{"count":0,"href":"https:\/\/www.europesays.com\/no\/wp-json\/wp\/v2\/posts\/101903\/revisions"}],"wp:featuredmedia":[{"embeddable":true,"href":"https:\/\/www.europesays.com\/no\/wp-json\/wp\/v2\/media\/101904"}],"wp:attachment":[{"href":"https:\/\/www.europesays.com\/no\/wp-json\/wp\/v2\/media?parent=101903"}],"wp:term":[{"taxonomy":"category","embeddable":true,"href":"https:\/\/www.europesays.com\/no\/wp-json\/wp\/v2\/categories?post=101903"},{"taxonomy":"post_tag","embeddable":true,"href":"https:\/\/www.europesays.com\/no\/wp-json\/wp\/v2\/tags?post=101903"}],"curies":[{"name":"wp","href":"https:\/\/api.w.org\/{rel}","templated":true}]}}