{"id":101912,"date":"2025-12-02T05:49:20","date_gmt":"2025-12-02T05:49:20","guid":{"rendered":"https:\/\/www.europesays.com\/no\/101912\/"},"modified":"2025-12-02T05:49:20","modified_gmt":"2025-12-02T05:49:20","slug":"stromstad-shopping-sveriges-storste-lidl-butikk-til-stromstad","status":"publish","type":"post","link":"https:\/\/www.europesays.com\/no\/101912\/","title":{"rendered":"Str\u00f6mstad, Shopping | Sveriges st\u00f8rste Lidl-butikk til Str\u00f6mstad"},"content":{"rendered":"\n<p>Det skriver <a href=\"https:\/\/www.stromstadstidning.se\/\" rel=\"Follow nofollow noopener\" target=\"_blank\">Str\u00f6mstads Tidning<\/a>.<\/p>\n<p>Lidl tok denne uken det f\u00f8rste spadestikket for det som blir kjedens st\u00f8rste butikk i Sverige.<\/p>\n<p>Den nye flaggskipsbutikken bygges p\u00e5 Br\u00e4nneri\u00e4ngen, like ved Str\u00f6mstad K\u00f6pcentrum (ved rundkj\u00f8ringen p\u00e5 Oslov\u00e4gen p\u00e5 vei inn til Str\u00f6mstad) \u2013 et omr\u00e5de hyppig brukt av norske grensehandlere.<\/p>\n<p>If\u00f8lge Lidl h\u00e5per selskapet \u00e5 \u00e5pne d\u00f8rene f\u00f8r jul i 2026.<\/p>\n<p>\u2013 Vi f\u00e5r se om vi rekker det, men vi h\u00e5per det, sier Lidls eiendomssjef Christoffer Wennergren.<\/p>\n<p>Stor satsing og nye arbeidsplasser<\/p>\n<p>Butikken blir en del av en st\u00f8rre ekspansjon, og Str\u00f6mstad kan bli kjedens butikk nummer 215.<\/p>\n<p>Prosjektet vil gi rundt 40 nye arbeidsplasser, noe kommunalr\u00e5d Kent Hansson (S) mener f\u00e5r stor betydning lokalt.<\/p>\n<p>\u2013 Det er gledelig at tomten endelig tas i bruk. Dette blir viktig for arbeidsmarkedet og for \u00e5 styrke handelen i omr\u00e5det, sier han til lokalavisa i Str\u00f6mstad.<\/p>\n<p>Parkeringsdebatt og trafikksikkerhet<\/p>\n<p>Utbyggingen har v\u00e6rt preget av diskusjoner om trafikk og parkering rundt Str\u00f6mstad kj\u00f8pesenter.<\/p>\n<p>Konkurrenter har uttrykt bekymring for trafikksikkerheten, men utbyggerne mener problemene blir h\u00e5ndtert.<\/p>\n<p>\u2013 Det kommer flere parkeringsplasser og en ny vei. De som frykter forverring b\u00f8r ogs\u00e5 se p\u00e5 de positive tiltakene som vil lette trafikken, sier Ulf Palm, administrerende direkt\u00f8r i Orvelin-gruppen.<\/p>\n<p>Felles front blant konkurrentene<\/p>\n<p>Til tross for konkurranse om kundene \u2013 ikke minst de norske \u2013 var b\u00e5de Eurocash og Willys til stede under markeringen.<\/p>\n<p>\u2013 Vi har r\u00f8kt fredspipe og blitt enige om at vi skal gj\u00f8re dette til en av Sveriges beste handelsplasser sammen, sier Wennergren.<\/p>\n<p>Den nye Lidl-butikken skal bygges av entrepren\u00f8ren Brixly, og arbeidet er n\u00e5 i gang p\u00e5 tomten i Br\u00e4nneri\u00e4ngen.<\/p>\n","protected":false},"excerpt":{"rendered":"Det skriver Str\u00f6mstads Tidning. Lidl tok denne uken det f\u00f8rste spadestikket for det som blir kjedens st\u00f8rste butikk&hellip;\n","protected":false},"author":2,"featured_media":101913,"comment_status":"","ping_status":"","sticky":false,"template":"","format":"standard","meta":{"footnotes":""},"categories":[12],"tags":[36,20,21,24,25,679,15,22,23,13,30,28,29,14,16,4415,1510,2021,26,27,42,43,44,45],"class_list":{"0":"post-101912","1":"post","2":"type-post","3":"status-publish","4":"format-standard","5":"has-post-thumbnail","7":"category-verden","8":"tag-art","9":"tag-breaking-news","10":"tag-breakingnews","11":"tag-featured-news","12":"tag-featurednews","13":"tag-grensehandel","14":"tag-headlines","15":"tag-latest-news","16":"tag-latestnews","17":"tag-news","18":"tag-no","19":"tag-norge","20":"tag-norway","21":"tag-nyheter","22":"tag-overskrifter","23":"tag-shopping","24":"tag-story","25":"tag-stromstad","26":"tag-top-stories","27":"tag-topstories","28":"tag-verden","29":"tag-world","30":"tag-world-news","31":"tag-worldnews"},"share_on_mastodon":{"url":"https:\/\/pubeurope.com\/@no\/115648408057609343","error":""},"_links":{"self":[{"href":"https:\/\/www.europesays.com\/no\/wp-json\/wp\/v2\/posts\/101912","targetHints":{"allow":["GET"]}}],"collection":[{"href":"https:\/\/www.europesays.com\/no\/wp-json\/wp\/v2\/posts"}],"about":[{"href":"https:\/\/www.europesays.com\/no\/wp-json\/wp\/v2\/types\/post"}],"author":[{"embeddable":true,"href":"https:\/\/www.europesays.com\/no\/wp-json\/wp\/v2\/users\/2"}],"replies":[{"embeddable":true,"href":"https:\/\/www.europesays.com\/no\/wp-json\/wp\/v2\/comments?post=101912"}],"version-history":[{"count":0,"href":"https:\/\/www.europesays.com\/no\/wp-json\/wp\/v2\/posts\/101912\/revisions"}],"wp:featuredmedia":[{"embeddable":true,"href":"https:\/\/www.europesays.com\/no\/wp-json\/wp\/v2\/media\/101913"}],"wp:attachment":[{"href":"https:\/\/www.europesays.com\/no\/wp-json\/wp\/v2\/media?parent=101912"}],"wp:term":[{"taxonomy":"category","embeddable":true,"href":"https:\/\/www.europesays.com\/no\/wp-json\/wp\/v2\/categories?post=101912"},{"taxonomy":"post_tag","embeddable":true,"href":"https:\/\/www.europesays.com\/no\/wp-json\/wp\/v2\/tags?post=101912"}],"curies":[{"name":"wp","href":"https:\/\/api.w.org\/{rel}","templated":true}]}}