{"id":101929,"date":"2025-12-02T06:36:16","date_gmt":"2025-12-02T06:36:16","guid":{"rendered":"https:\/\/www.europesays.com\/no\/101929\/"},"modified":"2025-12-02T06:36:16","modified_gmt":"2025-12-02T06:36:16","slug":"ekspert-advarer-klesvasken-din-avslorer-deg","status":"publish","type":"post","link":"https:\/\/www.europesays.com\/no\/101929\/","title":{"rendered":"Ekspert advarer: Klesvasken din avsl\u00f8rer deg"},"content":{"rendered":"<p class=\"kicker t20\" style=\"\">Vaskemaskin:<\/p>\n<p>  Hvordan du vasker kl\u00e6rne dine, sier mer om deg enn du tror. Ekspert advarer spesielt om sorterings- og hurtigvask-fella.<\/p>\n<p>\n    HVITT FOR SEG: Hvorfor blir hvitt gr\u00e5tt n\u00e5r det blandes? Illustrasjonsfoto: NTB\n  <\/p>\n<p>    Kort fortalt<\/p>\n<ul lang=\"nb-NO\">\n<li>Hvordan du sorterer kl\u00e6r, sier noe om deg if\u00f8lge ekspert.\u00a0<\/li>\n<li>Hvite kl\u00e6r b\u00f8r vaskes separat med spesifikke vaskemidler for \u00e5 holde dem hvite.<\/li>\n<li>Temperatur er ofte overvurdert, men senget\u00f8y og h\u00e5ndkl\u00e6r b\u00f8r vaskes ved 60 grader for hygiene.<\/li>\n<li>Overdosering av vaskemiddel og underfylling av maskinen p\u00e5virker b\u00e5de kl\u00e6r og milj\u00f8 negativt.<\/li>\n<\/ul>\n<p class=\"italic ai-disclaimer\" data-lab-italic=\"italic\">Sammendraget er laget av ChatGPT og godkjent av Dagbladet.<\/p>\n<p>      Vis mer<br \/>\n      Vis mindre<\/p>\n<p>Hva som er gode vaskevaner er det delte meninger om. Selv innenfor samme husholdning kan det oppst\u00e5 diskusjon om hvor mye sortering som trengs i vaskemaskinen.\u00a0<\/p>\n<p>Vi kontaktet ekspertene for \u00e5 f\u00e5 fasit. Og l\u00e6rte et par ting vi skulle \u00f8nske vi hadde visst f\u00f8r vi satte p\u00e5 vaskemaskinen i morges.<\/p>\n<p>    <a itemprop=\"url\" href=\"https:\/\/dinside.dagbladet.no\/bolig\/bakteriebombe-kan-koste-deg-tusenlapper\/83783203\" rel=\"nofollow noopener\" target=\"_blank\"><\/p>\n<p>      <img loading=\"lazy\" decoding=\"async\" src=\"https:\/\/www.europesays.com\/no\/wp-content\/uploads\/2025\/12\/1764657371_313_83783230.webp\" width=\"980\" height=\"441\" title=\"\u00abBakteriebombe\u00bb: - Kan koste deg tusenlapper\" alt=\"\" class=\"lazyload\" style=\"--aspect-ratio-image: 2.22; \"\/><\/p>\n<p>        \u00abBakteriebombe\u00bb: &#8211; Kan koste deg tusenlapper<\/p>\n<p>    <\/a><\/p>\n<p>&#8211; Det kommer an p\u00e5 hva du \u00f8nsker \u00e5 oppn\u00e5, sier Ingun Grimstad Klepp, som er etnolog og professor i kl\u00e6r og b\u00e6rekraft ved SIFO.\u00a0<\/p>\n<p>&#8211; Ull<br \/>\nb\u00f8r vaskes som ull, men du kan ta oppi andre kl\u00e6r som du tror blir rene nok med<br \/>\nen ullvask, sier hun til Dagbladet.<\/p>\n<p>Hvitt for seg\t<\/p>\n<p>Vil du ha hvitt som holder seg hvitt, b\u00f8r du skille ut<br \/>\nhvitt:<\/p>\n<p>&#8211; Hvitt forblir ikke hvitt om du blander det med farger, sier Klepp.<\/p>\n<p>Hun forklarer hvorfor:<\/p>\n<p>&#8211; Vaskemidler for hvitt inneholder ofte blekemidler og stoffer som framhever det hvite. \u00c5 sortere bort alt farget som uansett ikke b\u00f8r vaskes med slike midler, bidrar til at det hvite forblir hvitt, utdyper hun.<\/p>\n<p>          <img loading=\"lazy\" decoding=\"async\" src=\"https:\/\/www.europesays.com\/no\/wp-content\/uploads\/2025\/12\/83899343.webp\" width=\"686\" height=\"673\" title=\"VASKEMIDLER: Her skal du ha tunga rett i munnen, n\u00e5r du velger hvilket produkt du skal bruke til klesvasken din. Eksperten r\u00e5der deg til hvilket. Illustrasjonsfoto: NTB \/ Sara Johannessen Meek\" alt=\"\" class=\"\" style=\"--aspect-ratio-image: 1.02; \"\/><\/p>\n<p>\n          VASKEMIDLER: Her skal du ha tunga rett i munnen, n\u00e5r du velger hvilket produkt du skal bruke til klesvasken din. Eksperten r\u00e5der deg til hvilket. Illustrasjonsfoto: NTB \/ Sara Johannessen Meek\n      <\/p>\n<p>Orkla som er produsent av en rekke kjente vaskemidler, nyanserer og forklarer den kjemiske biten bak dette:<\/p>\n<p>    <a itemprop=\"url\" href=\"https:\/\/dinside.dagbladet.no\/fritid\/folk-blir-lurt\/83908032\" rel=\"nofollow noopener\" target=\"_blank\"><\/p>\n<p>      <img loading=\"lazy\" decoding=\"async\" src=\"https:\/\/www.europesays.com\/no\/wp-content\/uploads\/2025\/12\/83908408.webp\" width=\"980\" height=\"441\" title=\"- Folk blir lurt\" alt=\"\" class=\"lazyload\" style=\"--aspect-ratio-image: 2.22; \"\/><\/p>\n<p>        &#8211; Folk blir lurt<\/p>\n<p>    <\/a><\/p>\n<p class=\"font-weight-bold m-font-weight-bold\" data-lab-font_weight=\"font-weight-bold\">\u2013 T\u00f8yfibrene i hvite kl\u00e6r er ikke naturlig helt hvite. Uten<br \/>\nvaskemidler med blekemiddel eller optiske hvitemidler blir hvitt gjerne gr\u00e5tt<br \/>\nover tid. Slike ingredienser bidrar til \u00e5 holde plaggene lyse og hvite lenger,<br \/>\nsier Alexandra Villanger, produktutvikler i Orkla Home &amp; Personal Care.<\/p>\n<p>\u2013 For hvite vaskemidler i pulverform trengs som regel minst<br \/>\n40 grader for at blekemidlene skal aktiveres og bidra til \u00e5 holde t\u00f8yet hvitt, tipser Villanger DinSides lesere.<\/p>\n<p>    Farge, hvitt og misfarging:<\/p>\n<ul>\n<li class=\"lab-bodytext-line\">Hvitt t\u00f8y: Blander du hvitt og farget blir det gr\u00e5tt over tid. Vil du ha kritthvitt, vask hvitt for seg.\u00a0<\/li>\n<li class=\"lab-bodytext-line\">Nye plagg: F\u00f8lg vaskeanvisningen for \u00e5 beholde reklamasjonsretten.\u00a0<\/li>\n<li class=\"lab-bodytext-line\">Program og temperatur: Velg etter hva som er viktigst for deg i kategorier som hvitt\/farget t\u00f8y, sk\u00e5nsomhet og spesialvask og renhetsgrad.\u00a0<\/li>\n<li class=\"lab-bodytext-line\">Personlige preferanser: Noen t\u00e5ler litt gr\u00e5tt, andre vil ha helt kritthvitt resultat; tilpass sorteringen deretter.\u00a0<\/li>\n<li class=\"lab-bodytext-line\">Innkj\u00f8p: Unng\u00e5 plagg som m\u00e5 vaskes separat hvis det ikke passer din praksis; reduserer risiko for misfarging og sm\u00e5, ineffektive vask.<\/li>\n<\/ul>\n<p>      Vis mer<br \/>\n      Vis mindre<\/p>\n<p>Vil du ha hvite laken, m\u00e5 du kanskje ogs\u00e5 ha hvite h\u00e5ndkl\u00e6r for \u00e5 fylle maskinen, sier Klepp og legger til:<\/p>\n<p>\u2013 Un\u00f8dvendig hyppig vask g\u00e5r ut over b\u00e5de kl\u00e6rne og milj\u00f8et.<\/p>\n<p>Vaskevanene avsl\u00f8rer deg\t<\/p>\n<p>Ellers handler det om prioriteringer n\u00e5r vi velger program og temperatur. Dine sorteringsvaner og vaskevalg avsl\u00f8rer faktisk noe om hvem du er:<\/p>\n<p>\u2013 Det kommer jo an p\u00e5 hva som er viktig for deg. Noen<br \/>\nf\u00f8lger inndelingen lyst og m\u00f8rkt, andre gj\u00f8r det ikke. Det er store forskjeller b\u00e5de p\u00e5 hvor viktig det er for oss \u00e5 beholde farger og hva slags kl\u00e6r vi har. Noen har ikke hvitt t\u00f8y og noen bryr seg ikke om det blir gr\u00e5tt, sier Klepp.\u00a0<\/p>\n<p>Risiko-plagg og nye kl\u00e6r\t<\/p>\n<p>Og noen synes kl\u00e6rne trenger spesialprogram, mens andre velger vaskeprogram og temperatur p\u00e5 autopilot enten t\u00f8yet t\u00e5ler valget eller ikke.<\/p>\n<p>    <a itemprop=\"url\" href=\"https:\/\/dinside.dagbladet.no\/bolig\/slar-alarm-bekymringsfullt\/83759231\" rel=\"nofollow noopener\" target=\"_blank\"><\/p>\n<p>      <img loading=\"lazy\" decoding=\"async\" src=\"https:\/\/www.europesays.com\/no\/wp-content\/uploads\/2025\/12\/1764657374_272_83759758.webp\" width=\"980\" height=\"441\" title=\"Sl\u00e5r alarm: - Bekymringsfullt\" alt=\"\" class=\"lazyload\" style=\"--aspect-ratio-image: 2.22; \"\/><\/p>\n<p>        Sl\u00e5r alarm: &#8211; Bekymringsfullt<\/p>\n<p>    <\/a><\/p>\n<p class=\"font-weight-bold m-font-weight-bold\" data-lab-font_weight=\"font-weight-bold\">Klepp anbefaler \u00e5 tenke vask allerede i butikken:<\/p>\n<p>\u2013 Ved innkj\u00f8p av tekstiler er det lurt \u00e5 tenke p\u00e5 vask. I<br \/>\npraksis blir det ofte slik at de s\u00e6re plaggene blir liggende igjen i skittent\u00f8yet. Pr\u00f8v \u00e5<br \/>\nunng\u00e5 \u00e5 skaffe for mange plagg som krever spesialbehandling. De f\u00f8rste gangene du vasker et plagg kan det som regel inng\u00e5 i vanlige vask med annet t\u00f8y. Nye plagg trenger ikke vaskes helt separat<br \/>\nf\u00f8rste gang, men f\u00f8lg vaskeanvisningen, sier hun.\u00a0<\/p>\n<p>Orkla st\u00f8tter at nye, m\u00f8rke plagg kan trenge litt ekstra<br \/>\noppmerksomhet \u2013 men ikke i det uendelige:<\/p>\n<p>\u2013 Nye, m\u00f8rke plagg kan avgi overskuddsfarge i f\u00f8rste vask.<br \/>\nOfte holder det \u00e5 vaske plagget \u00e9n gang alene f\u00f8r du blander det med lignende<br \/>\nfarger, sier Villanger.<\/p>\n<p>    <a itemprop=\"url\" href=\"https:\/\/dinside.dagbladet.no\/fritid\/hoper-seg-opp\/83897969\" rel=\"nofollow noopener\" target=\"_blank\"><\/p>\n<p>      <img loading=\"lazy\" decoding=\"async\" src=\"https:\/\/www.europesays.com\/no\/wp-content\/uploads\/2025\/12\/83902777.webp\" width=\"579\" height=\"261\" title=\"- Hoper seg opp\" alt=\"\" class=\"lazyload\" style=\"--aspect-ratio-image: 2.22; \"\/><\/p>\n<p>        &#8211; Hoper seg opp<\/p>\n<p>    <\/a><\/p>\n<p>Temperatur: Hvor lavt kan du g\u00e5?<\/p>\n<p>Klepp mener vi ofte drar p\u00e5 med for h\u00f8y temperatur enn hva vi egentlig trenger:<\/p>\n<p>\u2013 Stort sett overdrives betydningen av temperatur. Moderne<br \/>\nvaskemidler er effektive p\u00e5 lavere temperaturer enn f\u00f8r.<\/p>\n<p>Legger du sammen r\u00e5dene til b\u00e6rekraftseksperten Klepp, og Orklas produktr\u00e5d, blir svaret enkelt: Lavere<br \/>\ntemperatur holder ofte i hverdagen \u2013 men det finnes hygiene-unntak.\u00a0<\/p>\n<p>    <a itemprop=\"url\" href=\"https:\/\/dinside.dagbladet.no\/bolig\/kan-gjore-deg-syk\/83749713\" rel=\"nofollow noopener\" target=\"_blank\"><\/p>\n<p>      <img loading=\"lazy\" decoding=\"async\" src=\"https:\/\/www.europesays.com\/no\/wp-content\/uploads\/2025\/12\/83749835.webp\" width=\"980\" height=\"441\" title=\"Kan gj\u00f8re deg syk\" alt=\"\" class=\"lazyload\" style=\"--aspect-ratio-image: 2.22; \"\/><\/p>\n<p>        Kan gj\u00f8re deg syk<\/p>\n<p>    <\/a><\/p>\n<p class=\"font-weight-bold m-font-weight-bold\" data-lab-font_weight=\"font-weight-bold\">\u2013 Senget\u00f8y, h\u00e5ndkl\u00e6r og undert\u00f8y b\u00f8r vaskes ved 60 grader av<br \/>\nhygieniske \u00e5rsaker, og ved sykdom b\u00f8r du ogs\u00e5 velge minst 60 grader. Samtidig<br \/>\nm\u00e5 vaskeanvisningen f\u00f8lges, for finere materialer som ull og silke t\u00e5ler ikke<br \/>\nslike temperaturer, sier Villanger fra Orkla.<\/p>\n<p>Og hvis du stort sett vasker klesvasken p\u00e5 autopilot p\u00e5 30\u201340 grader:<\/p>\n<p>\u2013 Bakterier trives godt ved 30\u201340 grader. Hvis du vasker mye<br \/>\np\u00e5 lave temperaturer, kj\u00f8r jevnlig en tom maskinrens p\u00e5 90 grader for \u00e5 holde<br \/>\nmaskinen hygienisk og luktfri, sier Villanger.<\/p>\n<p>Dosering, fylling og lukt<\/p>\n<p>Her er Klepp klinkende klar:<\/p>\n<p>\u2013 Overdosering av vaskemiddel er en vanlig feil. Og ogs\u00e5 \u00e5<br \/>\nikke fylle maskinene fulle. Det f\u00f8rste g\u00e5r ut over renhet og kl\u00e6rne \u2013 begge g\u00e5r ut over<br \/>\nmilj\u00f8et.<\/p>\n<p>    Minimumssortering:<\/p>\n<ul>\n<li class=\"lab-bodytext-line\">Hvitt for seg med egnet hvitt-middel (40\u201360 \u00b0C etter behov<br \/>\nog vaskeanvisning).<\/li>\n<\/ul>\n<ul>\n<li class=\"lab-bodytext-line\">Lyst og m\u00f8rkt hver for seg for de fleste hverdagsvasker<br \/>\n(30\u201340 \u00b0C).<\/li>\n<\/ul>\n<ul>\n<li class=\"lab-bodytext-line\">Ull\/silke p\u00e5 eget sk\u00e5nsomt program med ullvaskemiddel.<\/li>\n<\/ul>\n<ul>\n<li class=\"lab-bodytext-line\">Nye m\u00f8rke\/r\u00f8de plagg: \u00e9n runde alene f\u00f8r de blandes med<br \/>\nlignende farger.<\/li>\n<li class=\"lab-bodytext-line\">Hygiene-unntak: h\u00e5ndkl\u00e6r, senget\u00f8y, undert\u00f8y \u2013 60 \u00b0C n\u00e5r<br \/>\nvaskeanvisningen tillater det.<\/li>\n<li class=\"lab-bodytext-line\">Vask sjeldnere, fyll maskinen godt og dos\u00e9r riktig.<\/li>\n<\/ul>\n<p>      Vis mer<br \/>\n      Vis mindre<\/p>\n<p>S\u00e5 \u2013 slik kan du dele opp klesvasken<\/p>\n<p> \u2013 Start med form\u00e5let: Hva vil du oppn\u00e5? Hvitt<br \/>\nsom holder seg hvitt? Sk\u00e5nsom behandling? Da m\u00e5 sorteringen speile det, sier<br \/>\nKlepp.<\/p>\n","protected":false},"excerpt":{"rendered":"Vaskemaskin: Hvordan du vasker kl\u00e6rne dine, sier mer om deg enn du tror. Ekspert advarer spesielt om sorterings-&hellip;\n","protected":false},"author":2,"featured_media":101930,"comment_status":"","ping_status":"","sticky":false,"template":"","format":"standard","meta":{"footnotes":""},"categories":[56],"tags":[60,61,728,7378,62,30,28,29,4005,12914],"class_list":{"0":"post-101929","1":"post","2":"type-post","3":"status-publish","4":"format-standard","5":"has-post-thumbnail","7":"category-naeringsliv","8":"tag-business","9":"tag-economy","10":"tag-fritid","11":"tag-klesvask","12":"tag-naeringsliv","13":"tag-no","14":"tag-norge","15":"tag-norway","16":"tag-some","17":"tag-vaskemiddel"},"share_on_mastodon":{"url":"https:\/\/pubeurope.com\/@no\/115648593171507464","error":""},"_links":{"self":[{"href":"https:\/\/www.europesays.com\/no\/wp-json\/wp\/v2\/posts\/101929","targetHints":{"allow":["GET"]}}],"collection":[{"href":"https:\/\/www.europesays.com\/no\/wp-json\/wp\/v2\/posts"}],"about":[{"href":"https:\/\/www.europesays.com\/no\/wp-json\/wp\/v2\/types\/post"}],"author":[{"embeddable":true,"href":"https:\/\/www.europesays.com\/no\/wp-json\/wp\/v2\/users\/2"}],"replies":[{"embeddable":true,"href":"https:\/\/www.europesays.com\/no\/wp-json\/wp\/v2\/comments?post=101929"}],"version-history":[{"count":0,"href":"https:\/\/www.europesays.com\/no\/wp-json\/wp\/v2\/posts\/101929\/revisions"}],"wp:featuredmedia":[{"embeddable":true,"href":"https:\/\/www.europesays.com\/no\/wp-json\/wp\/v2\/media\/101930"}],"wp:attachment":[{"href":"https:\/\/www.europesays.com\/no\/wp-json\/wp\/v2\/media?parent=101929"}],"wp:term":[{"taxonomy":"category","embeddable":true,"href":"https:\/\/www.europesays.com\/no\/wp-json\/wp\/v2\/categories?post=101929"},{"taxonomy":"post_tag","embeddable":true,"href":"https:\/\/www.europesays.com\/no\/wp-json\/wp\/v2\/tags?post=101929"}],"curies":[{"name":"wp","href":"https:\/\/api.w.org\/{rel}","templated":true}]}}