{"id":101931,"date":"2025-12-02T06:39:11","date_gmt":"2025-12-02T06:39:11","guid":{"rendered":"https:\/\/www.europesays.com\/no\/101931\/"},"modified":"2025-12-02T06:39:11","modified_gmt":"2025-12-02T06:39:11","slug":"fotball-vm-2026-ole-einar-bjorndalen","status":"publish","type":"post","link":"https:\/\/www.europesays.com\/no\/101931\/","title":{"rendered":"Fotball-VM 2026, Ole Einar Bj\u00f8rndalen"},"content":{"rendered":"\n<p>OSLO\/BEITOST\u00d8LEN (Nettavisen): Fredag 5. desember trekkes VM-gruppene og da f\u00e5r Norge vite hvem de m\u00f8ter i gruppespillet i VM i USA, Canada og Mexico.<\/p>\n<p>Norge f\u00e5r samtidig vite hvor kampene skal spilles, og mest sannsynlig krysser St\u00e5le Solbakken fingrene for at Norge slipper \u00e5 spille kamper i Mexico.<\/p>\n<p>Grunnen til det er at to av stadionene det skal spilles VM-kamper i Mexico ligger i h\u00f8yden, noe som kan by p\u00e5 utfordringer. Estadio Azteca i Mexico City ligger p\u00e5 2.200 moh., mens Estadio Akron i Guadalajara ligger p\u00e5 1.500 moh.<\/p>\n<p>En av de i Norge som har aller mest erfaring med h\u00f8ydetrening er Ole Einar Bj\u00f8rndalen.<\/p>\n<p>Han kj\u00f8rte h\u00f8yderegime gjennom store deler av sin skiskytterkarriere, og Nettavisen har derfor spurt han om hva slags r\u00e5d han vil gi det norske herrelandslaget om de m\u00e5 spille kamper i h\u00f8yden i VM.<\/p>\n<p><b>Les ogs\u00e5: <a href=\"https:\/\/www.nettavisen.no\/sport\/florter-med-ny-idrett-heidi-weng-frir-til-therese-johaug\/s\/5-95-2742057\" rel=\"Follow nofollow noopener\" target=\"_blank\">Fl\u00f8rter med ny idrett: Weng frir til Johaug<\/a><\/b><\/p>\n<p>Advarer Norge<\/p>\n<p>Bj\u00f8rndalen p\u00e5peker at skiskyting og fotball er to ganske ulike idretter, men hans viktigste r\u00e5d til det norske herrelandslaget er at de m\u00e5 tilvenne seg h\u00f8yden.<\/p>\n<p>\u2013 Det er ikke vits \u00e5 finne opp kruttet p\u00e5 nytt. De kan jo spille fotball, men du m\u00e5 minimalisere alle ting som de ikke er vant til. Tilvenning er det aller, aller viktigste, sier han til Nettavisen.<\/p>\n<p>Grunnen til at det er vanskeligere \u00e5 yte fysisk i h\u00f8yden handler om at muskulaturen f\u00e5r tilf\u00f8rt mindre oksygen i h\u00f8yden enn i lavlandet, noe som er helt essensielt for energifrigj\u00f8ring.<\/p>\n<p>   <img decoding=\"async\" width=\"4310\" height=\"2874\" fetchpriority=\"low\"  loading=\"lazy\"  src=\"https:\/\/www.europesays.com\/no\/wp-content\/uploads\/2025\/12\/NTB_ORmqVuGKp3Q.jpg\" alt=\"Milano, Italia 20251116. &#10;Landslaget feirer seieren i VM-kvalifiseringskampen i fotball mellom Norge og Italia p\u00e5 San Siro.&#10;Foto: Lise \u00c5serud  \/ NTB\" class=\"brick-c-cFOWSL\" style=\"--brick-image-ratio: 4310 \/ 2874;\"\/><\/p>\n<p>      VM: Landslaget m\u00e5 forberede seg godt om de m\u00e5 spille kamper i h\u00f8yden i VM.<br \/>\n      Foto: Lise \u00c5serud (NTB)\n    <\/p>\n<p>Det er imidlertid ikke bare h\u00f8yde som vil v\u00e6re en utfordring for Norge om de skal spille i Mexico. Ogs\u00e5 ekstrem varme og at de er i en annen tidssone kan by p\u00e5 problemer, mener Bj\u00f8rndalen.<\/p>\n<p>I hvert fall \u00e5 blande alle de tre faktorene sammen.<\/p>\n<p>\u2013 \u00c5 blande det er en tikkende bombe med tanke p\u00e5 en prestasjon, sier Bj\u00f8rndalen.<\/p>\n<p>Bj\u00f8rndalen er heller ikke i tvil om at Norge m\u00e5 h\u00e5pe \u00e5 unng\u00e5 nasjoner som er vant til \u00e5 spille kamper i den h\u00f8yden og det klimaet.<\/p>\n<p>\u2013 Spiller de mot Mexico eller Colombia som er vant til h\u00f8yden, klimaet og tidssonen, s\u00e5 spiller de med to mann mer i l\u00f8pskapasitet, utholdenhet og tilstedev\u00e6relse b\u00e5de mentalt og fysisk, sier Bj\u00f8rndalen.<\/p>\n<p>\u2013 Jeg tror de m\u00e5 gj\u00f8re fryktelig gode forberedelser hvis de m\u00f8ter lag som er vant til det. Da m\u00e5 de virkelig skjerpe seg. Colombia og Mexico har sikkert en syk fordel, fortsetter han.<\/p>\n<p><b>Les ogs\u00e5: <a href=\"https:\/\/www.nettavisen.no\/sport\/norges-skiforbund-kalte-inn-til-ukjent-russland-mote-pa-ullevaal-stadion\/s\/5-95-2740804\" rel=\"Follow nofollow noopener\" target=\"_blank\">Kalte inn til ukjent Russland-m\u00f8te p\u00e5 Ullevaal stadion<\/a><\/b><\/p>\n<p>Foresl\u00e5r \u00e5 lure kroppen<\/p>\n<p>Johannes H\u00f8sflot Kl\u00e6bo har i likhet med Bj\u00f8rndalen trent mye i h\u00f8yden. Ogs\u00e5 han advarer det norske fotballandslaget om det som kan vente dem i h\u00f8yden.<\/p>\n<p>\u2013 Det er klart at 2.200 meter i Mexico kan bli hardt. Det er vanskelig, sier han til Nettavisen.<\/p>\n<p>Om Norge bare f\u00e5r \u00e9n kamp i den h\u00f8yden, forteller Kl\u00e6bo at det er flere muligheter p\u00e5 hvordan man kan forberede seg.<\/p>\n<p>\u2013 Da er det veldig mange veier til Rom. Da kan man ligge der i ti dager i forkant og v\u00e6re akklimatisert, eller man kan bo nede og reise opp samme dag. Konkurrere og s\u00e5 reise ned igjen. Da lurer du kroppen til \u00e5 ikke merke s\u00e5 mye, sier han.<\/p>\n<p>    Vil du se neste video?<\/p>\n<p>    <a href=\"https:\/\/www.nettavisen.no\/fredrik-solvang\/jonas-gahr-store\/debatten\/fredrik-solvang-himler-av-jonas-gahr-store-men-i-alle\/v\/5-95-2751917\" class=\"recommend-poster\" data-adp-clicklabel=\"video-recommend\" data-adp-clickvalue=\"poster\" rel=\"nofollow noopener\" target=\"_blank\"><br \/>\n      <img decoding=\"async\" width=\"200\" height=\"200\" loading=\"lazy\" src=\"https:\/\/www.europesays.com\/no\/wp-content\/uploads\/2025\/11\/Solvang+bredde.jpg\" alt=\"\" class=\"brick-c-cFOWSL\" style=\"--brick-image-ratio: 200 \/ 200;\"\/><\/p>\n<p>Himler av St\u00f8re: \u2013 Men i alle\u20261:06<\/p>\n<p>    <\/a><\/p>\n<p>Kl\u00e6bo har selv erfaring med det \u00e5 lure kroppen n\u00e5r han har konkurrert i h\u00f8yden.<\/p>\n<p>\u2013 Jeg har gjort det noen ganger selv i Davos, der jeg har bodd nede og reist opp p\u00e5 konkurranse og reist rett ned igjen. Det kan v\u00e6re en vel s\u00e5 god l\u00f8sning som \u00e5 ligge der i forkant og forberede seg. Der tror jeg det er flere veier til Rom, men at de m\u00e5 tenke gjennom det tror jeg absolutt, hvis det blir realiteten, sier han.<\/p>\n<p><b>Les ogs\u00e5:<a href=\"https:\/\/www.nettavisen.no\/sport\/i-strupen-pa-johannes-hosflot-klabo-en-narsissistisk-bavian\/s\/5-95-2741486\" rel=\"Follow nofollow noopener\" target=\"_blank\"> I strupen p\u00e5 Kl\u00e6bo: \u2013 En narsissistisk bavian<\/a><\/b><\/p>\n<p>Tror det blir g\u00e5fotball<\/p>\n<p>Landslagstrener i langrenn, Arild Monsen, mener p\u00e5 sin at det norske laget b\u00f8r satse p\u00e5 \u00e5 ha minst ha \u00e9n uke med akklimatisering i h\u00f8yden.<\/p>\n<p>\u2013 Da berger de nok en 90 minutter, de kan ogs\u00e5 bytte fem stykker, men det g\u00e5r ikke an \u00e5 komme der tre dager f\u00f8r. Det er det dummeste de gj\u00f8r. Man m\u00e5 ha en akklimatisering og da tenker jeg en uke til 8\u201310 dager, sier han til Nettavisen.<\/p>\n<p>Monsen er ikke tvil om at de norske spillere vil kjenne det p\u00e5 kroppen om de m\u00e5 spille kamp p\u00e5 over 2000 meters h\u00f8yde.<\/p>\n<p>\u2013 De med vanvittige spurter vil g\u00e5 over 100 i ytelse gjentatte ganger. Da m\u00e5 man pr\u00f8ve \u00e5 akklimatisere seg litt for det s\u00e5nn at man greier \u00e5 bevege seg. Det kan bli mye g\u00e5fotball i en s\u00e5nn kamp med lavt tempo, men noe spurting blir det og da f\u00e5r man syra momentant, sier han.<\/p>\n<p>Monsen skj\u00f8nner godt at Solbakken vil h\u00e5pe p\u00e5 noe annet enn Mexico og h\u00f8yde.<\/p>\n<p>\u2013 Ja, klart det. Det blir noe i tillegg \u00e5 fikse. Norge og h\u00f8yde i fotball er noe nytt og det vil bli spennende, sier han.<\/p>\n<p><b>Les ogs\u00e5: <a href=\"https:\/\/www.nettavisen.no\/sport\/nrk-hodebry-angar-to-millioner-nordmenn\/s\/5-95-2728682\" rel=\"Follow nofollow noopener\" target=\"_blank\">VM-utfordringer for NRK: \u2013 Ang\u00e5r to millioner nordmenn<\/a><\/b><\/p>\n<p>\u2013 Annerledes enn San Siro<\/p>\n<p>P\u00e5l Gunnar Mikkelsplass, ogs\u00e5 han landslagstrener i langrenn, har mye erfaring med h\u00f8yde. Han mener jo flere dager Norge f\u00e5r v\u00e6re i h\u00f8yden og forberede seg, jo bedre er det.<\/p>\n<p>\u2013 Hva skjer med kroppen i h\u00f8yden?<\/p>\n<p>\u2013 Det jeg tenker kan v\u00e6re lett \u00e5 gj\u00f8re feil er at de blir for ivrige og trener for hardt, at de kanskje m\u00e5 trene rolig nok, at de m\u00e5 ta hensyn til h\u00f8yden og at restitusjonen g\u00e5r litt senere, sier Mikkelsplass til Nettavisen.<\/p>\n<p>\u2013 Men i fotball er det mye intensivt og blir det for intensivt s\u00e5 blir de slitne p\u00e5 grunn av det. Det gjelder \u00e5 v\u00e6re fornuftig og ikke kj\u00f8re for hardt i den f\u00f8rste periode. Det er i hvert fall v\u00e5r erfaring, fortsetter han.<\/p>\n<p>    Vil du se neste video?<\/p>\n<p>    <a href=\"https:\/\/www.nettavisen.no\/fredrik-solvang\/jonas-gahr-store\/debatten\/fredrik-solvang-himler-av-jonas-gahr-store-men-i-alle\/v\/5-95-2751917\" class=\"recommend-poster\" data-adp-clicklabel=\"video-recommend\" data-adp-clickvalue=\"poster\" rel=\"nofollow noopener\" target=\"_blank\"><br \/>\n      <img decoding=\"async\" width=\"200\" height=\"200\" loading=\"lazy\" src=\"https:\/\/www.europesays.com\/no\/wp-content\/uploads\/2025\/11\/Solvang+bredde.jpg\" alt=\"\" class=\"brick-c-cFOWSL\" style=\"--brick-image-ratio: 200 \/ 200;\"\/><\/p>\n<p>Himler av St\u00f8re: \u2013 Men i alle\u20261:06<\/p>\n<p>    <\/a><\/p>\n<p>Mikkelsplass mener Solbakken gj\u00f8r lurt i \u00e5 s\u00f8ke r\u00e5d hos Olympiatoppen dersom Norge ender opp med \u00e5 m\u00e5tte spille i h\u00f8yden.<\/p>\n<p>\u2013 Og gj\u00f8r han det s\u00e5 f\u00e5r han sikkert gode svar.<\/p>\n<p>\u2013 Det er helt sikkert at det vil f\u00f8les annerledes \u00e5 spille en fotballkamp p\u00e5 over 2.000 meters h\u00f8yde enn p\u00e5 San Siro, konkluderer Mikkelsplass.<\/p>\n","protected":false},"excerpt":{"rendered":"OSLO\/BEITOST\u00d8LEN (Nettavisen): Fredag 5. desember trekkes VM-gruppene og da f\u00e5r Norge vite hvem de m\u00f8ter i gruppespillet i&hellip;\n","protected":false},"author":2,"featured_media":101932,"comment_status":"","ping_status":"","sticky":false,"template":"","format":"standard","meta":{"footnotes":""},"categories":[5],"tags":[20,21,24,25,15,19,22,23,17,18,13,30,28,29,14,16,26,27],"class_list":{"0":"post-101931","1":"post","2":"type-post","3":"status-publish","4":"format-standard","5":"has-post-thumbnail","7":"category-overskrifter","8":"tag-breaking-news","9":"tag-breakingnews","10":"tag-featured-news","11":"tag-featurednews","12":"tag-headlines","13":"tag-hovedoppslag","14":"tag-latest-news","15":"tag-latestnews","16":"tag-main-news","17":"tag-mainnews","18":"tag-news","19":"tag-no","20":"tag-norge","21":"tag-norway","22":"tag-nyheter","23":"tag-overskrifter","24":"tag-top-stories","25":"tag-topstories"},"share_on_mastodon":{"url":"https:\/\/pubeurope.com\/@no\/115648605270921720","error":""},"_links":{"self":[{"href":"https:\/\/www.europesays.com\/no\/wp-json\/wp\/v2\/posts\/101931","targetHints":{"allow":["GET"]}}],"collection":[{"href":"https:\/\/www.europesays.com\/no\/wp-json\/wp\/v2\/posts"}],"about":[{"href":"https:\/\/www.europesays.com\/no\/wp-json\/wp\/v2\/types\/post"}],"author":[{"embeddable":true,"href":"https:\/\/www.europesays.com\/no\/wp-json\/wp\/v2\/users\/2"}],"replies":[{"embeddable":true,"href":"https:\/\/www.europesays.com\/no\/wp-json\/wp\/v2\/comments?post=101931"}],"version-history":[{"count":0,"href":"https:\/\/www.europesays.com\/no\/wp-json\/wp\/v2\/posts\/101931\/revisions"}],"wp:featuredmedia":[{"embeddable":true,"href":"https:\/\/www.europesays.com\/no\/wp-json\/wp\/v2\/media\/101932"}],"wp:attachment":[{"href":"https:\/\/www.europesays.com\/no\/wp-json\/wp\/v2\/media?parent=101931"}],"wp:term":[{"taxonomy":"category","embeddable":true,"href":"https:\/\/www.europesays.com\/no\/wp-json\/wp\/v2\/categories?post=101931"},{"taxonomy":"post_tag","embeddable":true,"href":"https:\/\/www.europesays.com\/no\/wp-json\/wp\/v2\/tags?post=101931"}],"curies":[{"name":"wp","href":"https:\/\/api.w.org\/{rel}","templated":true}]}}