{"id":101937,"date":"2025-12-02T06:43:31","date_gmt":"2025-12-02T06:43:31","guid":{"rendered":"https:\/\/www.europesays.com\/no\/101937\/"},"modified":"2025-12-02T06:43:31","modified_gmt":"2025-12-02T06:43:31","slug":"tomt-butikklokale","status":"publish","type":"post","link":"https:\/\/www.europesays.com\/no\/101937\/","title":{"rendered":"Tomt butikklokale"},"content":{"rendered":"<p>\n        Et tiln\u00e6rmet tomt butikklokale er det som m\u00f8ter bes\u00f8kende p\u00e5 Tangvall mandag.<br \/>\n         Foto: Jon Aamodt\n    <\/p>\n<p>F\u00f8rste mandagen i desember st\u00e5r ett av butikklokalene p\u00e5 Tangvall tiln\u00e6rmet tomt tilbake.<\/p>\n<p>                ABONNEMENT<br \/>\n                F\u00f8rste m\u00e5ned 1,-<br \/>\n<br \/>129,- \/mnd.<\/p>\n<p>\n                    <a class=\"lab-paywall-teaser-offer-button\" href=\"https:\/\/api.n247.no\/paywall\/order?providerUrl=https%3A%2F%2Fn247-s4.azurewebsites.net%2Fcheckout%3Fjourney%3Dorder%26templatePackageId%3D960ee25a-2358-4873-9147-f2927f62a9cc&amp;siteAlias=n247&amp;&amp;siteId=2&amp;contentUrl=https%3A%2F%2Fwww.n247.no%2Fbutikklokale-naeringsliv-sogne%2Ftomt-butikklokale%2F568150\" rel=\"nofollow noopener\" target=\"_blank\">VELG<\/a>\n                <\/p>\n<p>                ABONNEMENT<br \/>\n                F\u00f8rste m\u00e5ned 1,-<br \/>\n<br \/>599,- \/6 mnd.<\/p>\n<p>\n                    <a class=\"lab-paywall-teaser-offer-button\" href=\"https:\/\/api.n247.no\/paywall\/order?providerUrl=https%3A%2F%2Fn247-s4.azurewebsites.net%2Fcheckout%3Fjourney%3Dorder%26templatePackageId%3D77f18124-4ceb-43c3-b511-91229f6a3282&amp;siteAlias=n247&amp;&amp;siteId=2&amp;contentUrl=https%3A%2F%2Fwww.n247.no%2Fbutikklokale-naeringsliv-sogne%2Ftomt-butikklokale%2F568150\" rel=\"nofollow noopener\" target=\"_blank\">VELG<\/a>\n                <\/p>\n<p>                ABONNEMENT<br \/>\n                F\u00f8rste m\u00e5ned 1,-<br \/>\n<br \/>990,- \/12 mnd.<\/p>\n<p>\n                    <a class=\"lab-paywall-teaser-offer-button\" href=\"https:\/\/api.n247.no\/paywall\/order?providerUrl=https%3A%2F%2Fn247-s4.azurewebsites.net%2Fcheckout%3Fjourney%3Dorder%26templatePackageId%3Ddcba2fe1-b134-4027-9363-0cb50b631a47&amp;siteAlias=n247&amp;&amp;siteId=2&amp;contentUrl=https%3A%2F%2Fwww.n247.no%2Fbutikklokale-naeringsliv-sogne%2Ftomt-butikklokale%2F568150\" rel=\"nofollow noopener\" target=\"_blank\">VELG<\/a>\n                <\/p>\n","protected":false},"excerpt":{"rendered":"Et tiln\u00e6rmet tomt butikklokale er det som m\u00f8ter bes\u00f8kende p\u00e5 Tangvall mandag. Foto: Jon Aamodt F\u00f8rste mandagen i&hellip;\n","protected":false},"author":2,"featured_media":101938,"comment_status":"","ping_status":"","sticky":false,"template":"","format":"standard","meta":{"footnotes":""},"categories":[56],"tags":[60,61,62,30,28,29],"class_list":{"0":"post-101937","1":"post","2":"type-post","3":"status-publish","4":"format-standard","5":"has-post-thumbnail","7":"category-naeringsliv","8":"tag-business","9":"tag-economy","10":"tag-naeringsliv","11":"tag-no","12":"tag-norge","13":"tag-norway"},"share_on_mastodon":{"url":"https:\/\/pubeurope.com\/@no\/115648620478866969","error":""},"_links":{"self":[{"href":"https:\/\/www.europesays.com\/no\/wp-json\/wp\/v2\/posts\/101937","targetHints":{"allow":["GET"]}}],"collection":[{"href":"https:\/\/www.europesays.com\/no\/wp-json\/wp\/v2\/posts"}],"about":[{"href":"https:\/\/www.europesays.com\/no\/wp-json\/wp\/v2\/types\/post"}],"author":[{"embeddable":true,"href":"https:\/\/www.europesays.com\/no\/wp-json\/wp\/v2\/users\/2"}],"replies":[{"embeddable":true,"href":"https:\/\/www.europesays.com\/no\/wp-json\/wp\/v2\/comments?post=101937"}],"version-history":[{"count":0,"href":"https:\/\/www.europesays.com\/no\/wp-json\/wp\/v2\/posts\/101937\/revisions"}],"wp:featuredmedia":[{"embeddable":true,"href":"https:\/\/www.europesays.com\/no\/wp-json\/wp\/v2\/media\/101938"}],"wp:attachment":[{"href":"https:\/\/www.europesays.com\/no\/wp-json\/wp\/v2\/media?parent=101937"}],"wp:term":[{"taxonomy":"category","embeddable":true,"href":"https:\/\/www.europesays.com\/no\/wp-json\/wp\/v2\/categories?post=101937"},{"taxonomy":"post_tag","embeddable":true,"href":"https:\/\/www.europesays.com\/no\/wp-json\/wp\/v2\/tags?post=101937"}],"curies":[{"name":"wp","href":"https:\/\/api.w.org\/{rel}","templated":true}]}}