{"id":101947,"date":"2025-12-02T06:56:12","date_gmt":"2025-12-02T06:56:12","guid":{"rendered":"https:\/\/www.europesays.com\/no\/101947\/"},"modified":"2025-12-02T06:56:12","modified_gmt":"2025-12-02T06:56:12","slug":"hele-norges-stolthet-nrk-sport-sportsnyheter-resultater-og-sendeplan","status":"publish","type":"post","link":"https:\/\/www.europesays.com\/no\/101947\/","title":{"rendered":"Hele Norges stolthet \u2013 NRK Sport \u2013 Sportsnyheter, resultater og sendeplan"},"content":{"rendered":"<p>I stedet for \u00e5 p\u00e5dra meg Glimt-tilhengernes n\u00e5del\u00f8se vrede, siterer jeg heller den hyllede trener Kjetil Knutsen etter siste seriekamp mot Fredrikstad:<\/p>\n<p><strong>\u00abDet er sikkert veldig mange som er glade for at det er Viking som vinner og ikke Bod\u00f8\/Glimt\u00bb<\/strong>, sa en lakonisk Knutsen til TV 2 rett etter seieren mot Fredrikstad. <\/p>\n<p>Ogs\u00e5 her var presisjonsniv\u00e5et hans skyh\u00f8yt.<\/p>\n<p>Man skal aldri tillegge fotballsupportere meninger eller f\u00f8lelser. Det ligger i sakens natur at disse skal hver enkelt f\u00e5 definere selv.<\/p>\n<p><strong>Men jeg v\u00e5ger likevel p\u00e5standen om at denne s\u00f8ndagen var store deler av Norge badet i et slags m\u00f8rkebl\u00e5tt adventslys.<\/strong><\/p>\n<p><img decoding=\"async\"   src=\"data:image\/gif;base64,R0lGODlhAQABAIAAAAAAAP\/\/\/yH5BAEAAAAALAAAAAABAAEAAAIBRAA7\" loading=\"eager\" alt=\"Viking feirer seriemesterskap 2025. Mange har m\u00f8tt opp til Vikings gullfest p\u00e5 Torget.\" title=\"Foto: Carina Johansen \/ NTB\"\/><\/p>\n<p class=\"\">FULL FEST: Tusenvis av folk m\u00f8tte opp i Stavanger sentrum for \u00e5 feire seriegullet. <\/p>\n<p>Foto: Carina Johansen \/ NTB<\/p>\n<p>Med definitive unntak i Bod\u00f8 og Bergen, men likevel.<\/p>\n<p>En veldig bl\u00e5 dag<\/p>\n<p>Feiringen og euforien i folkehavet i Stavanger gjorde dypt inntrykk. Eller folkehavene, alts\u00e5 i flertall.<\/p>\n<p>For det virket som om hele sentrum var fullt allerede f\u00f8r kampstart i J\u00e5tt\u00e5v\u00e5gen noen kilometer s\u00f8r for sentrum.<\/p>\n<p>Senere p\u00e5 kvelden var de alle samlet foran scenen i V\u00e5gen, i titusentalls.<\/p>\n<p><img decoding=\"async\"   src=\"data:image\/gif;base64,R0lGODlhAQABAIAAAAAAAP\/\/\/yH5BAEAAAAALAAAAAABAAEAAAIBRAA7\" loading=\"eager\" alt=\"Vikings Zlatko Tripic feirer seriemesterskap 2025. Mange har m\u00f8tt opp til Vikings gullfest p\u00e5 Torget.\" title=\"Foto: Carina Johansen \/ NTB\"\/><\/p>\n<p class=\"\">FEIRING: Zlatko Tripic og resten av Viking feirer seriegullet sammen flere titalls tusen Viking-fans. <\/p>\n<p>Foto: Carina Johansen \/ NTB<\/p>\n<p>Og ansettelsen av Kjartan Salvesen som markedssjef virket mer forst\u00e5elig enn noen gang der han ledet allsangen av \u00abEn bl\u00e5e dag\u00bb foran jublende spillere og ledere p\u00e5 scenen. <\/p>\n<p>Mandag v\u00e5knet Rogaland til overskriften \u00abGud er fra Stavanger\u00bb i Aftenbladet. <\/p>\n<p><strong>Hvis dette skulle vise seg \u00e5 stemme, er det langt fra gitt at han har tenkt \u00e5 flytte p\u00e5 seg med det f\u00f8rste.<\/strong><\/p>\n<p>Og mens feiringen fortsetter i Stavanger gjennom mandagen, er selvransakelsen allerede i gang i Bod\u00f8.<\/p>\n<p>Nest best i sitt beste \u00e5r<\/p>\n<p>Nevnte Kjetil Knutsen pr\u00f8vde ikke engang \u00e5 skjule sin skuffelse og var krystallklar p\u00e5 at s\u00f8lvet skal gjennom en grundig evaluering.<\/p>\n<p>Glimt har vunnet fire av de siste fem seriegullene i Norge. Da later man ikke som om man er tilfreds med \u00e5 bli sl\u00e5tt. Og skal det ikke heller.<\/p>\n<p><img decoding=\"async\"   src=\"data:image\/gif;base64,R0lGODlhAQABAIAAAAAAAP\/\/\/yH5BAEAAAAALAAAAAABAAEAAAIBRAA7\" loading=\"eager\" alt=\"\" title=\"Foto: Mats Torbergsen \/ NTB\"\/><\/p>\n<p class=\"\">SKUFFELSE: Bod\u00f8\/Glimt kom p\u00e5 en andreplass i Eliteserien. Den siste kampen endte med 5-0-seier over Fredrikstad. <\/p>\n<p>Foto: Mats Torbergsen \/ NTB<\/p>\n<p>Glimt har gjort unike ting i norsk sammenheng, s\u00e6rlig gjennom semifinaleplassen i Europaligaen. I tillegg klarte de endelig m\u00e5let om \u00e5 kvalifisere seg til Mesterligaen. <\/p>\n<p>Slik sett er 2025 Bod\u00f8-lagets beste \u00e5r noensinne. <\/p>\n<p>I kveld ble ogs\u00e5 midtbanegeneral Patrick Berg k\u00e5ret til \u00e5rets spiller i Eliteserien. <\/p>\n<p><strong>Samtidig har<\/strong> <strong>Glimt v\u00e6rt s\u00e5 gode s\u00e5 lenge at andreplassen er \u00e5rets st\u00f8rste skuffelse i norsk fotball.<\/strong><\/p>\n<p>For midt i de vanvittige prestasjonene, har de ogs\u00e5 mislyktes i en del avgj\u00f8rende \u00f8yeblikk gjennom sesongen.<\/p>\n<p>Som da de ble overrumplet av V\u00e5lerenga i Oslo langt utp\u00e5 h\u00f8sten og i realiteten tapte seriegullet, tross at de alts\u00e5 endte p\u00e5 hele 70 poeng til slutt.<\/p>\n<p><img decoding=\"async\"   src=\"data:image\/gif;base64,R0lGODlhAQABAIAAAAAAAP\/\/\/yH5BAEAAAAALAAAAAABAAEAAAIBRAA7\" loading=\"eager\" alt=\"En trener gir instruksjoner under et regnv\u00e6r i en sportsarena. Han har p\u00e5 seg en vannavvisende jakke og gestikulerer mot spillerne. I bakgrunnen ses en spiller i aksjon, kledd i en bl\u00e5 drakt. Vann spruter fra bakken, og stadion er delvis tom for publikum.\" title=\"Foto: Javad Parsa \/ NTB\"\/><\/p>\n<p class=\"\">GULLET R\u00d8YK: Bod\u00f8\/Glimt tapte 1-3 mot V\u00e5lerenga i starten av november. <\/p>\n<p>Foto: Javad Parsa \/ NTB<\/p>\n<p>Med d\u00e9t forsvant ogs\u00e5 en mulig direkteplass i neste \u00e5rs mesterliga.<\/p>\n<p>Tankene er \u00e5penbart allerede p\u00e5 revansjen. <\/p>\n<p><strong>Ingen vil bli overrasket hvis svaret kommer kontant.<\/strong><\/p>\n<p>Blaserte? Selvsagt.<\/p>\n<p>Det var ogs\u00e5 noe med hele rammeverket p\u00e5 Aspmyra som gjorde at sympatien fra oss noenlunde n\u00f8ytrale flyttet seg s\u00f8rover og vestover p\u00e5 slike s\u00f8ndager.<\/p>\n<p>Den n\u00e6rmest tomme tribunen bak det ene m\u00e5let talte sitt overbevisende spr\u00e5k. 2000 tomme seter p\u00e5 en serieavslutning midt i gullkampen er et uttrykk for metning, uansett hva man ville p\u00e5st\u00e5.<\/p>\n<p>Eller for \u00e5 sitere Bod\u00f8\/Glimt-supporter Roy Steffensen, da han fikk sp\u00f8rsm\u00e5let fra NRKs Bjarne Brandal f\u00f8r kampen i g\u00e5r:<br \/><strong>\u00abNoen mener at Glimt-supportere som deg har blitt litt blasert etter mye gull og mye action i Europa, er det rett det?\u00bb<\/strong>.<\/p>\n<p><strong>\u00abDet er helt rett, det\u00bb, <\/strong>svarte Roy kontant<strong>.<\/strong><\/p>\n<p><img decoding=\"async\"   src=\"data:image\/gif;base64,R0lGODlhAQABAIAAAAAAAP\/\/\/yH5BAEAAAAALAAAAAABAAEAAAIBRAA7\" loading=\"eager\" alt=\"Et fotballlag if\u00f8rt gule drakter samles i en sirkel for en huddle p\u00e5 sidelinjen. St\u00f8ttespillere og fans i bakgrunnen, ikledd gult og svart, heier. Det er kveld, og stadionet er opplyst. En treningssted med fokus p\u00e5 lag\u00e5nd eller strategi.\" title=\"Foto: Mats Torbergsen \/ NTB\"\/><\/p>\n<p class=\"\">S\u00d8LV: Bod\u00f8\/Glimt f\u00f8r siste eliteseriekamp for sesongen. <\/p>\n<p>Foto: Mats Torbergsen \/ NTB<\/p>\n<p>\u00c5rets st\u00f8rste skuffelser i Eliteserien<\/p>\n<ul>\n<li><strong>Molde<\/strong><\/li>\n<li><strong>Rosenborg<\/strong><\/li>\n<li><strong>Bod\u00f8\/Glimt<\/strong><\/li>\n<\/ul>\n<p>De to andre p\u00e5 pallen p\u00e5 den uoffisielle lista over Eliteseriens st\u00f8rste skuffelser i 2025 ga seg mer eller mindre selv.<\/p>\n<p>En storseier for <strong>Rosenborg<\/strong> over for lengst nedrykkede Str\u00f8msgodset klarer ikke kamuflere at tr\u00f8ndernes falmede storhet har hatt et mislykket \u00e5r. 11 poeng mindre enn i 2024 har gjort at en 4. plass har blitt til en 7. Og det er ikke lett \u00e5 ane noe h\u00e5p om snarlig bedring. Eller for den del om noen positiv retning p\u00e5 noe som helst p\u00e5 Lerkendal.<\/p>\n<p>En ny sportssjef skal uansett p\u00e5 plass. Dette kan kanskje bidra til etterlengtet nytenkning i ledelsen p\u00e5 Brakka.<\/p>\n<p><img decoding=\"async\"   src=\"data:image\/gif;base64,R0lGODlhAQABAIAAAAAAAP\/\/\/yH5BAEAAAAALAAAAAABAAEAAAIBRAA7\" loading=\"eager\" alt=\"mann i regnet\" title=\"Foto: Ole Martin Wold \/ NTB\"\/><\/p>\n<p class=\"\">SJUENDEPLASS: Dino Islamovic i kampen mellom Rosenborg og Str\u00f8msgodset. Tr\u00f8nderne vant mot nedrykksklare Str\u00f8msgodset. Rosenborg kom p\u00e5 en sjuendeplass. <\/p>\n<p>Foto: Ole Martin Wold \/ NTB<\/p>\n<p><strong>Molde<\/strong> skal p\u00e5 sin side ha en ny hovedtrener p\u00e5 plass innen man starter den nye sesongen.<\/p>\n<p>Etter den mislykkede ansettelsen av Per-Mathias H\u00f8gmo, tok man rett og slett en timeout. Og det var nok lurt.<\/p>\n<p>Misn\u00f8yen med femteplasser gjennom de siste \u00e5rene burde ha v\u00e6rt en vekker. Som aldri kom. N\u00e5 kan s\u00f8vnen \u00e5penbart bli langvarig i torne-rosenes by, hvis man ikke gj\u00f8r mye mer drastiske grep enn man har evnet til n\u00e5. <\/p>\n<p><img decoding=\"async\"   src=\"data:image\/gif;base64,R0lGODlhAQABAIAAAAAAAP\/\/\/yH5BAEAAAAALAAAAAABAAEAAAIBRAA7\" loading=\"eager\" alt=\"Flere trenere og st\u00f8tteapparat st\u00e5r langs sidelinjen p\u00e5 en fotballbane. Noen peker og gestikulerer, mens andre noterer. Bak dem er en tribune med synlige reklameskilt. Banen er belyst og omgivelsene er en typisk stadionopplevelse.\" title=\"Foto: Christoffer Andersen \/ NTB\"\/><\/p>\n<p class=\"\">MOLDETRENER: Per-Mathias H\u00f8gmo og Str\u00f8msgodsets trener Dag-Eilev Fagermo under eliteseriekampen i fotball mellom Str\u00f8msgodset og Molde. H\u00f8gmo fikk sparken som Molde-trener i september. <\/p>\n<p>Foto: Christoffer Andersen \/ NTB<\/p>\n<p>\u00c5rets oppturer<\/p>\n<ul>\n<li><strong>Viking<\/strong><\/li>\n<li><strong>Sandefjord<\/strong><\/li>\n<li><strong>Troms\u00f8<\/strong><\/li>\n<\/ul>\n<p>La oss avslutte med noen av de smilene som for \u00f8yeblikket er kjennetegnet p\u00e5 alt av norsk fotball.<\/p>\n<p>At <strong>Viking<\/strong> vinner p\u00e5 s\u00e5 imponerende vis og blir seriemestre, er blant annet et resultat av et formidabelt lagarbeid, inkludert en n\u00f8ktern satsing p\u00e5 lokale krefter.<\/p>\n<p>Slik fikk trenerne Morten Jensen og Bjarte Lunde Aarsheim sjansen til \u00e5 gjenoppbygge Stavangers stolthet, fra nedrykk til kaptein Zlatko Tripic til slutt fikk t\u00f8rket nok gledest\u00e5rer til at han s\u00e5 at det var pokalen til seriemesterne han faktisk hevet p\u00e5 stadion i J\u00e5tt\u00e5v\u00e5gen.<\/p>\n<p><strong>Ingen fikk mer h\u00f8ylytt jubel i V\u00e5gen i Stavanger s\u00f8ndag kveld enn Tripic. Med rette.<\/strong><\/p>\n<p><img decoding=\"async\"   src=\"data:image\/gif;base64,R0lGODlhAQABAIAAAAAAAP\/\/\/yH5BAEAAAAALAAAAAABAAEAAAIBRAA7\" loading=\"eager\" alt=\"to menn somn klemmer\" title=\"Foto: Carina Johansen \/ NTB\"\/><\/p>\n<p class=\"\">GLEDEST\u00c5RER: Zlatko Tripic og daglig leder i Viking Eirik Bj\u00f8rn\u00f8. <\/p>\n<p>Foto: Carina Johansen \/ NTB<\/p>\n<p>Ogs\u00e5 et par andre steder i Norge ble det jublet litt ekstra, uten at det var like lett \u00e5 f\u00e5 med seg. <\/p>\n<p><strong>Troms\u00f8<\/strong> tok en bronsemedalje ingen s\u00e5 for seg at de hadde noen sjanse til \u00e5 klare i forkant av sesongen. <\/p>\n<p>En klart definert spillestil kombinert med imponerende spillerlogistikk skaper denne type forbl\u00f8ffende forvandling.<\/p>\n<p><strong>Dette med \u00e5 se muligheter ingen andre ser er jo like banalt som det er vanskelig. <\/strong><\/p>\n<p>Den andre klubben som virkelig har lyktes med dette er <strong>Sandefjord<\/strong>.<\/p>\n<p>Femteplassen er en regelrett sensasjon \u2013 og et resultat av en kontinuitet i arbeidet man lenge savnet. Klubben fra den s\u00f8vnige vestfoldbyen feiret sin sjette strake sesong som nedrykkstippet eliteserielag med sin beste plassering noensinne.<\/p>\n<p><img decoding=\"async\"   src=\"data:image\/gif;base64,R0lGODlhAQABAIAAAAAAAP\/\/\/yH5BAEAAAAALAAAAAABAAEAAAIBRAA7\" loading=\"eager\" alt=\"En spiller holder en megafon, mens lagkamerater st\u00e5r samlet i bakgrunnen. De er if\u00f8rt drakter med hvite og r\u00f8de striper. Omgivelsene viser et fotballstadion med flombelysning. Det er kveld, og det faller lett regn.\" title=\"Foto: Svein Ove Ekornesv\u00e5g \/ NTB\"\/><\/p>\n<p class=\"\">IMPONERTE: Troms\u00f8s Anders Jenssen etter 3-1-seier mot Kristiansund. Troms\u00f8 kom p\u00e5 tredjeplass i Eliteserien. <\/p>\n<p>Foto: Svein Ove Ekornesv\u00e5g \/ NTB<\/p>\n<p>Neste \u00e5r skal de for f\u00f8rste gang f\u00f8le p\u00e5 forventninger. I \u00f8yeblikket tyder alt p\u00e5 at de fint kan forholde seg til s\u00e5nt ogs\u00e5.<\/p>\n<p>2026 kan ogs\u00e5 gi to norske klubber samtidig i Mesterligaen for f\u00f8rste gang i dette \u00e5rtusen.<\/p>\n<p>Kanskje legger Viking ogs\u00e5 veien om Gardermoen p\u00e5 sin vei ut i Europa. Bare for \u00e5 kunne smile litt ekstra n\u00e5r de passerer <a href=\"https:\/\/www.nrk.no\/nordland\/bodo_glimts-popup-butikk-pa-oslo-lufthavn-gardermoen-far-kritikk-1.17615958\" ec-id=\"pp:article:1.17615958\" ec-name=\"den mye omtalte supporterbutikken\" rel=\"nofollow noopener\" target=\"_blank\">den mye omtalte supporterbutikken<\/a> Bod\u00f8\/Glimt \u00e5pnet der tidligere i \u00e5r.<\/p>\n<p><strong>\u00abHele Norges stolthet\u00bb sto det prangende p\u00e5 skiltet over inngangen. I s\u00f8lvskrift. <\/strong><\/p>\n<p>Publisert<\/p>\n<p>01.12.2025, kl. 20.57<\/p>\n<p>Oppdatert<\/p>\n<p>01.12.2025, kl. 21.07<\/p>\n","protected":false},"excerpt":{"rendered":"I stedet for \u00e5 p\u00e5dra meg Glimt-tilhengernes n\u00e5del\u00f8se vrede, siterer jeg heller den hyllede trener Kjetil Knutsen etter&hellip;\n","protected":false},"author":2,"featured_media":101948,"comment_status":"","ping_status":"","sticky":false,"template":"","format":"standard","meta":{"footnotes":""},"categories":[5],"tags":[20,21,24,25,15,19,22,23,17,18,13,30,28,29,14,16,26,27],"class_list":{"0":"post-101947","1":"post","2":"type-post","3":"status-publish","4":"format-standard","5":"has-post-thumbnail","7":"category-overskrifter","8":"tag-breaking-news","9":"tag-breakingnews","10":"tag-featured-news","11":"tag-featurednews","12":"tag-headlines","13":"tag-hovedoppslag","14":"tag-latest-news","15":"tag-latestnews","16":"tag-main-news","17":"tag-mainnews","18":"tag-news","19":"tag-no","20":"tag-norge","21":"tag-norway","22":"tag-nyheter","23":"tag-overskrifter","24":"tag-top-stories","25":"tag-topstories"},"share_on_mastodon":{"url":"https:\/\/pubeurope.com\/@no\/115648671486618471","error":""},"_links":{"self":[{"href":"https:\/\/www.europesays.com\/no\/wp-json\/wp\/v2\/posts\/101947","targetHints":{"allow":["GET"]}}],"collection":[{"href":"https:\/\/www.europesays.com\/no\/wp-json\/wp\/v2\/posts"}],"about":[{"href":"https:\/\/www.europesays.com\/no\/wp-json\/wp\/v2\/types\/post"}],"author":[{"embeddable":true,"href":"https:\/\/www.europesays.com\/no\/wp-json\/wp\/v2\/users\/2"}],"replies":[{"embeddable":true,"href":"https:\/\/www.europesays.com\/no\/wp-json\/wp\/v2\/comments?post=101947"}],"version-history":[{"count":0,"href":"https:\/\/www.europesays.com\/no\/wp-json\/wp\/v2\/posts\/101947\/revisions"}],"wp:featuredmedia":[{"embeddable":true,"href":"https:\/\/www.europesays.com\/no\/wp-json\/wp\/v2\/media\/101948"}],"wp:attachment":[{"href":"https:\/\/www.europesays.com\/no\/wp-json\/wp\/v2\/media?parent=101947"}],"wp:term":[{"taxonomy":"category","embeddable":true,"href":"https:\/\/www.europesays.com\/no\/wp-json\/wp\/v2\/categories?post=101947"},{"taxonomy":"post_tag","embeddable":true,"href":"https:\/\/www.europesays.com\/no\/wp-json\/wp\/v2\/tags?post=101947"}],"curies":[{"name":"wp","href":"https:\/\/api.w.org\/{rel}","templated":true}]}}