{"id":101958,"date":"2025-12-02T07:22:12","date_gmt":"2025-12-02T07:22:12","guid":{"rendered":"https:\/\/www.europesays.com\/no\/101958\/"},"modified":"2025-12-02T07:22:12","modified_gmt":"2025-12-02T07:22:12","slug":"dette-er-torpet-kjendis-deltagerne-2026","status":"publish","type":"post","link":"https:\/\/www.europesays.com\/no\/101958\/","title":{"rendered":"Dette er \u00abTorpet kjendis\u00bb deltagerne 2026"},"content":{"rendered":"\n<p class=\"_lead_o9xde_2 _lead_xtcu6_50 layout-component text-serif-m layout-normal text-serif-l layout-component layout-wide layout-padded _wide_17hqh_1 layout-padded\">N\u00e5 avsl\u00f8res det hvem som skal kjempe om \u00e5 bli en fullverdig forpakter til  \u00abFarmen kjendis\u00bb-g\u00e5rden.<\/p>\n<p><img alt=\"Sander \u00abRandulle\u00bb Austad Dale, S\u00f8lje Bergman og Martin Sleipnes skal flytte inn p\u00e5 \u00abTorpet\u00bb-g\u00e5rden. Foto: H\u00e5vard Solem\/TV 2\" class=\"_image_qp4xg_65 layout-component layout-wide\" data-fullscreen- data-track-element-type=\"Article image fullscreen\" data-track-name=\"ImageFullscreen\" fetchpriority=\"high\" decoding=\"sync\" loading=\"eager\" height=\"5304\" itemprop=\"image\"  src=\"https:\/\/www.europesays.com\/no\/wp-content\/uploads\/2025\/12\/00f9c7d5-660e-4317-90c5-18605fb123b8\"  style=\"object-position:51.25754527162978% 45.39027149321267%\" width=\"7952\"\/>Sander \u00abRandulle\u00bb Austad Dale, S\u00f8lje Bergman og Martin Sleipnes skal flytte inn p\u00e5 \u00abTorpet\u00bb-g\u00e5rden. Foto: H\u00e5vard Solem\/TV 2<\/p>\n<ul aria-hidden=\"true\" class=\"_images_1uft6_111\">\n<li><a class=\"_link_1uft6_116\" href=\"https:\/\/www.vg.no\/forfatter\/hannah-solstad-klepp\" style=\"z-index:1\" title=\"Hannah Solstad Klepp\" rel=\"nofollow noopener\" target=\"_blank\"><img alt=\"Bilde av Hannah Solstad Klepp\" class=\"_image_1uft6_93\" fetchpriority=\"low\" loading=\"lazy\" decoding=\"async\" itemprop=\"image\"  src=\"https:\/\/www.europesays.com\/no\/wp-content\/uploads\/2025\/12\/1764660130_783_f811f9c1-64f7-4c50-9133-b5735831a650\"  width=\"480\"\/><\/a><\/li>\n<\/ul>\n<p> Oppdatert tirsdag 2. desember kl. 08:00     <\/p>\n<p class=\"_paragraph_o9xde_4 _paragraph_xtcu6_10 layout-component text-serif-m layout-normal text-serif-m layout-padded\">I forrige uke ble det klart <a href=\"https:\/\/www.vg.no\/i\/V6ldrW\" data-track-element-type=\"Link\" data-track-id=\"link:V6ldrW\" class=\"_link_o9xde_39\" rel=\"nofollow noopener\" target=\"_blank\">hvem som skal v\u00e6re med p\u00e5 \u00abFarmen kjendis\u00bb 2026<\/a>. <\/p>\n<p class=\"_paragraph_o9xde_4 _paragraph_xtcu6_10 layout-component text-serif-m layout-normal text-serif-m layout-padded\">Blant \u00abFarmen\u00bb-deltagerne skjuler det seg en informant, som tilsynelatende har sjekket inn p\u00e5 g\u00e5rden som en vanlig deltager. <\/p>\n<p class=\"_paragraph_o9xde_4 _paragraph_xtcu6_10 layout-component text-serif-m layout-normal text-serif-m layout-padded\">Hvem det er, og hva oppgaven til vedkommende blir, skal man f\u00e5 vite i den f\u00f8rste episoden.<\/p>\n<p class=\"_paragraph_o9xde_4 _paragraph_xtcu6_10 layout-component text-serif-m layout-normal text-serif-m layout-padded\">Youtuber Sander \u00abRandulle\u00bb Austad Dale, skuespiller S\u00f8lje Bergman og VGTV-profil Martin Sleipnes skal flytte inn p\u00e5 \u00abTorpet\u00bb-g\u00e5rden.<\/p>\n<ul class=\"_gallery_1qa3s_23\" tabindex=\"0\">\n<li class=\"_item_1qa3s_37\" data-index=\"0\"><img decoding=\"async\" class=\"_image_foru8_23 _articleGallery_foru8_39\" data-fullscreen- width=\"5304\" height=\"7952\" itemprop=\"image\" loading=\"lazy\"  src=\"https:\/\/www.europesays.com\/no\/wp-content\/uploads\/2025\/12\/53b3514f-1072-4d8d-92bf-e116111eda6b\"  style=\"object-position:52.253016591251885% 42.64336016096579%;aspect-ratio:var(--gallery-aspect-ratio, 16 \/ 9)\"\/>Sander \u00abRandulle\u00bb Austad Dale. Foto: H\u00e5vard Solem\/TV 2<\/li>\n<li class=\"_item_1qa3s_37\" data-index=\"1\"><img decoding=\"async\" class=\"_image_foru8_23 _articleGallery_foru8_39\" data-fullscreen- width=\"5304\" height=\"7952\" itemprop=\"image\" loading=\"lazy\"  src=\"https:\/\/www.europesays.com\/no\/wp-content\/uploads\/2025\/12\/c805773e-cb28-4d66-b468-9ede9471a2d3\"  style=\"object-position:53.87443438914027% 41.34180080482898%;aspect-ratio:var(--gallery-aspect-ratio, 16 \/ 9)\"\/>S\u00f8lje Bergman. Foto: H\u00e5vard Solem\/TV 2<\/li>\n<li class=\"_item_1qa3s_37\" data-index=\"2\"><img decoding=\"async\" class=\"_image_foru8_23 _articleGallery_foru8_39\" data-fullscreen- width=\"5304\" height=\"7952\" itemprop=\"image\" loading=\"lazy\"  src=\"https:\/\/www.europesays.com\/no\/wp-content\/uploads\/2025\/12\/68d8aee8-3bff-4b99-a2c9-cdb14e33e5b3\"  style=\"object-position:50.282805429864254% 41.31664989939638%;aspect-ratio:var(--gallery-aspect-ratio, 16 \/ 9)\"\/>Martin Sleipnes. Foto: H\u00e5vard Solem\/TV 2<\/li>\n<\/ul>\n<p>Sander \u00abRandulle\u00bb Austad Dale. Foto: H\u00e5vard Solem\/TV 2<\/p>\n<p class=\"_paragraph_o9xde_4 _paragraph_xtcu6_10 layout-component text-serif-m layout-normal text-serif-m layout-padded\">Dale er YouTuber og mest kjent under navnet \u00abRandulle\u00bb. Han deltok p\u00e5 \u00ab<a href=\"https:\/\/www.vg.no\/tag\/farmen-kjendis?utm_source=vg-article&amp;utm_medium=auto-tagger&amp;utm_campaign=n1REaa\" class=\"_link_o9xde_39\" rel=\"nofollow noopener\" target=\"_blank\">Farmen kjendis<\/a>\u00bb i 2024. <\/p>\n<p class=\"_paragraph_o9xde_4 _paragraph_xtcu6_10 layout-component text-serif-m layout-normal text-serif-m layout-padded\">Han \u00f8nsket en st\u00f8rre utfordring etter at Farmen kjendis-oppholdet var \u00abaltfor lett\u00bb. Han flyttet inn f\u00f8rst og fikk en brutal start.<\/p>\n<p class=\"_paragraph_o9xde_4 _paragraph_xtcu6_10 layout-component text-serif-m layout-normal text-serif-m layout-padded\">\u2013 Jeg fikk instrukser om \u00e5 lage det ene og det andre med tidspress, s\u00e5 jeg holdt p\u00e5 til det var bekm\u00f8rkt ute, forteller YouTuberen.<\/p>\n<p class=\"_paragraph_o9xde_4 _paragraph_xtcu6_10 layout-component text-serif-m layout-normal text-serif-m layout-padded\">Skuespilleren S\u00f8lje Bergman deltok i 2021. Hun dro inn for det sosiale aspektet.<\/p>\n<p class=\"_paragraph_o9xde_4 _paragraph_xtcu6_10 layout-component text-serif-m layout-normal text-serif-m layout-padded\">\u2013 Arbeidet er jeg ikke redd for, men jeg forberedte meg p\u00e5 \u00e5 bo trangt med to ukjente mennesker, sier hun.<\/p>\n<p><img alt=\"Foto: H\u00e5vard Solem\/TV 2\" class=\"_image_qp4xg_65 layout-component layout-normal\" data-fullscreen- data-track-element-type=\"Article image fullscreen\" data-track-name=\"ImageFullscreen\" decoding=\"async\" loading=\"lazy\" height=\"5304\" itemprop=\"image\"  src=\"https:\/\/www.europesays.com\/no\/wp-content\/uploads\/2025\/12\/df4331fe-795a-4c62-85d5-78b5d9ce9be2\"  style=\"object-position:49.830231388329985% 48.66138763197586%\" width=\"7952\"\/>Foto: H\u00e5vard Solem\/TV 2<\/p>\n<p class=\"_paragraph_o9xde_4 _paragraph_xtcu6_10 layout-component text-serif-m layout-normal text-serif-m layout-padded\">VGTV-profilen Martin Sleipnes er helt ny i \u00abFarmen\u00bb og \u00abTorpet\u00bb-universet.<\/p>\n<p class=\"_paragraph_o9xde_4 _paragraph_xtcu6_10 layout-component text-serif-m layout-normal text-serif-m layout-padded\">\u2013 Det er litt rart at jeg er p\u00e5 \u00abTorpet\u00bb fordi det vanligvis best\u00e5r av tidligere \u00abFarmen kjendis\u00bb-deltagere. S\u00e5 jeg har holdt kjeft om det i h\u00e5p om at det ikke skal bli oppdaget, sier Sleipnes i en pressemelding.<\/p>\n<p class=\"_paragraph_o9xde_4 _paragraph_xtcu6_10 layout-component text-serif-m layout-normal text-serif-m layout-padded\"><strong class=\"_strong_o9xde_25\">Trioen har ogs\u00e5 sendt en informant til \u00abFarmen kjendis\u00bb-g\u00e5rden, med m\u00e5l om \u00e5 ta over og kuppe programmet.<\/strong><\/p>\n<p class=\"_paragraph_o9xde_4 _paragraph_xtcu6_10 layout-component text-serif-m layout-normal text-serif-m layout-padded\">B\u00e5de \u00abFarmen kjendis\u00bb og \u00abTorpet kjendis\u00bb har premiere p\u00e5 TV 2 Play 6. januar.<\/p>\n<p>Les ogs\u00e5<\/p>\n","protected":false},"excerpt":{"rendered":"N\u00e5 avsl\u00f8res det hvem som skal kjempe om \u00e5 bli en fullverdig forpakter til \u00abFarmen kjendis\u00bb-g\u00e5rden. Sander \u00abRandulle\u00bb&hellip;\n","protected":false},"author":2,"featured_media":101959,"comment_status":"","ping_status":"","sticky":false,"template":"","format":"standard","meta":{"footnotes":""},"categories":[58],"tags":[71,9467,12916,30,28,29,72],"class_list":{"0":"post-101958","1":"post","2":"type-post","3":"status-publish","4":"format-standard","5":"has-post-thumbnail","7":"category-underholdning","8":"tag-entertainment","9":"tag-farmen-kjendis","10":"tag-martin-sleipnes","11":"tag-no","12":"tag-norge","13":"tag-norway","14":"tag-underholdning"},"share_on_mastodon":{"url":"https:\/\/pubeurope.com\/@no\/115648773992212255","error":""},"_links":{"self":[{"href":"https:\/\/www.europesays.com\/no\/wp-json\/wp\/v2\/posts\/101958","targetHints":{"allow":["GET"]}}],"collection":[{"href":"https:\/\/www.europesays.com\/no\/wp-json\/wp\/v2\/posts"}],"about":[{"href":"https:\/\/www.europesays.com\/no\/wp-json\/wp\/v2\/types\/post"}],"author":[{"embeddable":true,"href":"https:\/\/www.europesays.com\/no\/wp-json\/wp\/v2\/users\/2"}],"replies":[{"embeddable":true,"href":"https:\/\/www.europesays.com\/no\/wp-json\/wp\/v2\/comments?post=101958"}],"version-history":[{"count":0,"href":"https:\/\/www.europesays.com\/no\/wp-json\/wp\/v2\/posts\/101958\/revisions"}],"wp:featuredmedia":[{"embeddable":true,"href":"https:\/\/www.europesays.com\/no\/wp-json\/wp\/v2\/media\/101959"}],"wp:attachment":[{"href":"https:\/\/www.europesays.com\/no\/wp-json\/wp\/v2\/media?parent=101958"}],"wp:term":[{"taxonomy":"category","embeddable":true,"href":"https:\/\/www.europesays.com\/no\/wp-json\/wp\/v2\/categories?post=101958"},{"taxonomy":"post_tag","embeddable":true,"href":"https:\/\/www.europesays.com\/no\/wp-json\/wp\/v2\/tags?post=101958"}],"curies":[{"name":"wp","href":"https:\/\/api.w.org\/{rel}","templated":true}]}}