{"id":101977,"date":"2025-12-02T07:47:10","date_gmt":"2025-12-02T07:47:10","guid":{"rendered":"https:\/\/www.europesays.com\/no\/101977\/"},"modified":"2025-12-02T07:47:10","modified_gmt":"2025-12-02T07:47:10","slug":"diddy-truer-netflix-med-soksmal-for-dokumentar","status":"publish","type":"post","link":"https:\/\/www.europesays.com\/no\/101977\/","title":{"rendered":"\u00abDiddy\u00bb truer Netflix med s\u00f8ksm\u00e5l f\u00f8r dokumentar"},"content":{"rendered":"\n<p class=\"_lead_o9xde_2 _lead_xtcu6_50 layout-component text-serif-m layout-normal text-serif-l layout-component layout-wide layout-padded _wide_17hqh_1 layout-padded\">Advokater har sendt stoppordre til str\u00f8mmetjenesten.<\/p>\n<p><img alt=\"Sean \u00abDiddy\u00bb Combs p\u00e5 Grammy-vorspiel i 2020. Foto: Mark Von Holden \/ AP \/ NTB\" class=\"_image_qp4xg_65 layout-component layout-wide\" data-fullscreen- data-track-element-type=\"Article image fullscreen\" data-track-name=\"ImageFullscreen\" fetchpriority=\"high\" decoding=\"sync\" loading=\"eager\" height=\"2327\" itemprop=\"image\"  src=\"https:\/\/www.europesays.com\/no\/wp-content\/uploads\/2025\/12\/627f069d-57da-4092-82c1-a5e001f2267c\"  style=\"object-position:0% 0%\" width=\"3000\"\/>Sean \u00abDiddy\u00bb Combs p\u00e5 Grammy-vorspiel i 2020. Foto: Mark Von Holden \/ AP \/ NTB<\/p>\n<ul aria-hidden=\"true\" class=\"_images_1uft6_111\">\n<li><a class=\"_link_1uft6_116\" href=\"https:\/\/www.vg.no\/forfatter\/catherine-gonsholt-ighanian\" style=\"z-index:1\" title=\"Catherine Gonsholt Ighanian\" rel=\"nofollow noopener\" target=\"_blank\"><img alt=\"Bilde av Catherine Gonsholt Ighanian\" class=\"_image_1uft6_93\" fetchpriority=\"low\" loading=\"lazy\" decoding=\"async\" itemprop=\"image\"  src=\"https:\/\/www.europesays.com\/no\/wp-content\/uploads\/2025\/12\/72dca32d-ee6f-474c-a50e-72a9bb49f38a\"  width=\"480\"\/><\/a><\/li>\n<\/ul>\n<p> Oppdatert tirsdag 2. desember kl. 08:14    <\/p>\n<ul class=\"_list_o9xde_3 _list_64s2r_85 _unordered_o9xde_106 text-sans-m\">\n<li class=\"_item_o9xde_30\">Advokater til Sean \u00abDiddy\u00bb Combs har sendt stoppordre til Netflix dagen f\u00f8r premieren p\u00e5 dokumentaren \u00abSean Combs: The Reckoning\u00bb.<\/li>\n<li class=\"_item_o9xde_30\">De truer med s\u00f8ksm\u00e5l og anklager Netflix for \u00e5 bruke uautorisert materiale.<\/li>\n<li class=\"_item_o9xde_30\">Regiss\u00f8r Alexandra Stapleton sier opptaket er lovlig innhentet.<\/li>\n<li class=\"_item_o9xde_30\">Diddy soner fire \u00e5rs fengsel etter dom i sommer, men har anket.<\/li>\n<\/ul>\n<p>Vis mer <\/p>\n<p class=\"_paragraph_o9xde_4 _paragraph_xtcu6_10 layout-component text-serif-m layout-normal text-serif-m layout-padded\">Sean \u00abDiddy\u00bb Combs&#8217; advokater sendte mandag klar beskjed til Netflix \u2013 dagen f\u00f8r str\u00f8mmetjenesten har premiere p\u00e5 dokumentarserien \u00ab<a href=\"https:\/\/www.vg.no\/tag\/sean-combs?utm_source=vg-article&amp;utm_medium=auto-tagger&amp;utm_campaign=rrpQ48\" class=\"_link_o9xde_39\" rel=\"nofollow noopener\" target=\"_blank\">Sean Combs<\/a>: The Reckoning\u00bb, melder <a href=\"https:\/\/edition.cnn.com\/2025\/12\/01\/entertainment\/sean-diddy-combs-netflix-50-cent-documentary\" class=\"_link_o9xde_39\" rel=\"nofollow noopener\" target=\"_blank\">CNN<\/a>.<\/p>\n<p class=\"_paragraph_o9xde_4 _paragraph_xtcu6_10 layout-component text-serif-m layout-normal text-serif-m layout-padded\">I stoppordren truer advokatene med s\u00f8ksm\u00e5l dersom Netflix ikke stanser utgivelsen. <\/p>\n<p class=\"_paragraph_o9xde_4 _paragraph_xtcu6_10 layout-component text-serif-m layout-normal text-serif-m layout-padded\">Dokumentaren er produsert av rapper Curtis \u00ab50 Cent\u00bb Jackson (50), som lenge har v\u00e6rt i konflikt med Combs.<\/p>\n<p><img decoding=\"async\" alt=\"Bilde av Curtis Jackson, ogs\u00e5 kjent som 50 Cent.\" class=\"_image_ygndg_42\" height=\"48\" itemprop=\"image\" loading=\"lazy\"  src=\"https:\/\/www.europesays.com\/no\/wp-content\/uploads\/2025\/12\/140457bb-8971-444e-9587-108b12df69d0\"  width=\"40\"\/><strong class=\"_name_ygndg_51 title-serif-xs\">Curtis Jackson, ogs\u00e5 kjent som 50 Cent.<\/strong><\/p>\n<p class=\"_paragraph_o9xde_4 _paragraph_xtcu6_10 layout-component text-serif-m layout-normal text-serif-m layout-padded\">Combs&#8217; talsperson anklager Netflix for \u00e5 bruke \u00abstj\u00e5let opptak som aldri ble autorisert for utgivelse\u00bb i det de kaller et \u00abskammelig angrep\u00bb.<\/p>\n<p class=\"_paragraph_o9xde_4 _paragraph_xtcu6_10 layout-component text-serif-m layout-normal text-serif-m layout-padded\">Opptaket som omtales, vises i Netflix&#8217; offisielle trailer, der Combs (56) sier:<\/p>\n<p class=\"_paragraph_o9xde_4 _paragraph_xtcu6_10 layout-component text-serif-m layout-normal text-serif-m layout-padded\"><strong class=\"_strong_o9xde_25\">\u2013 Vi m\u00e5 finne noen som vil jobbe med oss som har jobbet i de skitneste av skitne virksomheter. Vi taper.<\/strong><\/p>\n<p class=\"_paragraph_o9xde_4 _paragraph_xtcu6_10 layout-component text-serif-m layout-normal text-serif-m layout-padded\">If\u00f8lge Combs&#8217; talsperson Juda Engelmayer ble opptaket filmet seks dager f\u00f8r Combs&#8217; arrestasjon i september 2024. Han forklarer at Combs har filmet seg selv gjennom flere ti\u00e5r for \u00e5 lage sin egen dokumentar.<\/p>\n<p class=\"_paragraph_o9xde_4 _paragraph_xtcu6_10 layout-component text-serif-m layout-normal text-serif-m layout-padded\">Regiss\u00f8r Alexandra Stapleton avviser anklagene og sier filmskaperne har skaffet opptaket lovlig.<\/p>\n<p class=\"_paragraph_o9xde_4 _paragraph_xtcu6_10 layout-component text-serif-m layout-normal text-serif-m layout-padded\">Combs ble i sommer <a href=\"https:\/\/www.vg.no\/rampelys\/i\/VzWM0p\/diddys-straffeutmaaling-i-gang\" data-track-element-type=\"Link\" data-track-id=\"link:VzWM0p\" class=\"_link_o9xde_39\" rel=\"nofollow noopener\" target=\"_blank\">d\u00f8mt til fire \u00e5rs fengsel<\/a> etter \u00e5 ha blitt funnet skyldig i to tiltalepunkter om transport med hensikt om prostitusjon.<\/p>\n<p class=\"_paragraph_o9xde_4 _paragraph_xtcu6_10 layout-component text-serif-m layout-normal text-serif-m layout-padded\">I tillegg ble han ilagt bot p\u00e5 500.000 dollar, rett under fem millioner norske kroner. <\/p>\n<p class=\"_paragraph_o9xde_4 _paragraph_xtcu6_10 layout-component text-serif-m layout-normal text-serif-m layout-padded\">Han ble frikjent for de mer alvorlige anklagene om menneskehandel og organisert kriminalitet.<\/p>\n<p class=\"_paragraph_o9xde_4 _paragraph_xtcu6_10 layout-component text-serif-m layout-normal text-serif-m layout-padded\">Diddy <a href=\"https:\/\/www.vg.no\/rampelys\/i\/dRonmX\/sean-diddy-combs-vil-anke-dommen\" data-track-element-type=\"Link\" data-track-id=\"link:dRonmX\" class=\"_link_o9xde_39\" rel=\"nofollow noopener\" target=\"_blank\">har anket dommen<\/a>. Han soner for tiden i et f\u00f8deralt fengsel i New Jersey.<\/p>\n<p>Les ogs\u00e5<\/p>\n","protected":false},"excerpt":{"rendered":"Advokater har sendt stoppordre til str\u00f8mmetjenesten. Sean \u00abDiddy\u00bb Combs p\u00e5 Grammy-vorspiel i 2020. Foto: Mark Von Holden \/&hellip;\n","protected":false},"author":2,"featured_media":101978,"comment_status":"","ping_status":"","sticky":false,"template":"","format":"standard","meta":{"footnotes":""},"categories":[58],"tags":[71,220,30,28,29,74,72,46],"class_list":{"0":"post-101977","1":"post","2":"type-post","3":"status-publish","4":"format-standard","5":"has-post-thumbnail","7":"category-underholdning","8":"tag-entertainment","9":"tag-netflix","10":"tag-no","11":"tag-norge","12":"tag-norway","13":"tag-sean-diddy-combs","14":"tag-underholdning","15":"tag-vgai"},"share_on_mastodon":{"url":"https:\/\/pubeurope.com\/@no\/115648872186938640","error":""},"_links":{"self":[{"href":"https:\/\/www.europesays.com\/no\/wp-json\/wp\/v2\/posts\/101977","targetHints":{"allow":["GET"]}}],"collection":[{"href":"https:\/\/www.europesays.com\/no\/wp-json\/wp\/v2\/posts"}],"about":[{"href":"https:\/\/www.europesays.com\/no\/wp-json\/wp\/v2\/types\/post"}],"author":[{"embeddable":true,"href":"https:\/\/www.europesays.com\/no\/wp-json\/wp\/v2\/users\/2"}],"replies":[{"embeddable":true,"href":"https:\/\/www.europesays.com\/no\/wp-json\/wp\/v2\/comments?post=101977"}],"version-history":[{"count":0,"href":"https:\/\/www.europesays.com\/no\/wp-json\/wp\/v2\/posts\/101977\/revisions"}],"wp:featuredmedia":[{"embeddable":true,"href":"https:\/\/www.europesays.com\/no\/wp-json\/wp\/v2\/media\/101978"}],"wp:attachment":[{"href":"https:\/\/www.europesays.com\/no\/wp-json\/wp\/v2\/media?parent=101977"}],"wp:term":[{"taxonomy":"category","embeddable":true,"href":"https:\/\/www.europesays.com\/no\/wp-json\/wp\/v2\/categories?post=101977"},{"taxonomy":"post_tag","embeddable":true,"href":"https:\/\/www.europesays.com\/no\/wp-json\/wp\/v2\/tags?post=101977"}],"curies":[{"name":"wp","href":"https:\/\/api.w.org\/{rel}","templated":true}]}}