{"id":101983,"date":"2025-12-02T07:52:11","date_gmt":"2025-12-02T07:52:11","guid":{"rendered":"https:\/\/www.europesays.com\/no\/101983\/"},"modified":"2025-12-02T07:52:11","modified_gmt":"2025-12-02T07:52:11","slug":"enighet-om-skolebehovsplanen-for-oslo","status":"publish","type":"post","link":"https:\/\/www.europesays.com\/no\/101983\/","title":{"rendered":"Enighet om skolebehovsplanen for Oslo"},"content":{"rendered":"<p class=\"extendedContent hyperion-css-eyn926\" data-test-tag=\"lead-text\">De borgerlige partiene er enige om \u00e5 vedta byr\u00e5dets skolebehovsplan for 2026\u20132045. <\/p>\n<p><img decoding=\"async\" class=\"image-asset hyperion-css-u06ts1\" data-test-tag=\"image-asset\" src=\"https:\/\/www.europesays.com\/no\/wp-content\/uploads\/2025\/12\/5a541fcc-17d8-4d5e-85a4-bea48c7170f4\"  alt=\"Julie Remen Midtgarden (H) er byr\u00e5d for utdanning i Oslo. \"  loading=\"eager\" fetchpriority=\"high\" style=\"aspect-ratio:2048 \/ 1365\"\/>Julie Remen Midtgarden (H) er byr\u00e5d for utdanning i Oslo. Foto: Dan P. Neegaard \/ Aftenposten \/ NTB<\/p>\n<p class=\"paywall hyperion-css-1j42uic\">Skolebehovsplanen er navnet p\u00e5 byr\u00e5dets forslag til fremtidig skolestruktur i Oslo. <\/p>\n<p class=\"paywall hyperion-css-1j42uic\">P\u00e5 bakgrunn av synkende elevtall i grunnskolen og en krevende \u00f8konomisk situasjon i Oslo kommune, har byr\u00e5det konkludert med at det er behov for \u00e5 gj\u00f8re st\u00f8rre endringer.  <\/p>\n<p class=\"paywall hyperion-css-1j42uic\"><a data-test-tag=\"internal-link\" href=\"https:\/\/www.aftenposten.no\/oslo\/i\/B0gaJe\/oslos-skolebehovsplan-naa-kommer-fasit-fra-byraaden\" class=\"hyperion-css-1raymq9\" rel=\"nofollow noopener\" target=\"\" aria-label=\"Den opprinnelige planen\" theme=\"breaking-short\">Den opprinnelige planen<\/a> inneb\u00e6rer at M\u00f8llegata skole legges ned og gj\u00f8res om til videreg\u00e5ende, at Maridalen skole legges ned og blir spesialskole og at S\u00f8rkedalen skole legges ned. <\/p>\n<p class=\"paywall hyperion-css-1j42uic\">I tillegg er det foresl\u00e5tt \u00e5 gj\u00f8re flere skoler som i dag har b\u00e5de barne- og ungdomstrinn om til rene barne- eller ungdomsskoler. <\/p>\n<p class=\"paywall hyperion-css-1j42uic\"><strong>Det har v\u00e6rt mye debatt rundt rundt endringene, og elever og foreldre <\/strong><a data-test-tag=\"internal-link\" href=\"https:\/\/www.aftenposten.no\/oslo\/i\/L4p134\/hundrevis-demonstrerte-foran-raadhuset-i-oslo-mot-omstridt-skoleplan\" class=\"hyperion-css-1raymq9\" rel=\"nofollow noopener\" target=\"\" theme=\"breaking-short\"><strong>har demonstrert foran r\u00e5dhuset i protest mot planen.<\/strong><\/a><\/p>\n<p><img decoding=\"async\" class=\"image-asset hyperion-css-u06ts1\" data-test-tag=\"image-asset\" src=\"https:\/\/www.europesays.com\/no\/wp-content\/uploads\/2025\/12\/52a02a9a-da7d-4e00-a67b-3c3c74bd1fab\"  alt=\"Blant skolene som hadde mobilisert til demonstrasjon foran r\u00e5dhuset i november, var M\u00f8llergata, Abilds\u00f8 og Karlsrud skole. Ogs\u00e5 familier fra Ensj\u00f8 og Bj\u00f8rvika m\u00f8tte opp. \"  loading=\"eager\" fetchpriority=\"high\" style=\"aspect-ratio:2048 \/ 1366\"\/>Blant skolene som hadde mobilisert til demonstrasjon foran r\u00e5dhuset i november, var M\u00f8llergata, Abilds\u00f8 og Karlsrud skole. Ogs\u00e5 familier fra Ensj\u00f8 og Bj\u00f8rvika m\u00f8tte opp. Foto: Paal Audestad \/ Aftenposten<\/p>\n<p class=\"paywall hyperion-css-1j42uic\">Det kom over 1300 innspill i h\u00f8ringsrunden. Planen har ogs\u00e5 f\u00e5tt omfattende kritikk fra alt fra\u00a0<a data-test-tag=\"internal-link\" href=\"https:\/\/www.aftenposten.no\/oslo\/i\/MnG1pR\/ny-skole-paa-mortensrud-er-luket-ut-av-skolebehovsplanen-politiet-advarer-mot-konsekvensene\" class=\"hyperion-css-1raymq9\" rel=\"nofollow noopener\" target=\"\" aria-label=\"politiet\u00a0\" theme=\"breaking-short\">politiet\u00a0<\/a>til\u00a0<a data-test-tag=\"internal-link\" href=\"https:\/\/www.aftenposten.no\/oslo\/i\/pP2b1o\/pbe-slakter-oslos-nye-skoleplan-mangelfullt-belyst-daarlig-grunnlag-overfladisk-vurdert\" class=\"hyperion-css-1raymq9\" rel=\"nofollow noopener\" target=\"\" aria-label=\"Plan- og bygningsetaten\" theme=\"breaking-short\">Plan- og bygningsetaten<\/a>.<\/p>\n<p class=\"paywall hyperion-css-1j42uic\">Mens de r\u00f8dgr\u00f8nne partiene i bystyret \u00f8nsker \u00e5 sende hele planen i retur, har Frp og KrF valgt \u00e5 st\u00f8tte hovedlinjene i planen, med noen endringer. Dermed er det flertall i bystyret for planen. <\/p>\n<p class=\"paywall hyperion-css-1j42uic\">Hvilke endringer det dreier seg om vil f\u00f8rst bli klart under en pressekonferanse p\u00e5 Trosterud skole tirsdag formiddag. <\/p>\n<p class=\"paywall hyperion-css-1j42uic\">Den skal endelig vedtas under bystyrem\u00f8te 17. desember.<\/p>\n","protected":false},"excerpt":{"rendered":"De borgerlige partiene er enige om \u00e5 vedta byr\u00e5dets skolebehovsplan for 2026\u20132045. Julie Remen Midtgarden (H) er byr\u00e5d&hellip;\n","protected":false},"author":2,"featured_media":101984,"comment_status":"","ping_status":"","sticky":false,"template":"","format":"standard","meta":{"footnotes":""},"categories":[10],"tags":[20,21,24,25,15,22,23,13,30,28,29,14,16,26,27],"class_list":{"0":"post-101983","1":"post","2":"type-post","3":"status-publish","4":"format-standard","5":"has-post-thumbnail","7":"category-norge","8":"tag-breaking-news","9":"tag-breakingnews","10":"tag-featured-news","11":"tag-featurednews","12":"tag-headlines","13":"tag-latest-news","14":"tag-latestnews","15":"tag-news","16":"tag-no","17":"tag-norge","18":"tag-norway","19":"tag-nyheter","20":"tag-overskrifter","21":"tag-top-stories","22":"tag-topstories"},"share_on_mastodon":{"url":"https:\/\/pubeurope.com\/@no\/115648891742505521","error":""},"_links":{"self":[{"href":"https:\/\/www.europesays.com\/no\/wp-json\/wp\/v2\/posts\/101983","targetHints":{"allow":["GET"]}}],"collection":[{"href":"https:\/\/www.europesays.com\/no\/wp-json\/wp\/v2\/posts"}],"about":[{"href":"https:\/\/www.europesays.com\/no\/wp-json\/wp\/v2\/types\/post"}],"author":[{"embeddable":true,"href":"https:\/\/www.europesays.com\/no\/wp-json\/wp\/v2\/users\/2"}],"replies":[{"embeddable":true,"href":"https:\/\/www.europesays.com\/no\/wp-json\/wp\/v2\/comments?post=101983"}],"version-history":[{"count":0,"href":"https:\/\/www.europesays.com\/no\/wp-json\/wp\/v2\/posts\/101983\/revisions"}],"wp:featuredmedia":[{"embeddable":true,"href":"https:\/\/www.europesays.com\/no\/wp-json\/wp\/v2\/media\/101984"}],"wp:attachment":[{"href":"https:\/\/www.europesays.com\/no\/wp-json\/wp\/v2\/media?parent=101983"}],"wp:term":[{"taxonomy":"category","embeddable":true,"href":"https:\/\/www.europesays.com\/no\/wp-json\/wp\/v2\/categories?post=101983"},{"taxonomy":"post_tag","embeddable":true,"href":"https:\/\/www.europesays.com\/no\/wp-json\/wp\/v2\/tags?post=101983"}],"curies":[{"name":"wp","href":"https:\/\/api.w.org\/{rel}","templated":true}]}}