{"id":101991,"date":"2025-12-02T07:59:10","date_gmt":"2025-12-02T07:59:10","guid":{"rendered":"https:\/\/www.europesays.com\/no\/101991\/"},"modified":"2025-12-02T07:59:10","modified_gmt":"2025-12-02T07:59:10","slug":"statsbudsjettet-akuttovernatting-i-flere-byer-kan-reddes","status":"publish","type":"post","link":"https:\/\/www.europesays.com\/no\/101991\/","title":{"rendered":"Statsbudsjettet: Akuttovernatting i flere byer kan reddes"},"content":{"rendered":"<p> Regjeringen foreslo opprinnelig kutt i tilskuddet til humanit\u00e6re tiltak for E\u00d8S-borgere i 2026 til 10 millioner kroner. I forliket mellom Arbeiderpartiet, Senterpartiet og R\u00f8dt kommer det imidlertid fram at tilskuddet for 2026 blir p\u00e5 25 millioner kroner, det samme som i \u00e5r, skriver <a href=\"https:\/\/www.vg.no\/nyheter\/i\/8pl4ew\/akuttovernattingen-i-oslo-reddes\" rel=\"noopener nofollow\" target=\"_blank\">VG<\/a>.<\/p>\n<p>\u2013 Jeg er superglad og lettet for at flere partier s\u00e5 tydelig erkjenner betydningen av dette arbeidet, sier Marit Nyb\u00f8 i Kirkens Bymisjon til avisa.<\/p>\n<p>Hun legger til at hun ikke er sikker f\u00f8r statsbudsjettet er vedtatt i Stortinget.<\/p>\n<p>De tre partiene som n\u00e5dde et forlik om budsjettet i helgen, er imidlertid avhengig av st\u00f8tte og Ap har fortsatt samtalene med SV og MDG.<\/p>\n","protected":false},"excerpt":{"rendered":"Regjeringen foreslo opprinnelig kutt i tilskuddet til humanit\u00e6re tiltak for E\u00d8S-borgere i 2026 til 10 millioner kroner. I&hellip;\n","protected":false},"author":2,"featured_media":1271,"comment_status":"","ping_status":"","sticky":false,"template":"","format":"standard","meta":{"footnotes":""},"categories":[10],"tags":[20,21,24,25,15,22,23,13,30,28,29,14,16,26,27],"class_list":{"0":"post-101991","1":"post","2":"type-post","3":"status-publish","4":"format-standard","5":"has-post-thumbnail","7":"category-norge","8":"tag-breaking-news","9":"tag-breakingnews","10":"tag-featured-news","11":"tag-featurednews","12":"tag-headlines","13":"tag-latest-news","14":"tag-latestnews","15":"tag-news","16":"tag-no","17":"tag-norge","18":"tag-norway","19":"tag-nyheter","20":"tag-overskrifter","21":"tag-top-stories","22":"tag-topstories"},"share_on_mastodon":{"url":"https:\/\/pubeurope.com\/@no\/115648919272294978","error":""},"_links":{"self":[{"href":"https:\/\/www.europesays.com\/no\/wp-json\/wp\/v2\/posts\/101991","targetHints":{"allow":["GET"]}}],"collection":[{"href":"https:\/\/www.europesays.com\/no\/wp-json\/wp\/v2\/posts"}],"about":[{"href":"https:\/\/www.europesays.com\/no\/wp-json\/wp\/v2\/types\/post"}],"author":[{"embeddable":true,"href":"https:\/\/www.europesays.com\/no\/wp-json\/wp\/v2\/users\/2"}],"replies":[{"embeddable":true,"href":"https:\/\/www.europesays.com\/no\/wp-json\/wp\/v2\/comments?post=101991"}],"version-history":[{"count":0,"href":"https:\/\/www.europesays.com\/no\/wp-json\/wp\/v2\/posts\/101991\/revisions"}],"wp:featuredmedia":[{"embeddable":true,"href":"https:\/\/www.europesays.com\/no\/wp-json\/wp\/v2\/media\/1271"}],"wp:attachment":[{"href":"https:\/\/www.europesays.com\/no\/wp-json\/wp\/v2\/media?parent=101991"}],"wp:term":[{"taxonomy":"category","embeddable":true,"href":"https:\/\/www.europesays.com\/no\/wp-json\/wp\/v2\/categories?post=101991"},{"taxonomy":"post_tag","embeddable":true,"href":"https:\/\/www.europesays.com\/no\/wp-json\/wp\/v2\/tags?post=101991"}],"curies":[{"name":"wp","href":"https:\/\/api.w.org\/{rel}","templated":true}]}}