{"id":101998,"date":"2025-12-02T08:05:49","date_gmt":"2025-12-02T08:05:49","guid":{"rendered":"https:\/\/www.europesays.com\/no\/101998\/"},"modified":"2025-12-02T08:05:49","modified_gmt":"2025-12-02T08:05:49","slug":"tre-av-de-drepte-var-barn","status":"publish","type":"post","link":"https:\/\/www.europesays.com\/no\/101998\/","title":{"rendered":"Tre av de drepte var barn"},"content":{"rendered":"<p><strong>Politiet i Stockton, California, ber fortsatt offentligheten om tips etter masseskytingen p\u00e5 et festlokale l\u00f8rdag kveld, der fire personer<\/strong> <strong>ble drept \u2013 tre av dem barn \u2013 skriver <a href=\"https:\/\/www.huffpost.com\/entry\/california-shooting-stockton_n_692bcba1e4b0675020453594?origin=home-latest-news-unit\" rel=\"nofollow noopener\" target=\"_blank\">AP News<\/a>.<\/strong><\/p>\n<p>If\u00f8lge sheriffkontoret i San Joaquin County var barna som mistet livet 8, 9 og 14 \u00e5r gamle. Det fjerde offeret var en 21-\u00e5ring. Elleve andre ble s\u00e5ret i angrepet.<\/p>\n<p>Myndighetene opplyser at ingen er p\u00e5grepet, og at de fortsatt s\u00f8ker \u00e9n eller flere gjerningspersoner. Forel\u00f8pige vurderinger tyder p\u00e5 at skytingen kan ha v\u00e6rt m\u00e5lrettet.<\/p>\n<p>Skytingen <a href=\"https:\/\/inyheter.no\/30\/11\/2025\/14-skutt-under-familieselskap-fire-bekreftet-dode\/\" rel=\"nofollow noopener\" target=\"_blank\">skjedde under en barnebursdag<\/a>, bekrefter byens viseborgermester. Det er fortsatt ikke kjent hvordan det st\u00e5r til med de elleve som ble fraktet til sykehus.<\/p>\n<p>Myndighetene har ikke gitt noen signalementer p\u00e5 de som sto bak skytingen, opplyser <a href=\"https:\/\/www.reuters.com\/world\/us\/four-dead-after-14-people-shot-family-gathering-stockton-california-2025-11-30\/\" rel=\"nofollow noopener\" target=\"_blank\">Reuters<\/a>.<\/p>\n","protected":false},"excerpt":{"rendered":"Politiet i Stockton, California, ber fortsatt offentligheten om tips etter masseskytingen p\u00e5 et festlokale l\u00f8rdag kveld, der fire&hellip;\n","protected":false},"author":2,"featured_media":101999,"comment_status":"","ping_status":"","sticky":false,"template":"","format":"standard","meta":{"footnotes":""},"categories":[12],"tags":[20,21,2776,24,25,15,22,23,13,30,28,29,14,16,7842,26,27,42,43,44,45],"class_list":{"0":"post-101998","1":"post","2":"type-post","3":"status-publish","4":"format-standard","5":"has-post-thumbnail","7":"category-verden","8":"tag-breaking-news","9":"tag-breakingnews","10":"tag-california","11":"tag-featured-news","12":"tag-featurednews","13":"tag-headlines","14":"tag-latest-news","15":"tag-latestnews","16":"tag-news","17":"tag-no","18":"tag-norge","19":"tag-norway","20":"tag-nyheter","21":"tag-overskrifter","22":"tag-skyteepisode","23":"tag-top-stories","24":"tag-topstories","25":"tag-verden","26":"tag-world","27":"tag-world-news","28":"tag-worldnews"},"share_on_mastodon":{"url":"https:\/\/pubeurope.com\/@no\/115648946690344100","error":""},"_links":{"self":[{"href":"https:\/\/www.europesays.com\/no\/wp-json\/wp\/v2\/posts\/101998","targetHints":{"allow":["GET"]}}],"collection":[{"href":"https:\/\/www.europesays.com\/no\/wp-json\/wp\/v2\/posts"}],"about":[{"href":"https:\/\/www.europesays.com\/no\/wp-json\/wp\/v2\/types\/post"}],"author":[{"embeddable":true,"href":"https:\/\/www.europesays.com\/no\/wp-json\/wp\/v2\/users\/2"}],"replies":[{"embeddable":true,"href":"https:\/\/www.europesays.com\/no\/wp-json\/wp\/v2\/comments?post=101998"}],"version-history":[{"count":0,"href":"https:\/\/www.europesays.com\/no\/wp-json\/wp\/v2\/posts\/101998\/revisions"}],"wp:featuredmedia":[{"embeddable":true,"href":"https:\/\/www.europesays.com\/no\/wp-json\/wp\/v2\/media\/101999"}],"wp:attachment":[{"href":"https:\/\/www.europesays.com\/no\/wp-json\/wp\/v2\/media?parent=101998"}],"wp:term":[{"taxonomy":"category","embeddable":true,"href":"https:\/\/www.europesays.com\/no\/wp-json\/wp\/v2\/categories?post=101998"},{"taxonomy":"post_tag","embeddable":true,"href":"https:\/\/www.europesays.com\/no\/wp-json\/wp\/v2\/tags?post=101998"}],"curies":[{"name":"wp","href":"https:\/\/api.w.org\/{rel}","templated":true}]}}