{"id":102022,"date":"2025-12-02T08:37:41","date_gmt":"2025-12-02T08:37:41","guid":{"rendered":"https:\/\/www.europesays.com\/no\/102022\/"},"modified":"2025-12-02T08:37:41","modified_gmt":"2025-12-02T08:37:41","slug":"er-det-en-innsjo-under-sorpolen-pa-mars","status":"publish","type":"post","link":"https:\/\/www.europesays.com\/no\/102022\/","title":{"rendered":"Er det en innsj\u00f8 under s\u00f8rpolen p\u00e5 Mars?"},"content":{"rendered":"<p>    Forskere kaster nytt lys over et gammelt Mars-mysterium.<\/p>\n<p>\n        Dette er det isdekte omr\u00e5det n\u00e6r s\u00f8rpolen p\u00e5 Mars, sett av sonden Mars Express.<br \/>\n        (Foto: ESA\/DLR\/FU Berlin\/CC BY-SA)\n    <\/p>\n<p>Forskere har lenge lurt p\u00e5 om det finnes en stor innsj\u00f8 under isen p\u00e5 s\u00f8rpolen p\u00e5 Mars. Resultater som antydet dette ble f\u00f8rst publisert i en studie i Science i 2018.\u00a0<\/p>\n<p>Her viste forskerne at det kunne v\u00e6re en 20 kilometer bred innsj\u00f8 med flytende vann her. Dette var basert p\u00e5 radarm\u00e5linger fra sonden Mars Express som har g\u00e5tt i bane siden 2003.<\/p>\n<p>Hvis det faktisk er flytende vann der, m\u00e5 det v\u00e6re ekstremt salt og mye trykk, if\u00f8lge studien. B\u00e5de h\u00f8yt trykk og sv\u00e6rt salt vann kan gj\u00f8re at vannet kan v\u00e6re flytende selv om temperaturen er langt under 0 grader.\u00a0\u00a0<\/p>\n<p><a href=\"https:\/\/www.forskning.no\/planeter\/store-mengder-flytende-vann-oppdaget-pa-mars\/1214643\" rel=\"nofollow noopener\" target=\"_blank\">I 2018 omtalte forskning.no et funn<\/a>\u00a0der forskerne mente de m\u00e5lte overgangen mellom vann og is.\u00a0<\/p>\n<p>I 2022 kom en annen studie som pekte p\u00e5 det var problemer med ideen, <a href=\"https:\/\/www.forskning.no\/mars-planeter-romforskning\/innsjoer-under-iskappe-pa-mars-er-kanskje-ikke-vann-likevel\/1970863\" rel=\"nofollow noopener\" target=\"_blank\">som du kan lese mer om her.\u00a0<\/a><\/p>\n<p> \u2013 Vi forst\u00e5r ikke hvordan det kan v\u00e6re flytende vann der, fordi vi forventer ikke at det er nok energi eller trykk der for \u00e5 smelte vann, selv om vannet er salt, sa Cyril Grima ved University of Texas at Austin\u00a0<a href=\"https:\/\/www.newscientist.com\/article\/2305601-mars-lake-may-actually-be-volcanic-rocks-buried-beneath-the-ice-cap\/\" rel=\"nofollow noopener\" target=\"_blank\">til New Scientist<\/a>\u00a0i 2022.\u00a0<\/p>\n<p>Deres konklusjon var at radarbildene ogs\u00e5 kunne tolkes som at det var t\u00f8rre, vulkanske sletter under isen.\u00a0\u00a0<\/p>\n<p>                <img decoding=\"async\" src=\"https:\/\/www.europesays.com\/no\/wp-content\/uploads\/2025\/12\/2584224.webp\" width=\"480\" height=\"677\" title=\"Her er denne mulige innsj\u00f8en nede til h\u00f8yre i bildet if\u00f8lge m\u00e5lingene fra 2018.\" alt=\"\" loading=\"lazy\" style=\"\"\/><\/p>\n<p>\n            Her er denne mulige innsj\u00f8en nede til h\u00f8yre i bildet if\u00f8lge m\u00e5lingene fra 2018.<br \/>\n            (Illusyrasjon: USGS)\n        <\/p>\n<p>Svakere signaler<\/p>\n<p>N\u00e5 er det flere biter som kan falle p\u00e5 plass. If\u00f8lge en ny studie med radardata fra en annen sonde, Mars Reconnaissance Orbiter (MRO), s\u00e5 har ikke de heller funnet noen klare spor etter en innsj\u00f8 her.<\/p>\n<p>Resultatene fra 2018 tydet p\u00e5 sonden s\u00e5 et tydelig radarsignal av et reflekterende flatt omr\u00e5de under isen. Og vann kan v\u00e6re veldig reflekterende for radar, if\u00f8lge NASA.\u00a0<\/p>\n<p>NASA-forskerne har ogs\u00e5 brukt mye tid og krefter p\u00e5 \u00e5 lete etter dette omr\u00e5det, men n\u00e5 har de m\u00e5lt her ved hjelp av en spesiell m\u00e5te \u00e5 bruke radaren p\u00e5 MRO p\u00e5, if\u00f8lge studien.\u00a0<\/p>\n<p>Og forskerne fant et eller annet radarsignal p\u00e5 omtrentlig det samme stedet, s\u00e5 de p\u00e5peker at det finnes noe her som reflekterer radarsignalene.<\/p>\n<p>Signalet er likevel langt svakere enn det som ble m\u00e5lt i 2018, if\u00f8lge den nye studien, som er<a href=\"https:\/\/agupubs.onlinelibrary.wiley.com\/doi\/10.1029\/2025GL118537\" rel=\"nofollow noopener\" target=\"_blank\"> publisert i Geophysical Review Letters.\u00a0<\/a><\/p>\n<p>Men det er annerledes enn det som ble m\u00e5lt i 2018. Forskerne argumenterer n\u00e5 for at radarm\u00e5lingene ikke passer med en innsj\u00f8 under isen.\u00a0<\/p>\n<p>Forskerne tror heller det kan v\u00e6re snakk om et veldig flatt omr\u00e5de under isen, kanskje en flat lavaformasjon, if\u00f8lge NASAs hjemmesider.\u00a0<\/p>\n<p class=\"font-weight-bold m-font-weight-bold\" data-lab-font_weight=\"font-weight-bold\">Referanse:\u00a0<\/p>\n<p data-lab-font_weight=\"\">Morgan mfl: High Frequency Radar Perspective of Putative Subglacial Liquid Water on Mars. GRL, 2025. <a href=\"https:\/\/doi.org\/10.1029\/2025GL118537\" rel=\"nofollow noopener\" target=\"_blank\">https:\/\/doi.org\/10.1029\/2025GL118537<\/a> <\/p>\n","protected":false},"excerpt":{"rendered":"Forskere kaster nytt lys over et gammelt Mars-mysterium. Dette er det isdekte omr\u00e5det n\u00e6r s\u00f8rpolen p\u00e5 Mars, sett&hellip;\n","protected":false},"author":2,"featured_media":102023,"comment_status":"","ping_status":"","sticky":false,"template":"","format":"standard","meta":{"footnotes":""},"categories":[12],"tags":[20,21,24,25,15,22,23,13,30,28,29,14,16,26,27,42,43,44,45],"class_list":{"0":"post-102022","1":"post","2":"type-post","3":"status-publish","4":"format-standard","5":"has-post-thumbnail","7":"category-verden","8":"tag-breaking-news","9":"tag-breakingnews","10":"tag-featured-news","11":"tag-featurednews","12":"tag-headlines","13":"tag-latest-news","14":"tag-latestnews","15":"tag-news","16":"tag-no","17":"tag-norge","18":"tag-norway","19":"tag-nyheter","20":"tag-overskrifter","21":"tag-top-stories","22":"tag-topstories","23":"tag-verden","24":"tag-world","25":"tag-world-news","26":"tag-worldnews"},"share_on_mastodon":{"url":"https:\/\/pubeurope.com\/@no\/115649068868130756","error":""},"_links":{"self":[{"href":"https:\/\/www.europesays.com\/no\/wp-json\/wp\/v2\/posts\/102022","targetHints":{"allow":["GET"]}}],"collection":[{"href":"https:\/\/www.europesays.com\/no\/wp-json\/wp\/v2\/posts"}],"about":[{"href":"https:\/\/www.europesays.com\/no\/wp-json\/wp\/v2\/types\/post"}],"author":[{"embeddable":true,"href":"https:\/\/www.europesays.com\/no\/wp-json\/wp\/v2\/users\/2"}],"replies":[{"embeddable":true,"href":"https:\/\/www.europesays.com\/no\/wp-json\/wp\/v2\/comments?post=102022"}],"version-history":[{"count":0,"href":"https:\/\/www.europesays.com\/no\/wp-json\/wp\/v2\/posts\/102022\/revisions"}],"wp:featuredmedia":[{"embeddable":true,"href":"https:\/\/www.europesays.com\/no\/wp-json\/wp\/v2\/media\/102023"}],"wp:attachment":[{"href":"https:\/\/www.europesays.com\/no\/wp-json\/wp\/v2\/media?parent=102022"}],"wp:term":[{"taxonomy":"category","embeddable":true,"href":"https:\/\/www.europesays.com\/no\/wp-json\/wp\/v2\/categories?post=102022"},{"taxonomy":"post_tag","embeddable":true,"href":"https:\/\/www.europesays.com\/no\/wp-json\/wp\/v2\/tags?post=102022"}],"curies":[{"name":"wp","href":"https:\/\/api.w.org\/{rel}","templated":true}]}}