{"id":102024,"date":"2025-12-02T08:38:08","date_gmt":"2025-12-02T08:38:08","guid":{"rendered":"https:\/\/www.europesays.com\/no\/102024\/"},"modified":"2025-12-02T08:38:08","modified_gmt":"2025-12-02T08:38:08","slug":"enighet-om-skolebehovsplanen-for-oslo-2","status":"publish","type":"post","link":"https:\/\/www.europesays.com\/no\/102024\/","title":{"rendered":"Enighet om skolebehovsplanen for Oslo"},"content":{"rendered":"\n<p class=\"_lead_o9xde_2 _lead_xtcu6_50 layout-component text-serif-m layout-normal text-serif-l layout-component layout-wide layout-padded _wide_17hqh_1 layout-padded\">De borgerlige partiene er enige om \u00e5 vedta byr\u00e5dets skolebehovsplan for 2026\u20132045.<\/p>\n<p><img alt=\"Elever, foreldre og ansatte demonstrerte 19. november p\u00e5 R\u00e5dhusplassen mot byr\u00e5dets forslag til skolebehovsplan i Oslo Foto: Fredrik Varfjell \/ NTB\" class=\"_image_qp4xg_65 layout-component layout-wide\" data-fullscreen- data-track-element-type=\"Article image fullscreen\" data-track-name=\"ImageFullscreen\" fetchpriority=\"high\" decoding=\"sync\" loading=\"eager\" height=\"5760\" itemprop=\"image\"  src=\"https:\/\/www.europesays.com\/no\/wp-content\/uploads\/2025\/12\/1cea27a4-3d28-4ea6-a698-c8926c7c5bf8\"  style=\"object-position:0% 0%\" width=\"8640\"\/>Elever, foreldre og ansatte demonstrerte 19. november p\u00e5 R\u00e5dhusplassen mot byr\u00e5dets forslag til skolebehovsplan i Oslo Foto: Fredrik Varfjell \/ NTB<\/p>\n<ul aria-hidden=\"true\" class=\"_images_1uft6_111\">\n<li><a class=\"_link_1uft6_116\" href=\"https:\/\/www.vg.no\/forfatter\/ntb\" style=\"z-index:1\" title=\"NTB\" rel=\"nofollow noopener\" target=\"_blank\"><img alt=\"Bilde av NTB\" class=\"_image_1uft6_93\" fetchpriority=\"low\" loading=\"lazy\" decoding=\"async\" itemprop=\"image\"  src=\"https:\/\/www.europesays.com\/no\/wp-content\/uploads\/2025\/12\/1764664688_895_c33980b0-5d07-4027-84a1-813f90a7c8d6\"  width=\"480\"\/><\/a><\/li>\n<\/ul>\n<p> Oppdatert tirsdag 2. desember kl. 08:27     <\/p>\n<p class=\"_paragraph_o9xde_4 _paragraph_xtcu6_10 layout-component text-serif-m layout-normal text-serif-m layout-padded\">Fremskrittspartiet, Kristelig Folkeparti, Venstre og H\u00f8yre holder pressekonferanse om enigheten p\u00e5 Trosterud skole tirsdag formiddag.<\/p>\n<p class=\"_paragraph_o9xde_4 _paragraph_xtcu6_10 layout-component text-serif-m layout-normal text-serif-m layout-padded\"><strong class=\"_strong_o9xde_25\">De er enige om \u00e5 vedta byr\u00e5dets forslag, med noen endringer, skriver de i en presseinvitasjon.<\/strong><\/p>\n<p class=\"_paragraph_o9xde_4 _paragraph_xtcu6_10 layout-component text-serif-m layout-normal text-serif-m layout-padded\">Forslaget om \u00e5 legge ned eller endre flere skoler i hovedstaden for \u00e5 spare penger har skapt stort engasjement i mange m\u00e5neder. 19. november demonstrerte l\u00e6rere, elever og foreldre p\u00e5 R\u00e5dhusplassen i etterkant av et bystyrem\u00f8te.<\/p>\n<p class=\"_paragraph_o9xde_4 _paragraph_xtcu6_10 layout-component text-serif-m layout-normal text-serif-m layout-padded\">Utdanningsbyr\u00e5d Julie Remen Midtgarden (H) ble buet til stillhet flere ganger da hun holdt appell.<\/p>\n<p class=\"_paragraph_o9xde_4 _paragraph_xtcu6_10 layout-component text-serif-m layout-normal text-serif-m layout-padded\">\u2013 Jeg har lyst til \u00e5 takke dere igjen for at dere er her og sier ifra. Dette er demokrati i praksis. Tusen takk for at dere st\u00e5r p\u00e5 for skolene deres og at dere holder oss politikere veldig skjerpet, sa Midtgarden til demonstrantene, if\u00f8lge\u00a0<a href=\"https:\/\/www.ao.no\/mens-de-raser-foran-radhuset-har-noen-foreldre-fatt-n-god-nyhet-la-seg-helt-flate\/s\/5-128-1196306\" class=\"_link_o9xde_39\" rel=\"nofollow noopener\" target=\"_blank\">Avisa Oslo<\/a>.<\/p>\n<p class=\"_paragraph_o9xde_4 _paragraph_xtcu6_10 layout-component text-serif-m layout-normal text-serif-m layout-padded\">Ogs\u00e5 skolebyr\u00e5d Anna D\u00e5snes (V) holdt appell og ble buet ut flere ganger.<\/p>\n<p class=\"_paragraph_o9xde_4 _paragraph_xtcu6_10 layout-component text-serif-m layout-normal text-serif-m layout-padded\">Opposisjonen i bystyret mener det store engasjementet viser at skolebehovsplanen m\u00e5tte sendes tilbake for en ny h\u00f8ringsrunde. Da planen ble sendt ut p\u00e5 h\u00f8ring i v\u00e5r, kom det inn over 1300 innspill, if\u00f8lge\u00a0<a href=\"https:\/\/www.utdanningsnytt.no\/budsjett-eivor-evenrud-jorunn-folkvord\/full-krangel-om-ny-skolebehovsplan-i-oslo\/450158\" class=\"_link_o9xde_39\" rel=\"nofollow noopener\" target=\"_blank\">Utdanningsnytt<\/a>.<\/p>\n","protected":false},"excerpt":{"rendered":"De borgerlige partiene er enige om \u00e5 vedta byr\u00e5dets skolebehovsplan for 2026\u20132045. Elever, foreldre og ansatte demonstrerte 19.&hellip;\n","protected":false},"author":2,"featured_media":102025,"comment_status":"","ping_status":"","sticky":false,"template":"","format":"standard","meta":{"footnotes":""},"categories":[10],"tags":[20,21,24,25,15,22,23,13,30,28,29,14,16,26,27],"class_list":{"0":"post-102024","1":"post","2":"type-post","3":"status-publish","4":"format-standard","5":"has-post-thumbnail","7":"category-norge","8":"tag-breaking-news","9":"tag-breakingnews","10":"tag-featured-news","11":"tag-featurednews","12":"tag-headlines","13":"tag-latest-news","14":"tag-latestnews","15":"tag-news","16":"tag-no","17":"tag-norge","18":"tag-norway","19":"tag-nyheter","20":"tag-overskrifter","21":"tag-top-stories","22":"tag-topstories"},"share_on_mastodon":{"url":"https:\/\/pubeurope.com\/@no\/115649072773656046","error":""},"_links":{"self":[{"href":"https:\/\/www.europesays.com\/no\/wp-json\/wp\/v2\/posts\/102024","targetHints":{"allow":["GET"]}}],"collection":[{"href":"https:\/\/www.europesays.com\/no\/wp-json\/wp\/v2\/posts"}],"about":[{"href":"https:\/\/www.europesays.com\/no\/wp-json\/wp\/v2\/types\/post"}],"author":[{"embeddable":true,"href":"https:\/\/www.europesays.com\/no\/wp-json\/wp\/v2\/users\/2"}],"replies":[{"embeddable":true,"href":"https:\/\/www.europesays.com\/no\/wp-json\/wp\/v2\/comments?post=102024"}],"version-history":[{"count":0,"href":"https:\/\/www.europesays.com\/no\/wp-json\/wp\/v2\/posts\/102024\/revisions"}],"wp:featuredmedia":[{"embeddable":true,"href":"https:\/\/www.europesays.com\/no\/wp-json\/wp\/v2\/media\/102025"}],"wp:attachment":[{"href":"https:\/\/www.europesays.com\/no\/wp-json\/wp\/v2\/media?parent=102024"}],"wp:term":[{"taxonomy":"category","embeddable":true,"href":"https:\/\/www.europesays.com\/no\/wp-json\/wp\/v2\/categories?post=102024"},{"taxonomy":"post_tag","embeddable":true,"href":"https:\/\/www.europesays.com\/no\/wp-json\/wp\/v2\/tags?post=102024"}],"curies":[{"name":"wp","href":"https:\/\/api.w.org\/{rel}","templated":true}]}}