{"id":102030,"date":"2025-12-02T08:41:08","date_gmt":"2025-12-02T08:41:08","guid":{"rendered":"https:\/\/www.europesays.com\/no\/102030\/"},"modified":"2025-12-02T08:41:08","modified_gmt":"2025-12-02T08:41:08","slug":"greve-nikolai-far-rolle-i-svensk-storfilm","status":"publish","type":"post","link":"https:\/\/www.europesays.com\/no\/102030\/","title":{"rendered":"Greve Nikolai f\u00e5r rolle i svensk storfilm"},"content":{"rendered":"\n<p class=\"_lead_o9xde_2 _lead_xtcu6_50 layout-component text-serif-m layout-normal text-serif-l layout-component layout-wide layout-padded _wide_17hqh_1 layout-padded\">Den danske greven skal spille i \u00abDoktor Glas\u00bb.<\/p>\n<p><img alt=\"Grev Nikolai p\u00e5 filmfestival i Venezia i sommer. Foto: Manuelle Mangiarotti \/ ipa-agency.net \/ Pa Photos \/ NTB\" class=\"_image_qp4xg_65 layout-component layout-wide\" data-fullscreen- data-track-element-type=\"Article image fullscreen\" data-track-name=\"ImageFullscreen\" fetchpriority=\"high\" decoding=\"sync\" loading=\"eager\" height=\"2948\" itemprop=\"image\"  src=\"https:\/\/www.europesays.com\/no\/wp-content\/uploads\/2025\/12\/11d5bbe0-1d7e-4643-a30a-1822222dddf8\"  style=\"object-position:0% 0%\" width=\"3252\"\/>Grev Nikolai p\u00e5 filmfestival i Venezia i sommer. Foto: Manuelle Mangiarotti \/ ipa-agency.net \/ Pa Photos \/ NTB<\/p>\n<ul aria-hidden=\"true\" class=\"_images_1uft6_111\">\n<li><a class=\"_link_1uft6_116\" href=\"https:\/\/www.vg.no\/forfatter\/catherine-gonsholt-ighanian\" style=\"z-index:1\" title=\"Catherine Gonsholt Ighanian\" rel=\"nofollow noopener\" target=\"_blank\"><img alt=\"Bilde av Catherine Gonsholt Ighanian\" class=\"_image_1uft6_93\" fetchpriority=\"low\" loading=\"lazy\" decoding=\"async\" itemprop=\"image\"  src=\"https:\/\/www.europesays.com\/no\/wp-content\/uploads\/2025\/12\/1764664868_871_72dca32d-ee6f-474c-a50e-72a9bb49f38a\"  width=\"480\"\/><\/a><\/li>\n<\/ul>\n<p> Oppdatert tirsdag 2. desember kl. 09:20    <\/p>\n<ul class=\"_list_o9xde_3 _list_64s2r_85 _unordered_o9xde_106 text-sans-m\">\n<li class=\"_item_o9xde_30\">Greve Nikolai av Danmark har f\u00e5tt en rolle i den kommende svenske filmen \u00abDoktor Glas\u00bb.<\/li>\n<li class=\"_item_o9xde_30\">Han skal spille S\u00f8ren Gregorius i filmatiseringen av Hjalmar S\u00f6derbergs klassiske roman.<\/li>\n<\/ul>\n<p>Vis mer <\/p>\n<p class=\"_paragraph_o9xde_4 _paragraph_xtcu6_10 layout-component text-serif-m layout-normal text-serif-m layout-padded\">Greve Nikolai av <a href=\"https:\/\/www.vg.no\/tag\/danmark?utm_source=vg-article&amp;utm_medium=auto-tagger&amp;utm_campaign=lngdxL\" class=\"_link_o9xde_39\" rel=\"nofollow noopener\" target=\"_blank\">Danmark<\/a>, som tidligere var prins, har f\u00e5tt en rolle i den kommende svenske filmen. Det avsl\u00f8rer det svenske bladet <a href=\"https:\/\/www.svenskdam.se\/kungligt\/svensk-dam-avslojar-greve-nikolai-far-roll-i-svensk-storfilm\/11137171\" class=\"_link_o9xde_39\" rel=\"nofollow noopener\" target=\"_blank\">Svensk Dam<\/a>.<\/p>\n<p class=\"_paragraph_o9xde_4 _paragraph_xtcu6_10 layout-component text-serif-m layout-normal text-serif-m layout-padded\">Den 25 \u00e5r gamle greven, som er s\u00f8nn av prins Joachim (56) og nev\u00f8 av kong Frederik (57), skal spille S\u00f8ren Gregorius i filmatiseringen av Hjalmar S\u00f6derbergs klassiske roman fra 1905.<\/p>\n<p class=\"_paragraph_o9xde_4 _paragraph_xtcu6_10 layout-component text-serif-m layout-normal text-serif-m layout-padded\">\u2013 Jeg har alltid kjent en sterk dragning til film og skuespillets verden. Men jeg har aldri tatt dramatimer eller noe, s\u00e5 det er veldig spennende for meg \u00e5 delta i et s\u00e5 stort prosjekt, sier Nikolai til bladet.<\/p>\n<p><img alt=\"PRINSEFAMILIE: Danske prins Joachim (t.h.) prinsesse Marie (t.v.) og grev Henrik (i midten), grev Nikolai og grevinne Athena p\u00e5 slottsbalkongen under dronning Margrethes 83-\u00e5rsdag i 2023.  Foto: Mads Claus Rasmussen \/ AP \/ NTB\" class=\"_image_qp4xg_65 layout-component layout-normal\" data-fullscreen- data-track-element-type=\"Article image fullscreen\" data-track-name=\"ImageFullscreen\" decoding=\"async\" loading=\"lazy\" height=\"5760\" itemprop=\"image\"  src=\"https:\/\/www.europesays.com\/no\/wp-content\/uploads\/2025\/12\/700d838f-d378-4fc0-9ce1-4aff2b1473ea\"  style=\"object-position:0% 0%\" width=\"8640\"\/>PRINSEFAMILIE: Danske prins Joachim (t.h.) prinsesse Marie (t.v.) og grev Henrik (i midten), grev Nikolai og grevinne Athena p\u00e5 slottsbalkongen under dronning Margrethes 83-\u00e5rsdag i 2023.  Foto: Mads Claus Rasmussen \/ AP \/ NTB<\/p>\n<p class=\"_paragraph_o9xde_4 _paragraph_xtcu6_10 layout-component text-serif-m layout-normal text-serif-m layout-padded\">Filmen flytter handlingen fra romanen til dagens Stockholm. Nikolai skal spille halvbror til Christian Fandangos (33) rollefigur og kommer til \u00e5 snakke dansk og dansk-engelsk i filmen.<\/p>\n<p class=\"_paragraph_o9xde_4 _paragraph_xtcu6_10 layout-component text-serif-m layout-normal text-serif-m layout-padded\">\u2013 Jeg er liksom den utenforst\u00e5ende her, med dansk oppvekst, forklarer han.<\/p>\n<p class=\"_paragraph_o9xde_4 _paragraph_xtcu6_10 layout-component text-serif-m layout-normal text-serif-m layout-padded\">Prins Joachims fire barn mistet titlene som prinser og prinsesse i 2022. Det var Dronning Margrethe som tok <a href=\"https:\/\/www.vg.no\/nyheter\/i\/GMQvEV\/danske-prins-joachims-barn-mister-titler\" data-track-element-type=\"Link\" data-track-id=\"link:GMQvEV\" class=\"_link_o9xde_39\" rel=\"nofollow noopener\" target=\"_blank\">det omstridte grepet<\/a>.<\/p>\n<p class=\"_paragraph_o9xde_4 _paragraph_xtcu6_10 layout-component text-serif-m layout-normal text-serif-m layout-padded\">\u2013 Det er en underlig f\u00f8lelse og en opplevelse jeg helst skulle v\u00e6re foruten, uttalte Nikolai til dansk presse den gangen.<\/p>\n<p class=\"_paragraph_o9xde_4 _paragraph_xtcu6_10 layout-component text-serif-m layout-normal text-serif-m layout-padded\">25-\u00e5ringen, som har en <a href=\"https:\/\/www.minmote.no\/nyheter\/a\/0GOkXJ\/sjekk-prins-nikolai-paa-catwalken\" class=\"_link_o9xde_39\" rel=\"nofollow noopener\" target=\"_blank\">suksessrik modellkarriere<\/a> med klienter som Dior, utelukker ikke at det blir mer skuespill fremover.<\/p>\n<p class=\"_paragraph_o9xde_4 _paragraph_xtcu6_10 layout-component text-serif-m layout-normal text-serif-m layout-padded\">\u2013 Vi f\u00e5r se hvordan dette g\u00e5r, sier han.<\/p>\n<p class=\"_paragraph_o9xde_4 _paragraph_xtcu6_10 layout-component text-serif-m layout-normal text-serif-m layout-padded\"><strong class=\"_strong_o9xde_25\">\u00abDoktor Glas\u00bb har kinopremiere 6. mars 2026.<\/strong><\/p>\n<p>Les ogs\u00e5<\/p>\n","protected":false},"excerpt":{"rendered":"Den danske greven skal spille i \u00abDoktor Glas\u00bb. Grev Nikolai p\u00e5 filmfestival i Venezia i sommer. Foto: Manuelle&hellip;\n","protected":false},"author":2,"featured_media":102031,"comment_status":"","ping_status":"","sticky":false,"template":"","format":"standard","meta":{"footnotes":""},"categories":[58],"tags":[1524,71,460,4479,30,28,29,72],"class_list":{"0":"post-102030","1":"post","2":"type-post","3":"status-publish","4":"format-standard","5":"has-post-thumbnail","7":"category-underholdning","8":"tag-danmark","9":"tag-entertainment","10":"tag-film","11":"tag-kongelige","12":"tag-no","13":"tag-norge","14":"tag-norway","15":"tag-underholdning"},"share_on_mastodon":{"url":"https:\/\/pubeurope.com\/@no\/115649084476480856","error":""},"_links":{"self":[{"href":"https:\/\/www.europesays.com\/no\/wp-json\/wp\/v2\/posts\/102030","targetHints":{"allow":["GET"]}}],"collection":[{"href":"https:\/\/www.europesays.com\/no\/wp-json\/wp\/v2\/posts"}],"about":[{"href":"https:\/\/www.europesays.com\/no\/wp-json\/wp\/v2\/types\/post"}],"author":[{"embeddable":true,"href":"https:\/\/www.europesays.com\/no\/wp-json\/wp\/v2\/users\/2"}],"replies":[{"embeddable":true,"href":"https:\/\/www.europesays.com\/no\/wp-json\/wp\/v2\/comments?post=102030"}],"version-history":[{"count":0,"href":"https:\/\/www.europesays.com\/no\/wp-json\/wp\/v2\/posts\/102030\/revisions"}],"wp:featuredmedia":[{"embeddable":true,"href":"https:\/\/www.europesays.com\/no\/wp-json\/wp\/v2\/media\/102031"}],"wp:attachment":[{"href":"https:\/\/www.europesays.com\/no\/wp-json\/wp\/v2\/media?parent=102030"}],"wp:term":[{"taxonomy":"category","embeddable":true,"href":"https:\/\/www.europesays.com\/no\/wp-json\/wp\/v2\/categories?post=102030"},{"taxonomy":"post_tag","embeddable":true,"href":"https:\/\/www.europesays.com\/no\/wp-json\/wp\/v2\/tags?post=102030"}],"curies":[{"name":"wp","href":"https:\/\/api.w.org\/{rel}","templated":true}]}}