{"id":102034,"date":"2025-12-02T08:44:03","date_gmt":"2025-12-02T08:44:03","guid":{"rendered":"https:\/\/www.europesays.com\/no\/102034\/"},"modified":"2025-12-02T08:44:03","modified_gmt":"2025-12-02T08:44:03","slug":"skal-doble-omsetning-og-ansatte-pa-fa-ar-noe-stort-er-pa-gang-krs-avisen-kristiansand","status":"publish","type":"post","link":"https:\/\/www.europesays.com\/no\/102034\/","title":{"rendered":"Skal doble omsetning og ansatte p\u00e5 f\u00e5 \u00e5r: \u2013 Noe stort er p\u00e5 gang &#8211; KRS &#8211; Avisen Kristiansand"},"content":{"rendered":"<ol>\n<li><a href=\"https:\/\/news.google.com\/rss\/articles\/CBMimwFBVV95cUxNNWZDaDJ1VnFCRXNKTVFoYWZfRS1TU2JmVVNDVzl1bWpJektLWEdDMTJIX2ZreHl6TENxOFhaNm9HN0cxRTBtcENtYmhiZzhYaDc4SFBWQV9LRnNjOVQ1NDV4eFVDTmFjMm05amE3a0dFNE55VXlhUjBxeml4NHhRUUlaZ1YzS0hpVFIxRVNBck01V2VnY1phbGRqWQ?oc=5\" target=\"_blank\" rel=\"nofollow noopener\">Skal doble omsetning og ansatte p\u00e5 f\u00e5 \u00e5r: \u2013 Noe stort er p\u00e5 gang<\/a>&nbsp;&nbsp;KRS &#8211; Avisen Kristiansand<\/li>\n<li><a href=\"https:\/\/news.google.com\/rss\/articles\/CBMirAFBVV95cUxQenZtbk1Qem5ISnNCdkR2Q2VtenZJTWstYWNELTVnbnp2dG1pWnRRcUdnNmc1cjBnMlp4QlJ4VWZldDhGZTVKdl9Ia05ieXg5U0xyN3l3Z3pMSmp2VW9XZVMzZFlzbmFyTTFYUmVZTEdhaWxXZUswaTlQTDg5aGNSbWJiY3lNNVRFLVktMkNPMHhKOVZKX0JkR25teFQ2WldDN3lQSzAtV2p3SWcz?oc=5\" target=\"_blank\" rel=\"nofollow noopener\">Cedra-topp om oppkj\u00f8p av revisjonskontorer: \u2013 \u00abDen nye store\u00bb i v\u00e5rt segment (+)<\/a>&nbsp;&nbsp;Dagens N\u00e6ringsliv<\/li>\n<li><a href=\"https:\/\/news.google.com\/rss\/articles\/CBMiugFBVV95cUxQMHVGTWZyOUFiTTNOS1kwODluZ004WWlkbnhkVHRfWXpKUG4xWDNJZTNmWTh3clFUNFNHV3lVREZ6SXFPaEFLejJHX3N1QjA5V0c4QnJYT05PaWVTanBSUXM3b0R1MENXY2RLd2taWTVzemZpYXhtNnJNY2FvcEMzWXhfT1dJYWNtbzJ3T0ZTYjZTaGhjV2NsYWgtNGoxbVlYTDdJNFRHQnNZV3VIRHZtOE9zNnVHaEttM0E?oc=5\" target=\"_blank\" rel=\"nofollow noopener\">I dag forandres konkurransebildet i den norske revisjons- og regnskapsbransjen<\/a>&nbsp;&nbsp;okonomi24<\/li>\n<li><a href=\"https:\/\/news.google.com\/rss\/articles\/CBMiygFBVV95cUxQRkR0ZzBBQ3hja3FUU2ZNTm5uZmU4UkV5aUJGTjlPdTJCOXRtRTgyQ2E4bWpDZkVyNVJMMG4wQ3EwbWxqZEVFR2xkLW5PQ2QtNGx5OXlaMWIyRDdNWWU2VTRKcGpqOTdpeFNZY19sSkh3LUJya3p3V1lqbS1LNUw3Z0pQandMVjR3TFcycDNKalJLQmcwLUt6LXhMMXIzQi1hRkh1c3JGTFhMSmIxM0FObmQ5cGpWeXNVT3ZwRGpac3h0NEdNclJ6RzVR?oc=5\" target=\"_blank\" rel=\"nofollow noopener\">Cedra Norge lanserer Norges mest erfarne start-up<\/a>&nbsp;&nbsp;NTB Kommunikasjon<\/li>\n<li><a href=\"https:\/\/news.google.com\/rss\/articles\/CBMibkFVX3lxTFBZSThsVDRGdjVjbnRZU3RDQ0pPZFVxc1FvVlhIeVlCTFJUUkZmZ3o1enlibHdzcG8zUGZudkdhbm5NTjZpVVNKRWU5amsyMnlSRWNPZHp0a0VpbklTd21HVzlULW5fc3BLcHBuZEVB?oc=5\" target=\"_blank\" rel=\"nofollow noopener\">Revisjonsgiganten Cedra Norge har g\u00e5tt live<\/a>&nbsp;&nbsp;ADVOKATWATCH.no<\/li>\n<\/ol>\n","protected":false},"excerpt":{"rendered":"Skal doble omsetning og ansatte p\u00e5 f\u00e5 \u00e5r: \u2013 Noe stort er p\u00e5 gang&nbsp;&nbsp;KRS &#8211; Avisen Kristiansand Cedra-topp&hellip;\n","protected":false},"author":2,"featured_media":102035,"comment_status":"","ping_status":"","sticky":false,"template":"","format":"standard","meta":{"footnotes":""},"categories":[56],"tags":[60,61,62,30,28,29],"class_list":{"0":"post-102034","1":"post","2":"type-post","3":"status-publish","4":"format-standard","5":"has-post-thumbnail","7":"category-naeringsliv","8":"tag-business","9":"tag-economy","10":"tag-naeringsliv","11":"tag-no","12":"tag-norge","13":"tag-norway"},"share_on_mastodon":{"url":"https:\/\/pubeurope.com\/@no\/115649096122636704","error":""},"_links":{"self":[{"href":"https:\/\/www.europesays.com\/no\/wp-json\/wp\/v2\/posts\/102034","targetHints":{"allow":["GET"]}}],"collection":[{"href":"https:\/\/www.europesays.com\/no\/wp-json\/wp\/v2\/posts"}],"about":[{"href":"https:\/\/www.europesays.com\/no\/wp-json\/wp\/v2\/types\/post"}],"author":[{"embeddable":true,"href":"https:\/\/www.europesays.com\/no\/wp-json\/wp\/v2\/users\/2"}],"replies":[{"embeddable":true,"href":"https:\/\/www.europesays.com\/no\/wp-json\/wp\/v2\/comments?post=102034"}],"version-history":[{"count":0,"href":"https:\/\/www.europesays.com\/no\/wp-json\/wp\/v2\/posts\/102034\/revisions"}],"wp:featuredmedia":[{"embeddable":true,"href":"https:\/\/www.europesays.com\/no\/wp-json\/wp\/v2\/media\/102035"}],"wp:attachment":[{"href":"https:\/\/www.europesays.com\/no\/wp-json\/wp\/v2\/media?parent=102034"}],"wp:term":[{"taxonomy":"category","embeddable":true,"href":"https:\/\/www.europesays.com\/no\/wp-json\/wp\/v2\/categories?post=102034"},{"taxonomy":"post_tag","embeddable":true,"href":"https:\/\/www.europesays.com\/no\/wp-json\/wp\/v2\/tags?post=102034"}],"curies":[{"name":"wp","href":"https:\/\/api.w.org\/{rel}","templated":true}]}}