{"id":102039,"date":"2025-12-02T08:50:17","date_gmt":"2025-12-02T08:50:17","guid":{"rendered":"https:\/\/www.europesays.com\/no\/102039\/"},"modified":"2025-12-02T08:50:17","modified_gmt":"2025-12-02T08:50:17","slug":"foles-som-jeg-mangler-noe","status":"publish","type":"post","link":"https:\/\/www.europesays.com\/no\/102039\/","title":{"rendered":"&#8211; F\u00f8les som jeg mangler noe"},"content":{"rendered":"<p>De norske h\u00e5ndballjentene g\u00e5r oppskriftsmessig inn til hovedrunden i Dortmund med <a href=\"https:\/\/www.tv2.no\/sport\/norge-med-ny-overkjoring-svenskene-i-trobbel-liten-bombe\/18342219\/\" target=\"_blank\" rel=\"nofollow noopener\">full pott.\u00a0<\/a><\/p>\n<p>I sitt 14. mesterskap er alt som det skal v\u00e6re for Nora M\u00f8rk.\u00a0<\/p>\n<p>Men det er spesielt \u00e9n person som mangler.\u00a0<\/p>\n<p class=\"bold m-bold\" data-lab-font_weight=\"bold\">\u2013\u00a0Det har v\u00e6rt 13 mesterskap med Stine (Oftedal Dahmke), s\u00e5 det f\u00f8les som jeg mangler noe i henne. Jeg skal ikke si at alt var bedre f\u00f8r, men med Stine var ting veldig bra, forteller M\u00f8rk.<\/p>\n<p>        <img class=\"image__img lazyload\" itemprop=\"image\" title=\"Foto: Beate Oma Dahle \/ NTB\" alt=\"M\u00d8TES IGJEN: Nora M\u00f8rk og Stine Oftedal Dahmke var lagvenninner p\u00e5 landslaget i en \u00e5rrekke. Foto: Beate Oma Dahle \/ NTB\" width=\"675\" height=\"480\" bad-src=\"https:\/\/www.europesays.com\/no\/wp-content\/uploads\/2025\/12\/18342078.webp\" fetchpriority=\"auto\" \/><\/p>\n<p>      M\u00d8TES IGJEN: Nora M\u00f8rk og Stine Oftedal Dahmke var lagvenninner p\u00e5 landslaget i en \u00e5rrekke.<br \/>\n         Foto: Beate Oma Dahle \/ NTB<\/p>\n<p>Hennes tidligere faste romkamerat Stine Oftedal Dahmke kjenner ogs\u00e5 p\u00e5 savnet.\u00a0<\/p>\n<p>\u2013 Det var et par ganger i l\u00f8pet av den f\u00f8rste dagen hvor jeg tenkte: \u00abN\u00e5 gj\u00f8r hun det og vi pleier \u00e5 gj\u00f8re det\u00bb, sier den tidligere landslagskapteinen til TV 2.\u00a0<\/p>\n<p class=\"bold m-bold\" data-lab-font_weight=\"bold\">\u2013 Det er litt rart og merkelig, s\u00e5 det er veldig koselig at hun har kjent p\u00e5 det ogs\u00e5. Det er veldig gjensidig, sier Oftedal Dahmke lattermildt.\u00a0<\/p>\n<p>St\u00e5tt sammen<\/p>\n<p>M\u00f8rk og Oftedal Dahmke ble kjent allerede som barn da de spilte mot hverandre, og\u00a0var i tospann gjennom 14 \u00e5r p\u00e5 landslaget.<\/p>\n<p>        <img class=\"image__img lazyload\" itemprop=\"image\" title=\"Foto: Stian Lysberg Solum \/ NTB\" alt=\"DR\u00d8M I OPPFYLLELSE: Nroa M\u00f8rk og Stine Oftedal Dahmke vant OL-gull sammen for f\u00f8rste gang i fjor sommer. Foto: Stian Lysberg Solum \/ NTB\" width=\"675\" height=\"486\" bad-src=\"https:\/\/www.europesays.com\/no\/wp-content\/uploads\/2025\/12\/18341752.webp\" fetchpriority=\"auto\" \/><\/p>\n<p>      DR\u00d8M I OPPFYLLELSE: Nroa M\u00f8rk og Stine Oftedal Dahmke vant OL-gull sammen for f\u00f8rste gang i fjor sommer.<br \/>\n         Foto: Stian Lysberg Solum \/ NTB<\/p>\n<p>\u2013 Vi pleier \u00e5 ha veldig rutiner. N\u00e5 har jeg hatt noe litt annet med baby p\u00e5 tur, men vi har hatt v\u00e5re ting alltid. Vi pleide \u00e5 l\u00f8se ferdig kryssord f\u00f8r hver kamp, og n\u00e5 er det ikke noe kryssord som blir l\u00f8st, sier M\u00f8rk.\u00a0<\/p>\n<p>Sist de spilte sammen var i OL-finalen i 2024. Oftedal Dahmke hadde tidlig bestemt at OL ble\u00a0<a href=\"https:\/\/www.tv2.no\/sport\/h%C3%A5ndball\/stines-siste-dans\/16905616\/\" target=\"_blank\" rel=\"nofollow noopener\">hennes siste kamper som h\u00e5ndballspiller.\u00a0<\/a><\/p>\n<p>\u2013 Jeg vet at Nora har det bra uansett, at hun koser seg med de andre. Men det er jo noe med det \u00e5 v\u00e6re p\u00e5 tur med en av dine n\u00e6rmeste venninner s\u00e5 mange ganger, og oppn\u00e5dd m\u00e5l og dr\u00f8mmer sammen. Det er veldig spesielt. S\u00e5 det er ikke s\u00e5 rart at vi kjenner p\u00e5 det begge to, sier Oftedal Dahmke.<\/p>\n<p class=\"bold m-bold\" data-lab-font_weight=\"bold\">Men i hovedrunden i Dortmund gjenforenes de.<\/p>\n<p>\u00a0\u2013 En ny dimensjon i livet<\/p>\n<p>Under EM for ett \u00e5r siden var de to bestevenninnene eksperter hos b\u00e5de TV 2 og Viaplay.\u00a0<\/p>\n<p>Og Oftedal Dahmke fortsetter ekspert-karrieren hos Viaplay n\u00e5r hovedrunden settes i gang.\u00a0<\/p>\n<p>\u2013 Det er sunt og godt for meg, s\u00e6rlig n\u00e5 etter at jeg har blitt mor ogs\u00e5, forteller 34-\u00e5ringen.\u00a0<\/p>\n<p>I sommer ble Oftedal Dahmke og ektemannen Rune Dahmke foreldre for f\u00f8rste gang.<\/p>\n<p>Stines mor Ellen og datteren Amelie (5 m\u00e5neder) er med til VM.\u00a0<\/p>\n<p class=\"bold m-bold\" data-lab-font_weight=\"bold\">\u2013\u00a0Det har p\u00e5 mange m\u00e5ter v\u00e6rt helt fantastisk. Det er en ny dimensjon i livet, som alle de som f\u00e5r barn sier. Samtidig s\u00e5 syns jeg at det er ting som ogs\u00e5 er krevende. Jeg tror alle som f\u00e5r barn tenker: \u00abDet er s\u00e5pass, ja\u00bb.\u00a0<\/p>\n<p>        <img class=\"image__img lazyload\" itemprop=\"image\" title=\"Foto: Privat\" alt=\"FORELDRE: Rune Dahmke og Stine Oftedal Dahmke ble foreldre for f\u00f8rste gang i sommer til datteren Amelie. Foto: Privat\" width=\"675\" height=\"507\" bad-src=\"https:\/\/www.europesays.com\/no\/wp-content\/uploads\/2025\/12\/18341762.webp\" fetchpriority=\"auto\" \/><\/p>\n<p>      FORELDRE: Rune Dahmke og Stine Oftedal Dahmke ble foreldre for f\u00f8rste gang i sommer til datteren Amelie.<br \/>\n         Foto: Privat<\/p>\n<p>\u2013 Jeg f\u00f8ler at jeg ikke har tid til noe som helst, samtidig som jeg f\u00f8ler at jeg ikke har gjort noe som helst heller.\u00a0<\/p>\n<p>\u2013 Og det er en veldig rar greie, i hvert fall for meg som har v\u00e6rt vant til \u00e5 trene en tid og legge opp hverdagen veldig etter mine egne behov. Det har v\u00e6rt kanskje den st\u00f8rste overraskelsen, syns jeg.<\/p>\n<p>Stor tro p\u00e5 norsk suksess<\/p>\n<p>I f\u00f8rste kamp i hovedrunden m\u00f8ter Norge Sverige etter at s\u00f6ta bror gikk p\u00e5 et overraskende tap mot Brasil mandag kveld.\u00a0<\/p>\n<p>De m\u00f8ter ogs\u00e5 Tsjekkia og nevnte Brasil.\u00a0<\/p>\n<p>        <img class=\"image__img lazyload\" itemprop=\"image\" title=\"Foto: Stian Lysberg Solum \/ NTB\" alt=\"HYLLET: Stine Oftedal Dahmke ble hedret av familien etter OL-finalen i Lille. Foto: Stian Lysberg Solum \/ NTB\" width=\"675\" height=\"480\" bad-src=\"https:\/\/www.europesays.com\/no\/wp-content\/uploads\/2025\/12\/18342099.webp\" fetchpriority=\"auto\" \/><\/p>\n<p>      HYLLET: Stine Oftedal Dahmke ble hedret av familien etter OL-finalen i Lille.<br \/>\n         Foto: Stian Lysberg Solum \/ NTB<\/p>\n<p>Det er motstandere som Oftedal Dahmke tror kommer til \u00e5 slite mot et norsk lag.\u00a0<\/p>\n<p>\u2013 Det er mesterskap tidligere hvor vi b\u00e5de har trodd og h\u00e5pet p\u00e5 f\u00f8rsteplass i hovedrunden, og s\u00e5 plutselig s\u00e5 g\u00e5r du p\u00e5 et lite feilskj\u00e6r. Det kan skje uten at det gj\u00f8r noe for en gullkamp heller, men akkurat n\u00e5 ser jeg ikke helt at det skal skje i den mellomrunden, sier 34-\u00e5ringen.\u00a0<\/p>\n<p>        <img class=\"image__img lazyload\" itemprop=\"image\" title=\"Foto: Beate Oma Dahle \/ NTB\" alt=\"VM-GULL: Sist Norge ble verdensmestere var i 2021. Foto: Beate Oma Dahle \/ NTB\" width=\"675\" height=\"412\" bad-src=\"https:\/\/www.europesays.com\/no\/wp-content\/uploads\/2025\/12\/18342076.webp\" fetchpriority=\"auto\" \/><\/p>\n<p>      VM-GULL: Sist Norge ble verdensmestere var i 2021.<br \/>\n         Foto: Beate Oma Dahle \/ NTB<\/p>\n<p>TV 2s podkast \u00abKommentatorbua\u00bb har Norge som <a href=\"https:\/\/www.tv2.no\/sport\/h%C3%A5ndball\/en-gryende-krise\/18284912\/\" target=\"_blank\" rel=\"nofollow noopener\">storfavoritter<\/a> til \u00e5 vinne VM.\u00a0<\/p>\n<p>En tanke den tidligere playmakeren ogs\u00e5 deler.\u00a0<\/p>\n<p class=\"bold m-bold\" data-lab-font_weight=\"bold\">\u2013\u00a0Norge er alltid gullfavoritter og jeg syns de er s\u00e5 sterke sammenlignet med alle andre. Ogs\u00e5 fordi noen av de sterkeste gullkandidatene har frafall, men jeg kan ikke helt skj\u00f8nne hvem som skal sl\u00e5 Norge, understreker Oftedal Dahmke.\u00a0<\/p>\n","protected":false},"excerpt":{"rendered":"De norske h\u00e5ndballjentene g\u00e5r oppskriftsmessig inn til hovedrunden i Dortmund med full pott.\u00a0 I sitt 14. mesterskap er&hellip;\n","protected":false},"author":2,"featured_media":102040,"comment_status":"","ping_status":"","sticky":false,"template":"","format":"standard","meta":{"footnotes":""},"categories":[59],"tags":[30,28,29,83,82],"class_list":{"0":"post-102039","1":"post","2":"type-post","3":"status-publish","4":"format-standard","5":"has-post-thumbnail","7":"category-sport","8":"tag-no","9":"tag-norge","10":"tag-norway","11":"tag-sport","12":"tag-sports"},"share_on_mastodon":{"url":"https:\/\/pubeurope.com\/@no\/115649119744952050","error":""},"_links":{"self":[{"href":"https:\/\/www.europesays.com\/no\/wp-json\/wp\/v2\/posts\/102039","targetHints":{"allow":["GET"]}}],"collection":[{"href":"https:\/\/www.europesays.com\/no\/wp-json\/wp\/v2\/posts"}],"about":[{"href":"https:\/\/www.europesays.com\/no\/wp-json\/wp\/v2\/types\/post"}],"author":[{"embeddable":true,"href":"https:\/\/www.europesays.com\/no\/wp-json\/wp\/v2\/users\/2"}],"replies":[{"embeddable":true,"href":"https:\/\/www.europesays.com\/no\/wp-json\/wp\/v2\/comments?post=102039"}],"version-history":[{"count":0,"href":"https:\/\/www.europesays.com\/no\/wp-json\/wp\/v2\/posts\/102039\/revisions"}],"wp:featuredmedia":[{"embeddable":true,"href":"https:\/\/www.europesays.com\/no\/wp-json\/wp\/v2\/media\/102040"}],"wp:attachment":[{"href":"https:\/\/www.europesays.com\/no\/wp-json\/wp\/v2\/media?parent=102039"}],"wp:term":[{"taxonomy":"category","embeddable":true,"href":"https:\/\/www.europesays.com\/no\/wp-json\/wp\/v2\/categories?post=102039"},{"taxonomy":"post_tag","embeddable":true,"href":"https:\/\/www.europesays.com\/no\/wp-json\/wp\/v2\/tags?post=102039"}],"curies":[{"name":"wp","href":"https:\/\/api.w.org\/{rel}","templated":true}]}}