{"id":102041,"date":"2025-12-02T08:53:08","date_gmt":"2025-12-02T08:53:08","guid":{"rendered":"https:\/\/www.europesays.com\/no\/102041\/"},"modified":"2025-12-02T08:53:08","modified_gmt":"2025-12-02T08:53:08","slug":"bilsalget-i-trondelag-skyter-fart-historisk","status":"publish","type":"post","link":"https:\/\/www.europesays.com\/no\/102041\/","title":{"rendered":"Bilsalget i Tr\u00f8ndelag skyter fart: &#8211; Historisk"},"content":{"rendered":"<p>MN24 arbeider etter <a href=\"http:\/\/presse.no\/pfu\/etiske-regler\/vaer-varsom-plakaten\/\" rel=\"nofollow noopener\" target=\"_blank\">V\u00e6r Varsom-plakatens<\/a> regler for god presseskikk. Se ogs\u00e5 <a href=\"https:\/\/www.nored.no\/Redaktoerplakaten\" rel=\"nofollow noopener\" target=\"_blank\">Redakt\u00f8ransvar<\/a>. MN24 har ikke ansvar for innhold p\u00e5 eksterne nettsider som det lenkes til. Alt innhold er opphavsrettslig beskyttet 2025 \u00a9 MN24.<\/p>\n<p>Midtnorsk N\u00e6ringsliv &#8211; MN24 &#8211; er landsdelens eget nettsted for nyheter om \u00f8konomi, n\u00e6ringsliv og nyskaping i regionen. MN24 er et samarbeid mellom Adresseavisen, Avisa S\u00f8r-Tr\u00f8ndelag, Bladet, Br\u00f8nn\u00f8ysunds Avis, Fosna-Folket, Fr\u00f8ya.no, Hitra-Fr\u00f8ya, Innherred, OPP, Steinkjer24, Kl\u00e6buposten, Stj\u00f8rdals-Nytt og Tr\u00f8nderbladet.<\/p>\n","protected":false},"excerpt":{"rendered":"MN24 arbeider etter V\u00e6r Varsom-plakatens regler for god presseskikk. Se ogs\u00e5 Redakt\u00f8ransvar. MN24 har ikke ansvar for innhold&hellip;\n","protected":false},"author":2,"featured_media":102042,"comment_status":"","ping_status":"","sticky":false,"template":"","format":"standard","meta":{"footnotes":""},"categories":[56],"tags":[222,269,60,61,267,129,62,30,28,29,3532,272,270,268,271],"class_list":{"0":"post-102041","1":"post","2":"type-post","3":"status-publish","4":"format-standard","5":"has-post-thumbnail","7":"category-naeringsliv","8":"tag-bil","9":"tag-bmw","10":"tag-business","11":"tag-economy","12":"tag-elbil","13":"tag-elon-musk","14":"tag-naeringsliv","15":"tag-no","16":"tag-norge","17":"tag-norway","18":"tag-suv","19":"tag-tesla","20":"tag-trondelag","21":"tag-volkswagen","22":"tag-volvo"},"share_on_mastodon":{"url":"https:\/\/pubeurope.com\/@no\/115649131620660419","error":""},"_links":{"self":[{"href":"https:\/\/www.europesays.com\/no\/wp-json\/wp\/v2\/posts\/102041","targetHints":{"allow":["GET"]}}],"collection":[{"href":"https:\/\/www.europesays.com\/no\/wp-json\/wp\/v2\/posts"}],"about":[{"href":"https:\/\/www.europesays.com\/no\/wp-json\/wp\/v2\/types\/post"}],"author":[{"embeddable":true,"href":"https:\/\/www.europesays.com\/no\/wp-json\/wp\/v2\/users\/2"}],"replies":[{"embeddable":true,"href":"https:\/\/www.europesays.com\/no\/wp-json\/wp\/v2\/comments?post=102041"}],"version-history":[{"count":0,"href":"https:\/\/www.europesays.com\/no\/wp-json\/wp\/v2\/posts\/102041\/revisions"}],"wp:featuredmedia":[{"embeddable":true,"href":"https:\/\/www.europesays.com\/no\/wp-json\/wp\/v2\/media\/102042"}],"wp:attachment":[{"href":"https:\/\/www.europesays.com\/no\/wp-json\/wp\/v2\/media?parent=102041"}],"wp:term":[{"taxonomy":"category","embeddable":true,"href":"https:\/\/www.europesays.com\/no\/wp-json\/wp\/v2\/categories?post=102041"},{"taxonomy":"post_tag","embeddable":true,"href":"https:\/\/www.europesays.com\/no\/wp-json\/wp\/v2\/tags?post=102041"}],"curies":[{"name":"wp","href":"https:\/\/api.w.org\/{rel}","templated":true}]}}