{"id":102043,"date":"2025-12-02T08:54:19","date_gmt":"2025-12-02T08:54:19","guid":{"rendered":"https:\/\/www.europesays.com\/no\/102043\/"},"modified":"2025-12-02T08:54:19","modified_gmt":"2025-12-02T08:54:19","slug":"jeg-har-aldri-folt-meg-sa-hjelpelos-og-redd","status":"publish","type":"post","link":"https:\/\/www.europesays.com\/no\/102043\/","title":{"rendered":"\u00abJeg har aldri f\u00f8lt meg s\u00e5 hjelpel\u00f8s og redd\u00bb"},"content":{"rendered":"<p>Du har sett det p\u00e5 film og i TV-serier.\u00a0<\/p>\n<p>Lynraske og profesjonelle tyver som snapper mobil og lommebok ut av hender eller lommer. Men du tenker kanskje ikke at det kommer til \u00e5 skje med deg.\u00a0<\/p>\n<p class=\"no_italic m-no_italic\" data-lab-italic=\"\">Slik hadde jeg det ogs\u00e5.\u00a0<\/p>\n<p class=\"no_italic m-no_italic\" data-lab-italic=\"\"> F\u00f8r jeg fikk erfare at dette er et gigantisk problem, og at nettopp jeg ble en del av den dystre statistikken. <\/p>\n<p>\u00abBlir ikke mer klisj\u00e9\u00bb<\/p>\n<p>Jeg hadde \u00abkvinnet\u00bb meg opp og dratt p\u00e5 min f\u00f8rste solo-tur. Valget falt p\u00e5 London, en by jeg har v\u00e6rt i flere ganger tidligere. Det f\u00f8ltes trygt n\u00e5r jeg f\u00f8rst skulle dra p\u00e5 egen h\u00e5nd.\u00a0<\/p>\n<p>        <img class=\"image__img lazyload\" itemprop=\"image\" title=\"Foto: Mari Linge Five \/ TV 2\" alt=\"JULESTEMNING: Jeg skulle til London for \u00e5 f\u00e5 julestemning. Dette var det eneste bildet jeg satt igjen med. Foto: Mari Linge Five \/ TV 2\" width=\"675\" height=\"757\" bad-src=\"https:\/\/www.europesays.com\/no\/wp-content\/uploads\/2025\/12\/18340385.webp\" fetchpriority=\"auto\" \/><\/p>\n<p>      JULESTEMNING: Jeg skulle til London for \u00e5 f\u00e5 julestemning. Dette var det eneste bildet jeg satt igjen med.<br \/>\n         Foto: Mari Linge Five \/ TV 2<\/p>\n<p>Jeg var stolt, og kjente p\u00e5 en mestringf\u00f8lelse. Via en privat historie p\u00e5 Snapchat delte jeg flittig til vennene mine:\u00a0<\/p>\n<p>        <img class=\"image__img lazyload\" itemprop=\"image\" title=\"Foto: Skjermdump fra Snapchat\" alt=\"EN SISTE MELDING: Dette ble den siste oppdateringen fra soloturen min til London. Foto: Skjermdump fra Snapchat\" width=\"978\" height=\"685\" bad-src=\"https:\/\/www.europesays.com\/no\/wp-content\/uploads\/2025\/12\/18340753.webp\" fetchpriority=\"auto\" \/><\/p>\n<p>      EN SISTE MELDING: Dette ble den siste oppdateringen fra soloturen min til London.<br \/>\n         Foto: Skjermdump fra Snapchat<\/p>\n<p>Lykkelig uvitende om at det skulle bli min siste melding p\u00e5 et d\u00f8gn.\u00a0<\/p>\n<p>For kort tid senere st\u00e5r jeg i et lyskryss. Jeg begynner \u00e5 n\u00e6rme meg hotellet mitt, men skal bare sjekke kartet en siste gang.\u00a0<\/p>\n<p>I det ene sekundet har jeg mobilen min, og i det andre sekundet er den borte. Kun ledningen til headsettet henger igjen i hendene mine.\u00a0<\/p>\n<p>Alt g\u00e5r s\u00e5 fort at jeg ikke rekker \u00e5 tenke over hva som egentlig skjedde.\u00a0<\/p>\n<p>\u2013 Hjerteskj\u00e6rende<\/p>\n<p>I 2025 er mobilene n\u00e6rmest hele livet for mange av oss.\u00a0<\/p>\n<p>For min del var det snakk om koden til d\u00f8ra p\u00e5 hotellet, flybilletter, kart, bankkort og kontakten med venner og familie. Hva skulle jeg egentlig gj\u00f8re n\u00e5?\u00a0<\/p>\n<p>\u2013 Bak hvert av disse tyveriene er et offer. Folk har hele livet lagret p\u00e5 telefonen, og det kan v\u00e6re hjerteskj\u00e6rende n\u00e5r de blir stj\u00e5let, sa sjefetterforsker i London-politiet Mark Gavin til <a href=\"https:\/\/www.nytimes.com\/2025\/10\/15\/world\/europe\/london-police-phone-theft-china-gang.html?utm_source=sdrn%3Avg%3Aarticle%3A1M1AdJ\" rel=\"nofollow noopener\" target=\"_blank\">The New York Times<\/a> tidligere i h\u00f8st.<\/p>\n<p class=\"bold m-bold\" data-lab-font_weight=\"bold\">Politiet i London har sett en enorm \u00f8kning i antall mobiltyverier. Bare i fjor skjedde det 80.000 ganger.\u00a0<\/p>\n<p>Det betyr 219 tyverier hver eneste dag.<\/p>\n<p>Umulig \u00e5 spore<\/p>\n<p>De som st\u00e5r bak disse tyveriene, er ekstremt profesjonelle.\u00a0<\/p>\n<p>If\u00f8lge artikkelen fra New York Times og en sak fra\u00a0<a href=\"https:\/\/www.vg.no\/nyheter\/i\/1M1AdJ\/stjaalne-mobiler-fra-london-selges-paa-svarteboers-i-kina\" rel=\"nofollow noopener\" target=\"_blank\">VG<\/a>, pakkes de stj\u00e5lne telefonene inn i aluminiumsfolie. P\u00e5 denne m\u00e5ten gj\u00f8r tyvene det umulig \u00e5 spore dem.<\/p>\n<p>        <img class=\"image__img lazyload\" itemprop=\"image\" title=\"Foto: Metropolitan Police\" alt=\"BESLAG: Politiet har gjort beslag av flere titalls IPhoner. Alle var dekket i aliminiumsfolie. Foto: Metropolitan Police\" width=\"978\" height=\"548\" bad-src=\"https:\/\/www.europesays.com\/no\/wp-content\/uploads\/2025\/12\/18341179.webp\" fetchpriority=\"auto\" \/><\/p>\n<p>      BESLAG: Politiet har gjort beslag av flere titalls IPhoner. Alle var dekket i aliminiumsfolie.<br \/>\n         Foto: Metropolitan Police<\/p>\n<p>Jeg logget meg s\u00e5 raskt jeg kunne inn p\u00e5\u00a0\u00abFind my Iphone\u00bb\u00a0p\u00e5 mobilen hos en helt tilfeldig jente jeg stoppet p\u00e5 gata. Og ganske riktig, det som m\u00f8tte meg var beskjeden:\u00a0\u00abNo location found.\u00bb<\/p>\n<p>Men fordi dette problemet har blitt s\u00e5 massivt i London, st\u00e5r tyveri av telefoner h\u00f8yt p\u00e5 agendaen hos Metropolitan Police.\u00a0<\/p>\n<p>Nylig sto de overfor et stort gjennombrudd.\u00a0<\/p>\n<p>Gigantisk aksjon<\/p>\n<p>Etter over ett \u00e5rs etterforskning slo politiet til mot et stort kriminelt nettverk som mistenkes for \u00e5 ha smuglet opptil 40.000 stj\u00e5lne mobiltelefoner fra Storbritannia til Kina de siste 12 m\u00e5nedene.\u00a0<\/p>\n<p>        <img class=\"image__img lazyload\" itemprop=\"image\" title=\"Foto: Metropolitan Police\" alt=\"AKSJON: Bildet viser baksetet til bilen til en av de mistenkte politiet arresterte. Foto: Metropolitan Police\" width=\"675\" height=\"628\" bad-src=\"https:\/\/www.europesays.com\/no\/wp-content\/uploads\/2025\/12\/18341268.webp\" fetchpriority=\"auto\" \/><\/p>\n<p>      AKSJON: Bildet viser baksetet til bilen til en av de mistenkte politiet arresterte.<br \/>\n         Foto: Metropolitan Police<\/p>\n<p>Det utgj\u00f8r opptil 40 prosent av alle telefoner som blir stj\u00e5let i London.<\/p>\n<p>\u2013\u00a0Dette er den st\u00f8rste aksjonen mot mobiltelefontyveri og -ran i Storbritannia, i det mest ekstraordin\u00e6re settet av operasjoner av denne typen som vi noen gang har gjennomf\u00f8rt, sier lederen for\u00a0\u00abOperation Echosteep\u00bb,\u00a0Andrew Featherstone, i en <a href=\"https:\/\/news.met.police.uk\/news\/met-dismantles-suspected-smuggling-gang-in-uks-largest-phone-theft-crackdown-501804\" rel=\"nofollow noopener\" target=\"_blank\">pressemelding<\/a>.\u00a0<\/p>\n<p>Aksjonen har f\u00e5tt ros fra blant annet ordf\u00f8reren i London, Sadiq Khan.\u00a0<\/p>\n<p>\u2013\u00a0Jeg vil takke politiet for at de har tatt londonernes bekymringer p\u00e5 alvor og gjennomf\u00f8rt sin st\u00f8rste koordinerte kampanje noensinne for \u00e5 bekjempe mobiltelefonkriminalitet.<\/p>\n<p>        <img class=\"image__img lazyload\" itemprop=\"image\" title=\"Foto: Tita Barros \/ Reuters \/ NTB\" alt=\"ORDF\u00d8RER: Sadiq Khan er ordf\u00f8rer i London. Han er forn\u00f8yd med at politiets aksjon har f\u00f8rt til en rekke arrestasjoner. Foto: Tita Barros \/ Reuters \/ NTB\" width=\"978\" height=\"656\" bad-src=\"https:\/\/www.europesays.com\/no\/wp-content\/uploads\/2025\/12\/18340278.webp\" fetchpriority=\"auto\" \/><\/p>\n<p>      ORDF\u00d8RER: Sadiq Khan er ordf\u00f8rer i London. Han er forn\u00f8yd med at politiets aksjon har f\u00f8rt til en rekke arrestasjoner.<br \/>\n         Foto: Tita Barros \/ Reuters \/ NTB<\/p>\n<p>Politiminister i Storbritannia, Sarah Jones, har en klar beskjed til de som st\u00e5r bak.\u00a0<\/p>\n<p>\u2013 Det enest\u00e5ende omfanget av denne operasjonen sender et tydelig budskap: Hvis du er involvert i mobiltelefontyveri \u2013 enten p\u00e5 gata, bak butikkdisker eller som en del av en organisert kriminell gruppe \u2013 s\u00e5 kommer vi etter deg, sier Jones i pressemeldingen fra politiet.\u00a0<\/p>\n<p>        <img class=\"image__img lazyload\" itemprop=\"image\" title=\"Foto: Jacob King \/ Pa Photos \/ NTB\" alt=\"KLAR BESKJED: Politiministeren i Storbritannia har en klar beskjed til de kriminelle gjengene som st\u00e5r bak tyveriene. Foto: Jacob King \/ Pa Photos \/ NTB\" width=\"978\" height=\"656\" bad-src=\"https:\/\/www.europesays.com\/no\/wp-content\/uploads\/2025\/12\/18340348.webp\" fetchpriority=\"auto\" \/><\/p>\n<p>      KLAR BESKJED: Politiministeren i Storbritannia har en klar beskjed til de kriminelle gjengene som st\u00e5r bak tyveriene.<br \/>\n         Foto: Jacob King \/ Pa Photos \/ NTB<\/p>\n<p>\u2013 Viktig \u00e5 v\u00e6re klar over<\/p>\n<p>Hvor telefonen min havner til slutt, er vanskelig \u00e5 vite. Men \u00e9n ting vet jeg:\u00a0<\/p>\n<p class=\"bold m-bold\" data-lab-font_weight=\"bold\">Jeg har\u00a0aldri f\u00f8lt meg s\u00e5 hjelpel\u00f8s og redd som da jeg sto helt alene p\u00e5 gata i London, uten en telefon.\u00a0<\/p>\n<p data-lab-font_weight=\"\">Telefonen min var heller ikke l\u00e5st da den ble nappet ut av hendene mine. Dermed hadde tyvene tilgang til hele livet mitt. Og det var en sv\u00e6rt ubehagelig tanke.\u00a0<\/p>\n<p>Sigmund Clementz i If Forsikring bekrefter at dette har blitt et stadig mer utbredt problem.\u00a0<\/p>\n<p>\u2013\u00a0De som er lommetyver gjenkjenner veldig fort turister fordi de kan v\u00e6re kledd annerledes, de kan virke usikre p\u00e5 hvor de er, eller skille seg ut p\u00e5 andre m\u00e5ter. Det er viktig \u00e5 v\u00e6re klar over, sier Clementz til TV 2.<\/p>\n<p>        <img class=\"image__img lazyload\" itemprop=\"image\" title=\"Foto: Jonas Been Henriksen \/ TV 2\" alt=\"FORSIKRING: Blir telefonen din stj\u00e5let p\u00e5 ferie, f\u00e5r du det dekket av reiseforsikringen, sier pressesjef i If Forsikring. Foto: Jonas Been Henriksen \/ TV 2\" width=\"978\" height=\"656\" bad-src=\"https:\/\/www.europesays.com\/no\/wp-content\/uploads\/2025\/12\/18340284.webp\" fetchpriority=\"auto\" \/><\/p>\n<p>      FORSIKRING: Blir telefonen din stj\u00e5let p\u00e5 ferie, f\u00e5r du det dekket av reiseforsikringen, sier pressesjef i If Forsikring.<br \/>\n         Foto: Jonas Been Henriksen \/ TV 2<\/p>\n<p>Barcelona, Roma, London og Paris er byer som skiller seg ut n\u00e5r det kommer til meldinger om lommetyverier hos forsikringsselskapet.\u00a0<\/p>\n<p>\u2013 Dette er noe som dekkes av alminnelig reiseforsikring, fordi det anses som tyveri eller ran. Men egenandel vil alltid forekomme, forklarer Clementz.\u00a0<\/p>\n<p class=\"bold m-bold\" data-lab-font_weight=\"bold\">Han har flere r\u00e5d til hvordan man kan unng\u00e5 \u00e5 bli utsatt for dette:\u00a0<\/p>\n<p>        Clementz\u00b4s fem r\u00e5d:<\/p>\n<p>V\u00e6r oppmerksom p\u00e5 omgivelser rundt deg. <\/p>\n<p>I byer som London er det mye folk, og ikke alle er snille og hyggelige. Steder med st\u00f8rre trengsel \u00f8ker ogs\u00e5 risikoen for \u00e5 bli utsatt for tyveri. <\/p>\n<p>Tenk p\u00e5 hvor du bruker telefonen. Ikke g\u00e5 og scroll samtidig. Spar det til en restaurant eller n\u00e5r du er fremme p\u00e5 hotellet. <\/p>\n<p>Ikke hold mobilen ut mot et fortau, g\u00e5 lengre inn p\u00e5 gata eller inn mot en vegg. <\/p>\n<p class=\"bold m-bold\" data-lab-font_weight=\"bold\">Og en siste oppfordring: <\/p>\n<p>\u2013 Du vil oppleve mer p\u00e5 turen din om du titter mindre p\u00e5 mobilen, og ser mer p\u00e5 det du har betalt for \u00e5 oppleve. Da opplever du ogs\u00e5 at mobilen din har langt mindre risiko for \u00e5 bli stj\u00e5let. <\/p>\n<p>Kilde: Sigmund Clementz, pressesjef i If<\/p>\n<p>Dette har jeg l\u00e6rt\u00a0<\/p>\n<p>Et d\u00f8gn alene i London, uten en telefon, har uansett l\u00e6rt meg \u00e9n ting eller to.\u00a0<\/p>\n<p>Det ER mulig \u00e5 reise uten mobil. S\u00e5 lenge du har penn, papir og et referansenummer kommer du deg faktisk om bord.\u00a0<\/p>\n<p>        <img class=\"image__img lazyload\" itemprop=\"image\" title=\"Foto: Kieran Cleeves Media Assignments \/ Pa Photos \/ NTB\" alt=\"ADVARSEL: Denne advarselen har dukket opp p\u00e5 gata i London. \u00abTa et steg tilbake fra fortauet! Dette er et hotspot for telefontyverier.\u00bb Foto: Kieran Cleeves Media Assignments \/ Pa Photos \/ NTB\" width=\"978\" height=\"656\" bad-src=\"https:\/\/www.europesays.com\/no\/wp-content\/uploads\/2025\/12\/18340286.webp\" fetchpriority=\"auto\" \/><\/p>\n<p>      ADVARSEL: Denne advarselen har dukket opp p\u00e5 gata i London. \u00abTa et steg tilbake fra fortauet! Dette er et hotspot for telefontyverier.\u00bb<br \/>\n         Foto: Kieran Cleeves Media Assignments \/ Pa Photos \/ NTB<\/p>\n<p>Jeg klarer mye mer enn jeg tror.\u00a0<\/p>\n<p>Fremmede i utlandet er ikke skumle. De aller fleste vil bare hjelpe deg, og v\u00e6re et medmenneske.\u00a0<\/p>\n<p>Og der har kanskje nordmenn noe \u00e5 l\u00e6re. For da jeg omsider hadde kommet meg til Norge, var jeg helt utslitt.\u00a0<\/p>\n<p>\u00abDa kom ogs\u00e5 t\u00e5rene\u00bb<\/p>\n<p>P\u00e5 flytoget rakk jeg for f\u00f8rste gang \u00e5 tenke litt over hva jeg egentlig hadde v\u00e6rt gjennom. Da kom ogs\u00e5 t\u00e5rene.<\/p>\n<p>Kroppen hadde g\u00e5tt i en slags overlevelsesmodus det siste d\u00f8gnet, men f\u00f8rst da gikk det opp for meg hvor redd jeg egentlig hadde v\u00e6rt.<\/p>\n<p>Til tross for at jeg satt p\u00e5 toget og gr\u00e5t helt \u00e5penlyst, var det ikke et eneste menneske som spurte\u00a0\u00abG\u00e5r det bra med deg?\u00bb<\/p>\n<p>Ja, det kan v\u00e6re ubehagelig, men det koster s\u00e5 lite. Og en liten anerkjennelse i det \u00f8yeblikket hadde betydd s\u00e5 utrolig mye.<\/p>\n<p>Det h\u00e5per jeg ogs\u00e5 at denne turen har l\u00e6rt meg. For neste gang skal jeg v\u00e6re den personen som t\u00f8r \u00e5 sp\u00f8rre.\u00a0<\/p>\n","protected":false},"excerpt":{"rendered":"Du har sett det p\u00e5 film og i TV-serier.\u00a0 Lynraske og profesjonelle tyver som snapper mobil og lommebok&hellip;\n","protected":false},"author":2,"featured_media":102044,"comment_status":"","ping_status":"","sticky":false,"template":"","format":"standard","meta":{"footnotes":""},"categories":[12],"tags":[20,21,24,25,15,22,23,13,30,28,29,14,16,26,27,42,43,44,45],"class_list":{"0":"post-102043","1":"post","2":"type-post","3":"status-publish","4":"format-standard","5":"has-post-thumbnail","7":"category-verden","8":"tag-breaking-news","9":"tag-breakingnews","10":"tag-featured-news","11":"tag-featurednews","12":"tag-headlines","13":"tag-latest-news","14":"tag-latestnews","15":"tag-news","16":"tag-no","17":"tag-norge","18":"tag-norway","19":"tag-nyheter","20":"tag-overskrifter","21":"tag-top-stories","22":"tag-topstories","23":"tag-verden","24":"tag-world","25":"tag-world-news","26":"tag-worldnews"},"share_on_mastodon":{"url":"https:\/\/pubeurope.com\/@no\/115649135477405041","error":""},"_links":{"self":[{"href":"https:\/\/www.europesays.com\/no\/wp-json\/wp\/v2\/posts\/102043","targetHints":{"allow":["GET"]}}],"collection":[{"href":"https:\/\/www.europesays.com\/no\/wp-json\/wp\/v2\/posts"}],"about":[{"href":"https:\/\/www.europesays.com\/no\/wp-json\/wp\/v2\/types\/post"}],"author":[{"embeddable":true,"href":"https:\/\/www.europesays.com\/no\/wp-json\/wp\/v2\/users\/2"}],"replies":[{"embeddable":true,"href":"https:\/\/www.europesays.com\/no\/wp-json\/wp\/v2\/comments?post=102043"}],"version-history":[{"count":0,"href":"https:\/\/www.europesays.com\/no\/wp-json\/wp\/v2\/posts\/102043\/revisions"}],"wp:featuredmedia":[{"embeddable":true,"href":"https:\/\/www.europesays.com\/no\/wp-json\/wp\/v2\/media\/102044"}],"wp:attachment":[{"href":"https:\/\/www.europesays.com\/no\/wp-json\/wp\/v2\/media?parent=102043"}],"wp:term":[{"taxonomy":"category","embeddable":true,"href":"https:\/\/www.europesays.com\/no\/wp-json\/wp\/v2\/categories?post=102043"},{"taxonomy":"post_tag","embeddable":true,"href":"https:\/\/www.europesays.com\/no\/wp-json\/wp\/v2\/tags?post=102043"}],"curies":[{"name":"wp","href":"https:\/\/api.w.org\/{rel}","templated":true}]}}