{"id":102055,"date":"2025-12-02T09:10:10","date_gmt":"2025-12-02T09:10:10","guid":{"rendered":"https:\/\/www.europesays.com\/no\/102055\/"},"modified":"2025-12-02T09:10:10","modified_gmt":"2025-12-02T09:10:10","slug":"det-er-mulig-a-forskjellsbehandle-e24","status":"publish","type":"post","link":"https:\/\/www.europesays.com\/no\/102055\/","title":{"rendered":"\u2013 Det er mulig \u00e5 forskjellsbehandle \u2013 E24"},"content":{"rendered":"<p class=\"fullWidthDesktop hyperion-css-71ztg2\" data-test-tag=\"lead-text\">Pareto-megler Tarjei Mellin sier det er rom for \u00e5 gi r\u00e5d om \u00e5 forskjellsbehandle.<\/p>\n<p><img decoding=\"async\" class=\"image-asset hyperion-css-leu1if\" data-test-tag=\"image-asset\" src=\"https:\/\/www.europesays.com\/no\/wp-content\/uploads\/2025\/12\/46b45943-c285-4f73-a4d2-98230abf3708\"  alt=\"Tarjei Mellin var leder for forhandlingene da Solstad skulle reforhandles. \"  loading=\"eager\" fetchpriority=\"high\" style=\"aspect-ratio:1900 \/ 1267\"\/>Tarjei Mellin var leder for forhandlingene da Solstad skulle reforhandles. Foto: Adrian NielsenPublisert: <\/p>\n<p>For mindre enn 50 minutter siden<\/p>\n<p>Oppdatert n\u00e5 nettopp<\/p>\n<ul class=\"hyperion-css-pte5x0\">\n<li aria-label=\"link\" class=\"narrow-button hyperion-css-1sz7d3n\">Kopier lenke<\/li>\n<li aria-label=\"link\" class=\"wide-button hyperion-css-1sz7d3n\">Kopier lenke<\/li>\n<li aria-label=\"facebook\" class=\"narrow-button hyperion-css-1sz7d3n\">Del p\u00e5 Facebook<\/li>\n<li aria-label=\"facebook\" class=\"wide-button hyperion-css-1sz7d3n\">Del p\u00e5 Facebook<\/li>\n<li aria-label=\"email\" class=\"narrow-button hyperion-css-1sz7d3n\">Del med e-post<\/li>\n<li aria-label=\"email\" class=\"wide-button hyperion-css-1sz7d3n\">Del med e-post<\/li>\n<\/ul>\n<p class=\"hyperion-css-1lemvax\">\u2013 Vi skal gi balanserte og dokumenterte r\u00e5d til selskapet. Det er mulig \u00e5 forskjellsbehandle, dersom det er saklige grunner til det, sier Pareto-partner og megler Tarjei Mellin.<\/p>\n<p class=\"hyperion-css-1lemvax\">Megleren vitner i rettssaken mellom Christen Sveaas\u2019 Kistefos og Kjell Inge R\u00f8kkes Aker tirsdag. <\/p>\n<p class=\"hyperion-css-1lemvax\">Innledningsvis blir han spurt om han er kjent med regelverket knyttet til r\u00e5dgivningstjenester. Mellin viser til at de er regulert av konsesjon, og Finanstilsynet. Det er Finanstilsynet som skal overse at det s\u00e5kalte likebehandlingsprinsippet ivaretas. <\/p>\n<p class=\"hyperion-css-1lemvax\">Likebehandling er et sentralt sp\u00f8rsm\u00e5l i rettssaken, da Kistefos mener aksjon\u00e6rene i Solstad ble overkj\u00f8rt da Aker kj\u00f8pte seg kraftig opp i 2023. <\/p>\n<p class=\"hyperion-css-1lemvax\">Mellin var det de i Pareto kaller \u00abdeal captain\u00bb, eller en slags prosjektleder, p\u00e5 laget som jobbet med restruktureringen i 2023, p\u00e5 oppdrag fra Solstad. <\/p>\n<p><img decoding=\"async\" class=\"image-asset hyperion-css-b9irxk\" data-test-tag=\"image-asset\" src=\"https:\/\/www.europesays.com\/no\/wp-content\/uploads\/2025\/12\/2ffcc2ef-3e86-4150-9f75-65cd7386a16f\"  alt=\"Mellin Olsen blir spurt ut av advokat Mathias Tvedter tirsdag morgen.\"  loading=\"eager\" fetchpriority=\"high\" style=\"aspect-ratio:1900 \/ 1267\"\/>Mellin Olsen blir spurt ut av advokat Mathias Tvedter tirsdag morgen. Foto: Adrian Nielsen<\/p>\n<p class=\"hyperion-css-1lemvax\">Han er med i flere av lydopptakene som har blitt spilt av i retten, og st\u00e5r blant annet bak sitatet som beskriver <a data-test-tag=\"internal-link\" href=\"https:\/\/e24.no\/boers-og-finans\/i\/0VMxKM\/solstad-om-roekke-dirty-aa-true-paa-den-maaten\" class=\"hyperion-css-1rezu2g\" rel=\"nofollow noopener\" target=\"\" aria-label=\"Kjell Inge R\u00f8kke som \u00abtigeren i Sveits\u00bb\">Kjell Inge R\u00f8kke som \u00abtigeren i Sveits\u00bb<\/a>. <\/p>\n<p class=\"hyperion-css-1lemvax\"><strong><a aria-label=\"Les mer om saken her.\" class=\"default hyperion-css-1rezu2g\" href=\"https:\/\/e24.no\/hendelse\/roekke-mot-sveaas\" rel=\"noopener nofollow\" data-test-tag=\"external-link\" target=\"_blank\">Les mer om saken her.<\/a><\/strong><\/p>\n<p>Mener bankene var gr\u00e5dige<\/p>\n<p class=\"hyperion-css-1lemvax\">Paretos advokat Mathias Tvedter stiller sp\u00f8rsm\u00e5l til Mellin tidlig tirsdag. Megleren forklarer hvordan situasjonen var da Pareto ble kontaktet av Solstad i 2023. <\/p>\n<p class=\"hyperion-css-1lemvax\">N\u00e5r Pareto vurderte mulighetene for refinansiering av rederiet, s\u00e5 beskriver han gjeldsbildet som komplisert, og forteller at de Pareto m\u00e5tte hente egenkapital til selskapet, men at de samtidig ville begrense egenkapitalen i selskapet etter emisjonen. Dette blant annet fordi de ikke ville vanne ut eksisterende aksjon\u00e6rer i for stor grad. <\/p>\n<p class=\"hyperion-css-1lemvax\">\u2013 Det er mange som vi vurderte ikke ville ha mulighet til \u00e5 delta om vi skulle doblet eller tredoblet aksjekapitalen. Interessen var begrenset, sier han, og viser til at Dof hadde g\u00e5tt konkurs, og at Solstads kursutvikling var d\u00e5rlig. <\/p>\n<p>Dette er saken<\/p>\n<ul class=\"hyperion-css-pkq1ci\" data-test-tag=\"list\">\n<li class=\"hyperion-css-12h2ush\">Kistefos med Christen Sveaas i spissen har samlet flere aksjon\u00e6rer i rederiet Solstad Offshore i et s\u00f8ksm\u00e5l mot Kjell Inge R\u00f8kkes Aker Capital og Solstads styre og toppledelse, i tillegg til meglerhuset Pareto Securities.<\/li>\n<li class=\"hyperion-css-12h2ush\">\u00c5rsaken er at de mener aksjon\u00e6rene ble overkj\u00f8rt da Aker Capital kj\u00f8pte seg kraftig opp under en refinansiering av Solstad i 2023.<\/li>\n<li class=\"hyperion-css-12h2ush\">Kort fortalt mener Kistefos og de andre saks\u00f8kerne at styret og toppsjefen i Solstad og s\u00e6rlig meglerhuset Pareto ble utsatt for press fra R\u00f8kke og Aker da selskapet kj\u00f8pte seg opp.<\/li>\n<li class=\"hyperion-css-12h2ush\">Sveaas har kalt saken \u00abEn av de mest grisete transaksjonene vi har sett p\u00e5 Oslo B\u00f8rs\u00bb.<\/li>\n<li class=\"hyperion-css-12h2ush\">R\u00f8kke og Aker har, i likhet med de andre saks\u00f8kte, hele veien avvist anklagen. I et intervju med DN sa R\u00f8kke at han brydde seg lite om hva \u00abChristen Smeaas, Sveaas eller hva han heter, mener\u00bb, og at \u00abhvis du skal bli general, kan du ikke bry deg om hva menige soldater mener til enhver tid\u00bb.<\/li>\n<\/ul>\n<p>Vis mer<\/p>\n<p class=\"hyperion-css-1lemvax\">\u2013 F\u00e5r man ikke bedre vilk\u00e5r for refinansiering fra bankene om man har mye egenkapital?, sp\u00f8r Tvedter. <\/p>\n<p class=\"hyperion-css-1lemvax\">\u2013 Bankene vil alltid ha mer egenkapital, s\u00e5 det er en avveining, svarer Mellin. <\/p>\n<p class=\"hyperion-css-1lemvax\">Han blir senere spurt om forhandlinger med bankene, p\u00e5 vegne av Solstad. Selskapet hadde over 13 milliarder i gjeld, og 11 milliarder hadde forfall under et \u00e5r etter at Pareto ble engasjert. <\/p>\n<p class=\"hyperion-css-1lemvax\">I en telefonsamtale med Akers mann i Solstad-systemet, Frank Reite som ogs\u00e5 er saks\u00f8kt i saken, ga Mellin uttrykk for at bankene var gr\u00e5dige. Han sier de la frem forslag som trakk for mye likviditet ut av selskapet, og Solstad ikke ville bli tatt ut av restruktureringsmodus med de modellene. <\/p>\n<p class=\"hyperion-css-1lemvax\">\u2013 Jeg er ikke uenig i at de var gr\u00e5dige, sier han, p\u00e5 sp\u00f8rsm\u00e5l fra advokaten. <\/p>\n<p class=\"hyperion-css-1lemvax\">\u2013 Det var ikke noe vi kunne g\u00e5 med p\u00e5 fra selskapets side, og bankene var heller ikke enige seg imellom. <\/p>\n<p>Ferdig i januar<\/p>\n<p class=\"hyperion-css-1lemvax\">Kistefos har saks\u00f8kt Aker, styret i Solstad Offshore og Pareto, fordi de mener Aker truet til seg en uforholdsmessig god avtale under restruktureringen i 2023. Aker avviser anklagene, og mener det er snakk om ordin\u00e6re, men t\u00f8ffe, forhandlinger. <\/p>\n<p class=\"hyperion-css-1lemvax\">Det er satt av 15 uker til rettssaken, og den skal etter planen vare frem til midten av januar. <\/p>\n","protected":false},"excerpt":{"rendered":"Pareto-megler Tarjei Mellin sier det er rom for \u00e5 gi r\u00e5d om \u00e5 forskjellsbehandle. Tarjei Mellin var leder&hellip;\n","protected":false},"author":2,"featured_media":102056,"comment_status":"","ping_status":"","sticky":false,"template":"","format":"standard","meta":{"footnotes":""},"categories":[56],"tags":[60,61,62,30,28,29],"class_list":{"0":"post-102055","1":"post","2":"type-post","3":"status-publish","4":"format-standard","5":"has-post-thumbnail","7":"category-naeringsliv","8":"tag-business","9":"tag-economy","10":"tag-naeringsliv","11":"tag-no","12":"tag-norge","13":"tag-norway"},"share_on_mastodon":{"url":"https:\/\/pubeurope.com\/@no\/115649198527965298","error":""},"_links":{"self":[{"href":"https:\/\/www.europesays.com\/no\/wp-json\/wp\/v2\/posts\/102055","targetHints":{"allow":["GET"]}}],"collection":[{"href":"https:\/\/www.europesays.com\/no\/wp-json\/wp\/v2\/posts"}],"about":[{"href":"https:\/\/www.europesays.com\/no\/wp-json\/wp\/v2\/types\/post"}],"author":[{"embeddable":true,"href":"https:\/\/www.europesays.com\/no\/wp-json\/wp\/v2\/users\/2"}],"replies":[{"embeddable":true,"href":"https:\/\/www.europesays.com\/no\/wp-json\/wp\/v2\/comments?post=102055"}],"version-history":[{"count":0,"href":"https:\/\/www.europesays.com\/no\/wp-json\/wp\/v2\/posts\/102055\/revisions"}],"wp:featuredmedia":[{"embeddable":true,"href":"https:\/\/www.europesays.com\/no\/wp-json\/wp\/v2\/media\/102056"}],"wp:attachment":[{"href":"https:\/\/www.europesays.com\/no\/wp-json\/wp\/v2\/media?parent=102055"}],"wp:term":[{"taxonomy":"category","embeddable":true,"href":"https:\/\/www.europesays.com\/no\/wp-json\/wp\/v2\/categories?post=102055"},{"taxonomy":"post_tag","embeddable":true,"href":"https:\/\/www.europesays.com\/no\/wp-json\/wp\/v2\/tags?post=102055"}],"curies":[{"name":"wp","href":"https:\/\/api.w.org\/{rel}","templated":true}]}}