{"id":102059,"date":"2025-12-02T09:13:11","date_gmt":"2025-12-02T09:13:11","guid":{"rendered":"https:\/\/www.europesays.com\/no\/102059\/"},"modified":"2025-12-02T09:13:11","modified_gmt":"2025-12-02T09:13:11","slug":"frp-moter-seg-sjol-i-dora-nordnorsk-debatt","status":"publish","type":"post","link":"https:\/\/www.europesays.com\/no\/102059\/","title":{"rendered":"Frp m\u00f8ter seg sj\u00f8l i d\u00f8ra &#8211; Nordnorsk debatt"},"content":{"rendered":"<ol>\n<li><a href=\"https:\/\/news.google.com\/rss\/articles\/CBMie0FVX3lxTE1YQ3ZqZXhYdmhpVkUtT2VZYjJ6WW53ZnJEck9kYklGWUE5dUY5NXp3OXNPOGxuS2doOUxCTWd5UDRKTzlLZDJPZlVrLVAydnU0a3hIZUpuUTlnRHZodDBpVzV6RmgzMEVKdTE5NGVuZGlHc0JQUkxpWlU2dw?oc=5\" target=\"_blank\" rel=\"nofollow noopener\">Frp m\u00f8ter seg sj\u00f8l i d\u00f8ra<\/a>&nbsp;&nbsp;Nordnorsk debatt<\/li>\n<li><a href=\"https:\/\/news.google.com\/rss\/articles\/CBMiqAFBVV95cUxQRDc5dGFVQlJhaEgyUWtNUWxiZURoZklmRVZra2daMllvTFZNQ0licFN0Nkxza0N6c3J4WWxIQm5WdHNOS0YtN0JxaGp3anBEWXk4X2ozNFIwWF9fN3gtRkh0R0Y0Q2UtejNjZE11MDQzRmZJeS1WN3R3MlRkSmRCdjJhdnFLQzhCaUkwamhRNGV2Y0JYU1JHTUhVU2xSLXhPd0gwODR4M0s?oc=5\" target=\"_blank\" rel=\"nofollow noopener\">Drosjetilbudet i distriktene m\u00e5 berges f\u00f8r det er for sent<\/a>&nbsp;&nbsp;folkebladet.no<\/li>\n<li><a href=\"https:\/\/news.google.com\/rss\/articles\/CBMid0FVX3lxTE1LOUtsazZfRVg0WHBYblhOMHZLUm1ZcE9FV0pXcU9aTVBwcXRPNFVIcFYyMVYtSFVkbmY2WG8wTVV4bnpSUk9rLUhYSDZXVGhQWFp3R3lGQUxBeDI0SWU1S1M3WDN1N09GYTgwY3NvTy00dGZMdi1R?oc=5\" target=\"_blank\" rel=\"nofollow noopener\">Helse Nord, El-taxi | Pasientreiser raserer distriktsdrosjen\u00e6ringa<\/a>&nbsp;&nbsp;Nordnorsk debatt<\/li>\n<li><a href=\"https:\/\/news.google.com\/rss\/articles\/CBMitgFBVV95cUxNRFd1ZlFiMTVuSklpVExKcVI2WmwxNFhPOVJGbWhNUno3VW9sOThIZzl5M0xBLW04eHgxTGNoX3RwblR5NVd0djlUbHROZl9HSktLb21xdExOLVV1N2FJb2ZOdnB3R3MwbFlxTi1Rc21DN29jUFRpN3lVd2tVb25UdjlDUmJfQ0hFTmFYc2ZMQU1YV3pVdTZxSUFnRGwyY2RHT0d2MjZURmpzQVlLTkZNRFVIMG9PQQ?oc=5\" target=\"_blank\" rel=\"nofollow noopener\">Pasienttransporten kollapser \u2013 n\u00e5 m\u00e5 kommunene i Nord-Norge gripe inn<\/a>&nbsp;&nbsp;framtidinord.no<\/li>\n<li><a href=\"https:\/\/news.google.com\/rss\/articles\/CBMivAFBVV95cUxQUzVZc3VoSHFxRUtBbG5VRkRjazRTYzdJR2tPN0ltbFYyRm9qWE45T3NDTkJGNzRFRXU5OWs2b2I5ZFBTNFNUdDJoQ3llb3NXNWJnNklHeFIya1BOX3dmOFNDVU1kekpHNkV6cEVMdjN4SlpfN0F3NTFPWk9nbU9VRlI3LWhEbjhta0lfM1lRcEtjdFVLX3kwamtrazQwNnNZOTE2TFFILXUyNU9uS2xBN0VVR2NaR05nQ3BENg?oc=5\" target=\"_blank\" rel=\"nofollow noopener\">Skriftlig sp\u00f8rsm\u00e5l fra Kristian August Eilertsen (FrP) til helse- og omsorgsministeren<\/a>&nbsp;&nbsp;Stortinget<\/li>\n<\/ol>\n","protected":false},"excerpt":{"rendered":"Frp m\u00f8ter seg sj\u00f8l i d\u00f8ra&nbsp;&nbsp;Nordnorsk debatt Drosjetilbudet i distriktene m\u00e5 berges f\u00f8r det er for sent&nbsp;&nbsp;folkebladet.no Helse&hellip;\n","protected":false},"author":2,"featured_media":102060,"comment_status":"","ping_status":"","sticky":false,"template":"","format":"standard","meta":{"footnotes":""},"categories":[5],"tags":[36,20,21,24,25,12921,15,19,22,23,246,17,18,13,30,28,29,14,1533,16,12923,12922,26,27],"class_list":{"0":"post-102059","1":"post","2":"type-post","3":"status-publish","4":"format-standard","5":"has-post-thumbnail","7":"category-overskrifter","8":"tag-art","9":"tag-breaking-news","10":"tag-breakingnews","11":"tag-featured-news","12":"tag-featurednews","13":"tag-frislipp-taxinaeringa","14":"tag-headlines","15":"tag-hovedoppslag","16":"tag-latest-news","17":"tag-latestnews","18":"tag-leder","19":"tag-main-news","20":"tag-mainnews","21":"tag-news","22":"tag-no","23":"tag-norge","24":"tag-norway","25":"tag-nyheter","26":"tag-opinion","27":"tag-overskrifter","28":"tag-pasientreiser","29":"tag-taxinaeringa","30":"tag-top-stories","31":"tag-topstories"},"share_on_mastodon":{"url":"https:\/\/pubeurope.com\/@no\/115649210301359556","error":""},"_links":{"self":[{"href":"https:\/\/www.europesays.com\/no\/wp-json\/wp\/v2\/posts\/102059","targetHints":{"allow":["GET"]}}],"collection":[{"href":"https:\/\/www.europesays.com\/no\/wp-json\/wp\/v2\/posts"}],"about":[{"href":"https:\/\/www.europesays.com\/no\/wp-json\/wp\/v2\/types\/post"}],"author":[{"embeddable":true,"href":"https:\/\/www.europesays.com\/no\/wp-json\/wp\/v2\/users\/2"}],"replies":[{"embeddable":true,"href":"https:\/\/www.europesays.com\/no\/wp-json\/wp\/v2\/comments?post=102059"}],"version-history":[{"count":0,"href":"https:\/\/www.europesays.com\/no\/wp-json\/wp\/v2\/posts\/102059\/revisions"}],"wp:featuredmedia":[{"embeddable":true,"href":"https:\/\/www.europesays.com\/no\/wp-json\/wp\/v2\/media\/102060"}],"wp:attachment":[{"href":"https:\/\/www.europesays.com\/no\/wp-json\/wp\/v2\/media?parent=102059"}],"wp:term":[{"taxonomy":"category","embeddable":true,"href":"https:\/\/www.europesays.com\/no\/wp-json\/wp\/v2\/categories?post=102059"},{"taxonomy":"post_tag","embeddable":true,"href":"https:\/\/www.europesays.com\/no\/wp-json\/wp\/v2\/tags?post=102059"}],"curies":[{"name":"wp","href":"https:\/\/api.w.org\/{rel}","templated":true}]}}