{"id":102061,"date":"2025-12-02T09:14:10","date_gmt":"2025-12-02T09:14:10","guid":{"rendered":"https:\/\/www.europesays.com\/no\/102061\/"},"modified":"2025-12-02T09:14:10","modified_gmt":"2025-12-02T09:14:10","slug":"ruben-havnet-pa-arets-lag","status":"publish","type":"post","link":"https:\/\/www.europesays.com\/no\/102061\/","title":{"rendered":"Ruben havnet p\u00e5 \u00e5rets lag"},"content":{"rendered":"<p>TV2s ekspertpanel plukket mandag ut de 11 spillerne de mener fortjener en plass p\u00e5 \u00e5rets lag.<\/p>\n<p>Der finner vi TIL-kaptein Ruben Ytterg\u00e5rd Jenssen, som har kapret en av plassene p\u00e5 midtbanen.<\/p>\n<p><a href=\"https:\/\/www.tv2.no\/sport\/fotball\/eliteserien\/forbloffet-ekspertene-ingen-hadde-sett-for-seg-det\/18336564\/\" rel=\"noopener nofollow\" target=\"_blank\">Panelet skriver f\u00f8lgende om Jenssens sesong,<\/a> som endte med bronsemedalje til \u00abGutan\u00bb:<\/p>\n<p>\u00abHva er han laget av? 37 \u00e5r gammel leverer Ytterg\u00e5rd Jenssen sin beste sesong noensinne i Eliteserien \u2013 og det krones med en fullt fortjent bronse. 10 m\u00e5lpoeng er sv\u00e6rt imponerende, men det er nesten enda mer utrolig at han tross sin voksne alder har spilt hvert eneste sekund av Troms\u00f8s seriekamper.\u00bb<\/p>\n<p>Selv om flere av spillerne p\u00e5 \u00e5rets TIL-lag har levert en god sesong, var det kun Jenssen TV2s ekspertpanel mener var god nok for \u00e5rets lag. Det domineres ellers tungt av spillere fra Bod\u00f8\/Glimt og Viking, lagene som tok henholdsvis s\u00f8lv og gull i \u00e5rets eliteserie.<\/p>\n<p><img decoding=\"async\" src=\"data:image\/gif;base64,R0lGODlhEAAJAIAAAP\/\/\/wAAACH5BAEAAAAALAAAAAAQAAkAAAIKhI+py+0Po5yUFQA7\" alt=\"\"\/><br \/>\n  Kent-Are Antonsen sto for \u00e5rets m\u00e5l i Eliteserien, if\u00f8lge TV2.<br \/>\n  <strong>Foto:<\/strong> Steffen Todal Lykseth<\/p>\n<p>Ruben Ytterg\u00e5rd Jenssen er imidlertid ikke den eneste TIL-spilleren som stakk av med heder og \u00e6re i TV2-programmet \u00abSesongens beste\u00bb etter \u00e5rets sesong.<\/p>\n<p>Mandag k\u00e5ret kanalen m\u00e5let Kent-Are Antonsen scoret borte mot KFUM Oslo 11. mai i \u00e5r til \u00c5rets m\u00e5l i Eliteserien.<\/p>\n<p>M\u00e5let ble scoret nesten fra midtstreken i 3\u20131-seieren mot laget fra Oslo.<\/p>\n<p>\u2013 Han treffer ballen perfekt med sin gode venstrefot. Han gj\u00f8r det ogs\u00e5 p\u00e5 f\u00f8rste touch. Det er vakkert \u00e5 se den ballen skru inn i nettet, sier fotballekspert Jesper Mathisen i TV2-sendingen.<\/p>\n","protected":false},"excerpt":{"rendered":"TV2s ekspertpanel plukket mandag ut de 11 spillerne de mener fortjener en plass p\u00e5 \u00e5rets lag. Der finner&hellip;\n","protected":false},"author":2,"featured_media":102062,"comment_status":"","ping_status":"","sticky":false,"template":"","format":"standard","meta":{"footnotes":""},"categories":[59],"tags":[92,30,28,29,83,82,471],"class_list":{"0":"post-102061","1":"post","2":"type-post","3":"status-publish","4":"format-standard","5":"has-post-thumbnail","7":"category-sport","8":"tag-fotball","9":"tag-no","10":"tag-norge","11":"tag-norway","12":"tag-sport","13":"tag-sports","14":"tag-til"},"share_on_mastodon":{"url":"https:\/\/pubeurope.com\/@no\/115649214286143165","error":""},"_links":{"self":[{"href":"https:\/\/www.europesays.com\/no\/wp-json\/wp\/v2\/posts\/102061","targetHints":{"allow":["GET"]}}],"collection":[{"href":"https:\/\/www.europesays.com\/no\/wp-json\/wp\/v2\/posts"}],"about":[{"href":"https:\/\/www.europesays.com\/no\/wp-json\/wp\/v2\/types\/post"}],"author":[{"embeddable":true,"href":"https:\/\/www.europesays.com\/no\/wp-json\/wp\/v2\/users\/2"}],"replies":[{"embeddable":true,"href":"https:\/\/www.europesays.com\/no\/wp-json\/wp\/v2\/comments?post=102061"}],"version-history":[{"count":0,"href":"https:\/\/www.europesays.com\/no\/wp-json\/wp\/v2\/posts\/102061\/revisions"}],"wp:featuredmedia":[{"embeddable":true,"href":"https:\/\/www.europesays.com\/no\/wp-json\/wp\/v2\/media\/102062"}],"wp:attachment":[{"href":"https:\/\/www.europesays.com\/no\/wp-json\/wp\/v2\/media?parent=102061"}],"wp:term":[{"taxonomy":"category","embeddable":true,"href":"https:\/\/www.europesays.com\/no\/wp-json\/wp\/v2\/categories?post=102061"},{"taxonomy":"post_tag","embeddable":true,"href":"https:\/\/www.europesays.com\/no\/wp-json\/wp\/v2\/tags?post=102061"}],"curies":[{"name":"wp","href":"https:\/\/api.w.org\/{rel}","templated":true}]}}