{"id":102068,"date":"2025-12-02T09:19:09","date_gmt":"2025-12-02T09:19:09","guid":{"rendered":"https:\/\/www.europesays.com\/no\/102068\/"},"modified":"2025-12-02T09:19:09","modified_gmt":"2025-12-02T09:19:09","slug":"direkterute-til-sydlige-strok-fra-aro-smp-no","status":"publish","type":"post","link":"https:\/\/www.europesays.com\/no\/102068\/","title":{"rendered":"(+) Direkte\u00adrute til sydlige str\u00f8k fra \u00c5r\u00f8 &#8211; smp.no"},"content":{"rendered":"<ol>\n<li><a href=\"https:\/\/news.google.com\/rss\/articles\/CBMilgFBVV95cUxPOWU5WE1QU2RQa0tiWHV3clM5Uk9UN1UtSENHQzI1eWZsX3h0ZVQwdk9rRzJXV3ItZi1QMklNUTZCRlliemgwRFlLMXJDRDRKYmlORjNyX2F4aE40WV9XdzBNcTAwdThBREszcE1BQUpCTm5oUXREUk5jeFozTWdOWXVRUGNGb3JyMEJSNUJSSjJvX3lpdXc?oc=5\" target=\"_blank\" rel=\"nofollow noopener\">(+) Direkte\u00adrute til sydlige str\u00f8k fra \u00c5r\u00f8<\/a>&nbsp;&nbsp;smp.no<\/li>\n<li><a href=\"https:\/\/news.google.com\/rss\/articles\/CBMinwFBVV95cUxQeS10blFDQkt3b29TX05PVHVtMGxyOWVQYWdqQ21mc2M0X0xRTVpNYmlseUFYSXdtZGgyRW0zYllnM01waGdyTExHa05vYU5MdTZJdHpoTDZianlhNkJHUzZDNFJaQVZYT19EaGJTdHBsVWJneHEzRnpjdlJ4TnFfeE1DbmZkc0tRZnJqNzJYZ0sxeFhkZTRPbmRTaktabjQ?oc=5\" target=\"_blank\" rel=\"nofollow noopener\">Direkterute til ferie-favoritt gj\u00f8r \u00abcomeback\u00bb p\u00e5 \u00c5r\u00f8<\/a>&nbsp;&nbsp;rbnett.no<\/li>\n<li><a href=\"https:\/\/news.google.com\/rss\/articles\/CBMipAFBVV95cUxOY2d1ajFfT055dVpiTUlDaTJNcmdVbE9SQV9ONU90LVRaQXVBdTktVEptS2hmdXRSMEVqS0dFZjhFeDF2YkhEbnJWRkQyWF9Uc2ZHQTI2OEJfcmJMTkswZGEwX05xN0MxeWxRRkVFNF9teE1jOVk5UW9wdVFaR0d6dEFHVjZGdlFfUTdTMWxxcHRnQjFkWVNLVVp2SVIxcHhMR2s0dg?oc=5\" target=\"_blank\" rel=\"nofollow noopener\">(+) Suksess for denne syden-ruta, og dette vil altav\u00e6ringen ha: \u2013 Har virkelig truffet en nerve<\/a>&nbsp;&nbsp;altaposten.no<\/li>\n<li><a href=\"https:\/\/news.google.com\/rss\/articles\/CBMiuwFBVV95cUxNX1FWS2pqbzRWNV9NRDJPZkdJRzFjMjJFN1FQc3c1TnFNN1ZuVHFlR1UteU4tMWJ2ZXpkcnktX2ZHOElRcHJjUGM5bjBwQVNMLTNjaVBrdUF6OUEyb1pHOEZtVmh0anJkYzhBVzl5c1VEU3VkMHBON0JBX2s5QlNlaVJPei1zT1VNY016NHJISGxrTUpMT3N0LWVuXzlYWjhtbEpOMXczVlVLS1dOemhmNGdwczVSNURWZ2F3?oc=5\" target=\"_blank\" rel=\"nofollow noopener\">Stavanger g\u00e5r mot str\u00f8mmen \u2013 velger Kroatia<\/a>&nbsp;&nbsp;NTB Kommunikasjon<\/li>\n<li><a href=\"https:\/\/news.google.com\/rss\/articles\/CBMitAFBVV95cUxOa3RwRnlpLUVTNHlvTktNZXdFOXBPU202Tzl5Y1lBQzViZDNJaFF0U0pTcGdVWWdJOHNJd3hTUkJWeGR3bk05ME1KWnEtdmdqR3Q0WkdSMjFJUjBMdG1RUXdpRW11TFUxNWRLLTRvMkRmaGJSWFF5ejdlRUVFQ0VqcHBCQW9lR29ka2lqRTJuNDdRLVlTRURBdUZUMUlTNnRoVlk2XzlpZ0JlbGx5akZnbGpjdm8?oc=5\" target=\"_blank\" rel=\"nofollow noopener\">Sporty bergensere l\u00f8fter feriesalget<\/a>&nbsp;&nbsp;NTB Kommunikasjon<\/li>\n<\/ol>\n","protected":false},"excerpt":{"rendered":"(+) Direkte\u00adrute til sydlige str\u00f8k fra \u00c5r\u00f8&nbsp;&nbsp;smp.no Direkterute til ferie-favoritt gj\u00f8r \u00abcomeback\u00bb p\u00e5 \u00c5r\u00f8&nbsp;&nbsp;rbnett.no (+) Suksess for denne&hellip;\n","protected":false},"author":2,"featured_media":102069,"comment_status":"","ping_status":"","sticky":false,"template":"","format":"standard","meta":{"footnotes":""},"categories":[10],"tags":[700,12924,20,21,24,25,15,22,23,99,62,13,30,28,29,14,16,26,27],"class_list":{"0":"post-102068","1":"post","2":"type-post","3":"status-publish","4":"format-standard","5":"has-post-thumbnail","7":"category-norge","8":"tag-apollo","9":"tag-aro","10":"tag-breaking-news","11":"tag-breakingnews","12":"tag-featured-news","13":"tag-featurednews","14":"tag-headlines","15":"tag-latest-news","16":"tag-latestnews","17":"tag-molde","18":"tag-naeringsliv","19":"tag-news","20":"tag-no","21":"tag-norge","22":"tag-norway","23":"tag-nyheter","24":"tag-overskrifter","25":"tag-top-stories","26":"tag-topstories"},"share_on_mastodon":{"url":"https:\/\/pubeurope.com\/@no\/115649233724636994","error":""},"_links":{"self":[{"href":"https:\/\/www.europesays.com\/no\/wp-json\/wp\/v2\/posts\/102068","targetHints":{"allow":["GET"]}}],"collection":[{"href":"https:\/\/www.europesays.com\/no\/wp-json\/wp\/v2\/posts"}],"about":[{"href":"https:\/\/www.europesays.com\/no\/wp-json\/wp\/v2\/types\/post"}],"author":[{"embeddable":true,"href":"https:\/\/www.europesays.com\/no\/wp-json\/wp\/v2\/users\/2"}],"replies":[{"embeddable":true,"href":"https:\/\/www.europesays.com\/no\/wp-json\/wp\/v2\/comments?post=102068"}],"version-history":[{"count":0,"href":"https:\/\/www.europesays.com\/no\/wp-json\/wp\/v2\/posts\/102068\/revisions"}],"wp:featuredmedia":[{"embeddable":true,"href":"https:\/\/www.europesays.com\/no\/wp-json\/wp\/v2\/media\/102069"}],"wp:attachment":[{"href":"https:\/\/www.europesays.com\/no\/wp-json\/wp\/v2\/media?parent=102068"}],"wp:term":[{"taxonomy":"category","embeddable":true,"href":"https:\/\/www.europesays.com\/no\/wp-json\/wp\/v2\/categories?post=102068"},{"taxonomy":"post_tag","embeddable":true,"href":"https:\/\/www.europesays.com\/no\/wp-json\/wp\/v2\/tags?post=102068"}],"curies":[{"name":"wp","href":"https:\/\/api.w.org\/{rel}","templated":true}]}}