{"id":102070,"date":"2025-12-02T09:22:09","date_gmt":"2025-12-02T09:22:09","guid":{"rendered":"https:\/\/www.europesays.com\/no\/102070\/"},"modified":"2025-12-02T09:22:09","modified_gmt":"2025-12-02T09:22:09","slug":"alexander-bolsjunov-hevder-motstander-overspilte","status":"publish","type":"post","link":"https:\/\/www.europesays.com\/no\/102070\/","title":{"rendered":"Alexander Bolsjunov hevder motstander overspilte"},"content":{"rendered":"\n<p class=\"_lead_o9xde_2 _lead_xtcu6_50 layout-component text-serif-m layout-normal text-serif-l layout-component layout-wide layout-padded _wide_17hqh_1 layout-padded\">Alexander Bolsjunov innr\u00f8mmer feil og kritiserer motstanderen for \u00e5 ha simulert skade &#8211; hendelsen tas opp i det russiske forbundet.<\/p>\n<p> <img class=\"_image_qp4xg_65 layout-component layout-wide\" data-fullscreen- data-track-element-type=\"Article image fullscreen\" data-track-name=\"ImageFullscreen\" fetchpriority=\"high\" decoding=\"sync\" loading=\"eager\" height=\"181\" itemprop=\"image\"  src=\"https:\/\/www.europesays.com\/no\/wp-content\/uploads\/2025\/12\/417dd4654f2ab11c23a04a57cd244107.jpg\"  style=\"object-position:50% 50%;aspect-ratio:1.75;height:auto;object-fit:cover;width:100%\" width=\"102\"\/>  <\/p>\n<ul aria-hidden=\"true\" class=\"_images_1uft6_111\">\n<li><a class=\"_link_1uft6_116\" href=\"https:\/\/www.vg.no\/forfatter\/andreas-hopen\" style=\"z-index:1\" title=\"Andreas Hopen\" rel=\"nofollow noopener\" target=\"_blank\"><img alt=\"Bilde av Andreas Hopen\" class=\"_image_1uft6_93\" fetchpriority=\"low\" loading=\"lazy\" decoding=\"async\" itemprop=\"image\"  src=\"https:\/\/www.europesays.com\/no\/wp-content\/uploads\/2025\/12\/1764667329_817_8d697287-ea03-4d54-ab67-6d65b82629eb\"  width=\"480\"\/><\/a><\/li>\n<\/ul>\n<p> Oppdatert tirsdag 2. desember kl. 10:17    <\/p>\n<ul class=\"_list_o9xde_3 _list_64s2r_85 _unordered_o9xde_106 text-sans-m\">\n<li class=\"_item_o9xde_30\">Den russiske skistjernen Alexander Bolsjunov innr\u00f8mmer feil etter \u00e5 ha dyttet en konkurrent ved m\u00e5lgang.<\/li>\n<li class=\"_item_o9xde_30\">Bolsjunov hevder at motstanderen simulerte skade og hindret ham bevisst.<\/li>\n<li class=\"_item_o9xde_30\">Han beklager episoden og h\u00e5per den unge generasjonen kan l\u00e6re av hans feil.<\/li>\n<\/ul>\n<p>Vis mer <\/p>\n<p class=\"_paragraph_o9xde_4 _paragraph_xtcu6_10 layout-component text-serif-m layout-normal text-serif-m layout-padded\">\u2013 Jeg beklager hendelsen som skjedde ved m\u00e5lgang, og jeg mener jeg handlet feil ved \u00e5 dunke motstanderen min med skulderen. Dere vil ikke se slik oppf\u00f8rsel fra meg i fremtiden, og jeg h\u00e5per dette tjener som et eksempel for den yngre generasjonen p\u00e5 hva man ikke skal gj\u00f8re etter en m\u00e5lgang, sier den Alesxander Bolsjunov if\u00f8lge russiske <a href=\"https:\/\/www.championat.com\/skiing\/news-6265676-video-obraschenie-aleksandra-bolshunova-k-obschestvennosti-posle-konflikta-s-bakurovym.html\" class=\"_link_o9xde_39\" rel=\"nofollow noopener\" target=\"_blank\">Championat<\/a>.<\/p>\n<p class=\"_paragraph_o9xde_4 _paragraph_xtcu6_10 layout-component text-serif-m layout-normal text-serif-m layout-padded\">\u00abHendelsen\u00bb han snakker om kom i kj\u00f8lvannet av det russiske langrennsl\u00f8pet l\u00f8rdag hvor Bolsjunov kj\u00f8rte inn i ryggen p\u00e5 konkurrent Alexander Bakurov. Bolsjunov ble senere disket.<\/p>\n<p class=\"_paragraph_o9xde_4 _paragraph_xtcu6_10 layout-component text-serif-m layout-normal text-serif-m layout-padded\">Den 28 \u00e5r gamle olympiske mesteren vedg\u00e5r at han \u00abburde ha l\u00f8st situasjonen bedre\u00bb og sier han ikke hadde som intensjon \u00e5 skade Bakurov.<\/p>\n<p class=\"_paragraph_o9xde_4 _paragraph_xtcu6_10 layout-component text-serif-m layout-normal text-serif-m layout-padded\">\u2013 Jeg ville kj\u00f8re bort p\u00e5 ski og snakke om hendelsene som skjedde p\u00e5 l\u00f8ypa, men p\u00e5 grunn av f\u00f8lelser ble tiln\u00e6rmingen til ut\u00f8veren for rask, sier han.<\/p>\n<p class=\"_paragraph_o9xde_4 _paragraph_xtcu6_10 layout-component text-serif-m layout-normal text-serif-m layout-padded\">Bolsjunov hevder at Bakurov hindret ham bevisst flere ganger under l\u00f8pet, og at han reagerte p\u00e5 dette. Han mener ogs\u00e5 at Bakurov simulerte skade etterp\u00e5.<\/p>\n<p class=\"_paragraph_o9xde_4 _paragraph_xtcu6_10 layout-component text-serif-m layout-normal text-serif-m layout-padded\">\u2013 Det var rart \u00e5 se video av Bakurov som hoppet p\u00e5 ett ben opp trappa. Og etterp\u00e5 gikk han normalt uten \u00e5 halte, men da uten video, hevder Bolsjunov.<\/p>\n<p class=\"_paragraph_o9xde_4 _paragraph_xtcu6_10 layout-component text-serif-m layout-normal text-serif-m layout-padded\">De russiske skistjernene er delt i to leire. Bolsjunov blir trent av Jurij Bordavko, mens Bakurov blir trent av den andre gruppen ledet av Egor Sorin. Den russiske skistjernen retter kritikk mot Sorin.<\/p>\n<p class=\"_paragraph_o9xde_4 _paragraph_xtcu6_10 layout-component text-serif-m layout-normal text-serif-m layout-padded\">\u2013 N\u00e5r det gjelder Sorins gruppe, har jeg siden suspensjonen fra internasjonale konkurranser i to \u00e5r lagt merke til at det i hvert eneste l\u00f8p enten har v\u00e6rt en bevisst overlapping, en cut, eller, som skjedde i massestartene, lukking og blokkering f\u00f8r bonuspoengene, fortsetter Bolsjunov if\u00f8lge avisen.<\/p>\n<p class=\"_paragraph_o9xde_4 _paragraph_xtcu6_10 layout-component text-serif-m layout-normal text-serif-m layout-padded\">Han avslutter med \u00e5 si at han har v\u00e6rt i kirken for \u00e5 be om tilgivelse.<\/p>\n<p class=\"_paragraph_o9xde_4 _paragraph_xtcu6_10 layout-component text-serif-m layout-normal text-serif-m layout-padded\">I et intervju i helgen regnet Bolsjunov med at han ville bli utestengt i fem renn. Bolsjunovs trener Jurij Borodavko skal i m\u00f8ter med det russiske langrennsforbundet om hendelsen.<\/p>\n<p class=\"_paragraph_o9xde_4 _paragraph_xtcu6_10 layout-component text-serif-m layout-normal text-serif-m layout-padded\">\u2013 Det er en vanskelig situasjon. Jeg tror de er fornuftige nok til \u00e5 ta den riktige avgj\u00f8relsen og finne en vei ut av denne situasjonen. Jeg h\u00e5per sunn fornuft seirer og at det finnes en en l\u00f8sning, b\u00e5de for Bolsjunov og for fremtiden, sier Borodavko til <a href=\"https:\/\/www.sport-express.ru\/skiing\/news\/borodavko-vyrazil-nadezhdu-na-razumnost-prezidiuma-flgr-2380462\/\" class=\"_link_o9xde_39\" rel=\"nofollow noopener\" target=\"_blank\">Sport Express<\/a>.<\/p>\n<p class=\"_paragraph_o9xde_4 _paragraph_xtcu6_10 layout-component text-serif-m layout-normal text-serif-m layout-padded\">Han mener at helgens hendelse er dratt ut av proporsjoner.<\/p>\n<p class=\"_paragraph_o9xde_4 _paragraph_xtcu6_10 layout-component text-serif-m layout-normal text-serif-m layout-padded\">\u2013 Denne historien er blitt hypet opp. Alt dette skaper et usunt milj\u00f8. Jeg tolerer ikke Bolsjunovs handlinger, men gjentar at det var hypen som eskalerte historien til utrolige proporsjoner, fortsetter Borodavko.<\/p>\n","protected":false},"excerpt":{"rendered":"Alexander Bolsjunov innr\u00f8mmer feil og kritiserer motstanderen for \u00e5 ha simulert skade &#8211; hendelsen tas opp i det&hellip;\n","protected":false},"author":2,"featured_media":102071,"comment_status":"","ping_status":"","sticky":false,"template":"","format":"standard","meta":{"footnotes":""},"categories":[59],"tags":[9502,398,30,28,29,83,82],"class_list":{"0":"post-102070","1":"post","2":"type-post","3":"status-publish","4":"format-standard","5":"has-post-thumbnail","7":"category-sport","8":"tag-aleksandr-bolsjunov","9":"tag-langrenn","10":"tag-no","11":"tag-norge","12":"tag-norway","13":"tag-sport","14":"tag-sports"},"share_on_mastodon":{"url":"https:\/\/pubeurope.com\/@no\/115649245821424915","error":""},"_links":{"self":[{"href":"https:\/\/www.europesays.com\/no\/wp-json\/wp\/v2\/posts\/102070","targetHints":{"allow":["GET"]}}],"collection":[{"href":"https:\/\/www.europesays.com\/no\/wp-json\/wp\/v2\/posts"}],"about":[{"href":"https:\/\/www.europesays.com\/no\/wp-json\/wp\/v2\/types\/post"}],"author":[{"embeddable":true,"href":"https:\/\/www.europesays.com\/no\/wp-json\/wp\/v2\/users\/2"}],"replies":[{"embeddable":true,"href":"https:\/\/www.europesays.com\/no\/wp-json\/wp\/v2\/comments?post=102070"}],"version-history":[{"count":0,"href":"https:\/\/www.europesays.com\/no\/wp-json\/wp\/v2\/posts\/102070\/revisions"}],"wp:featuredmedia":[{"embeddable":true,"href":"https:\/\/www.europesays.com\/no\/wp-json\/wp\/v2\/media\/102071"}],"wp:attachment":[{"href":"https:\/\/www.europesays.com\/no\/wp-json\/wp\/v2\/media?parent=102070"}],"wp:term":[{"taxonomy":"category","embeddable":true,"href":"https:\/\/www.europesays.com\/no\/wp-json\/wp\/v2\/categories?post=102070"},{"taxonomy":"post_tag","embeddable":true,"href":"https:\/\/www.europesays.com\/no\/wp-json\/wp\/v2\/tags?post=102070"}],"curies":[{"name":"wp","href":"https:\/\/api.w.org\/{rel}","templated":true}]}}