{"id":102075,"date":"2025-12-02T09:28:07","date_gmt":"2025-12-02T09:28:07","guid":{"rendered":"https:\/\/www.europesays.com\/no\/102075\/"},"modified":"2025-12-02T09:28:07","modified_gmt":"2025-12-02T09:28:07","slug":"mdg-statsbudsjettet-2026-nettavisen-avslorer-rodt-tok-rotta-pa-sv-fjernet-islamsk-rad-pa-overtid","status":"publish","type":"post","link":"https:\/\/www.europesays.com\/no\/102075\/","title":{"rendered":"MDG, Statsbudsjettet 2026 | Nettavisen avsl\u00f8rer: R\u00f8dt tok rotta p\u00e5 SV \u2013 fjernet Islamsk r\u00e5d p\u00e5 overtid"},"content":{"rendered":"\n<p>STORTINGET (Nettavisen): I tur og orden forlot MDG og SV budsjettforhandlingene l\u00f8rdag og f\u00f8rte Norge ut i en potensiell parlamentarisk krise.<\/p>\n<p>Men ett parti p\u00e5 ytterste venstre fl\u00f8y ble sittende ved bordet: R\u00f8dt.<\/p>\n<p>N\u00e5r katten er borte, danser musene p\u00e5 bordene, heter det i ordtaket. Denne gangen var det R\u00f8dt-leder Marie Sneve Martinussen og Sp-leder Trygve Slagsvold Vedum som fikk en siste musedans med statsbudsjettet \u2013 uten at SV og MDG hadde mulighet til \u00e5 protestere.<\/p>\n<p><b>H\u00f8r podkast fra innsiden av budsjettforhandlingene: MDGs ukjente krav \u2013 og SVs desperate kamp<\/b><\/p>\n<p>F\u00e5 minutter: Flyttet 600 millioner<\/p>\n<p>Nettavisen har f\u00e5tt tilgang til dokumenter som viser samtlige endringer i budsjettet fra innspurten i forhandlingene. De viser n\u00f8yaktig hvilke MDG- og SV-seire som forsvant i l\u00f8pet av noen f\u00e5 minutter l\u00f8rdag ettermiddag.<\/p>\n<p>P\u00e5 dette tidspunktet var Arbeiderpartiets absolutte tidsfrist for \u00e5 gj\u00f8re endringer i statsbudsjettet ute, men Ap, Sp og R\u00f8dt jobbet i rekordfart for \u00e5 gj\u00f8re noen siste endringer.<\/p>\n<p>Totalt flyttet Ap, Sp og R\u00f8dt 600 millioner kroner, if\u00f8lge Nettavisens oversikt.<\/p>\n<p><b>Lest denne? <a href=\"https:\/\/www.nettavisen.no\/nyheter\/nrk-podkast-avpublisert-harselerte-med-mdg-profil-eivind-tradal\/s\/5-95-2757209\" rel=\"Follow nofollow noopener\" target=\"_blank\">NRK-podkast avpublisert: Harselerte med MDG-profil<\/a><\/b><\/p>\n<p>SV kjempet for Islamsk r\u00e5d<\/p>\n<p>Den mest symboltunge endringen er at SVs harde kamp for \u00e5 gi to millioner kroner til Islamsk r\u00e5d ble fjernet etter at SV forlot forhandlingsrommet.<\/p>\n<p>SV lovet Islamsk r\u00e5d og muslimske velgere at de ikke skulle forhandle om statsbudsjettet hvis ikke Oljefondet trakk seg ut av israelske selskaper. Det l\u00f8ftet holdt partiet som kjent ikke.<\/p>\n<p>Det vekket derfor oppsikt da SV i sitt alternative budsjett foreslo to millioner kroner til nettopp Islamsk r\u00e5d. SV hadde aldri Islamsk r\u00e5d inne i sine budsjetter i forrige stortingsperiode. <a href=\"https:\/\/www.nettavisen.no\/nyheter\/sv-vil-gi-islamsk-rad-to-millioner-kroner-u-landsopplegg\/s\/5-95-2726499\" rel=\"Follow nofollow noopener\" target=\"_blank\">SV avviste kritikken.<\/a><\/p>\n<p>Dokumentene Nettavisen har f\u00e5tt tilgang til viser at SV brukte forhandlingskapital og fikk overtalt Arbeiderpartiet til \u00e5 gi to millioner kroner til Islamsk r\u00e5d. Dette skjedde til klare protester fra Senterpartiet og R\u00f8dt, if\u00f8lge Nettavisens opplysninger.<\/p>\n<p>N\u00e5: Forebygging av vold mot kvinner<\/p>\n<p>Men da SV var ute av rommet, benyttet Sp og R\u00f8dt muligheten til en reversering.<\/p>\n<p>De to millionene SV ville gi til konservative Islamsk r\u00e5d g\u00e5r n\u00e5 i stedet til Selvhjelp for flyktninger (SEIF) som jobber for \u00e5 forebygge vold mot kvinner.<\/p>\n<p>Det var ikke bare SV-seire som ble fjernet i innspurten. SVs \u00abpunktutslippsprogram\u00bb og MDGs \u00abbilligere m\u00e5nedskort\u00bb ble ogs\u00e5 barbert av Ap, Sp og R\u00f8dt.<\/p>\n<p>I stedet g\u00e5r n\u00e5 pengene til \u00e5 bedre sykehus\u00f8konomien og prisfrys p\u00e5 egenandeler, viser budsjettdokumentene Nettavisen har f\u00e5tt tilgang til.<\/p>\n<p>B\u00e5de MDG og SV har krevd innr\u00f8mmelser fra budsjettkameratene Ap, Sp og R\u00f8dt for \u00e5 st\u00f8tte statsbudsjettet. Det p\u00e5g\u00e5r n\u00e5 samtaler for \u00e5 finne en l\u00f8sning.<\/p>\n","protected":false},"excerpt":{"rendered":"STORTINGET (Nettavisen): I tur og orden forlot MDG og SV budsjettforhandlingene l\u00f8rdag og f\u00f8rte Norge ut i en&hellip;\n","protected":false},"author":2,"featured_media":102076,"comment_status":"","ping_status":"","sticky":false,"template":"","format":"standard","meta":{"footnotes":""},"categories":[10],"tags":[20,21,24,25,15,22,23,13,30,28,29,14,16,26,27],"class_list":{"0":"post-102075","1":"post","2":"type-post","3":"status-publish","4":"format-standard","5":"has-post-thumbnail","7":"category-norge","8":"tag-breaking-news","9":"tag-breakingnews","10":"tag-featured-news","11":"tag-featurednews","12":"tag-headlines","13":"tag-latest-news","14":"tag-latestnews","15":"tag-news","16":"tag-no","17":"tag-norge","18":"tag-norway","19":"tag-nyheter","20":"tag-overskrifter","21":"tag-top-stories","22":"tag-topstories"},"share_on_mastodon":{"url":"https:\/\/pubeurope.com\/@no\/115649269127859770","error":""},"_links":{"self":[{"href":"https:\/\/www.europesays.com\/no\/wp-json\/wp\/v2\/posts\/102075","targetHints":{"allow":["GET"]}}],"collection":[{"href":"https:\/\/www.europesays.com\/no\/wp-json\/wp\/v2\/posts"}],"about":[{"href":"https:\/\/www.europesays.com\/no\/wp-json\/wp\/v2\/types\/post"}],"author":[{"embeddable":true,"href":"https:\/\/www.europesays.com\/no\/wp-json\/wp\/v2\/users\/2"}],"replies":[{"embeddable":true,"href":"https:\/\/www.europesays.com\/no\/wp-json\/wp\/v2\/comments?post=102075"}],"version-history":[{"count":0,"href":"https:\/\/www.europesays.com\/no\/wp-json\/wp\/v2\/posts\/102075\/revisions"}],"wp:featuredmedia":[{"embeddable":true,"href":"https:\/\/www.europesays.com\/no\/wp-json\/wp\/v2\/media\/102076"}],"wp:attachment":[{"href":"https:\/\/www.europesays.com\/no\/wp-json\/wp\/v2\/media?parent=102075"}],"wp:term":[{"taxonomy":"category","embeddable":true,"href":"https:\/\/www.europesays.com\/no\/wp-json\/wp\/v2\/categories?post=102075"},{"taxonomy":"post_tag","embeddable":true,"href":"https:\/\/www.europesays.com\/no\/wp-json\/wp\/v2\/tags?post=102075"}],"curies":[{"name":"wp","href":"https:\/\/api.w.org\/{rel}","templated":true}]}}