{"id":102077,"date":"2025-12-02T09:30:12","date_gmt":"2025-12-02T09:30:12","guid":{"rendered":"https:\/\/www.europesays.com\/no\/102077\/"},"modified":"2025-12-02T09:30:12","modified_gmt":"2025-12-02T09:30:12","slug":"sjekk-hvor-mfk-endte-pa-tilskuertabellen-rbnett-no","status":"publish","type":"post","link":"https:\/\/www.europesays.com\/no\/102077\/","title":{"rendered":"Sjekk hvor MFK endte p\u00e5 tilskuertabellen &#8211; rbnett.no"},"content":{"rendered":"<ol>\n<li><a href=\"https:\/\/news.google.com\/rss\/articles\/CBMivwFBVV95cUxOMGpod0Q2LUZaVXJCeTVRdDd2ZnduWUtLRTdlUWFVOFowWk5EZ1hoejhmbzhTYkV4QlZUX21hYUxfYWFxNGU1ekg5TEpqY2VfNWFwdU9vOVpTZ18xQ2plRGxUVUpJUXhDbjNYd29QV1lHRVB4OTN0X2d0aGd1WG5QdENpVHRUbEpvNzlTSW42MVRjbFlHZThWUE1NOHJQWFNQRkFURFBtUnNCdFJ1bEk4bERudVA3bFlNWlNISzlKTQ?oc=5\" target=\"_blank\" rel=\"nofollow noopener\">Sjekk hvor MFK endte p\u00e5 tilskuertabellen<\/a>&nbsp;&nbsp;rbnett.no<\/li>\n<li><a href=\"https:\/\/news.google.com\/rss\/articles\/CBMidkFVX3lxTE51eGowd2E0NkZQYXM2UXktQkhiV1gzWHJBcFdsS1RndHZIWGV1MllGOTJrbWNKSHBTb0RRUXZ2bFNsdUhGZHotNVpCZ0JHeGxDRU9PUzB5cTBaRWNwZlhWdzBOUnhMc3g3aC1LLUdIdTdUS2RQX0E?oc=5\" target=\"_blank\" rel=\"nofollow noopener\">Tribune-s\u00f8lv til Rosenborg<\/a>&nbsp;&nbsp;NRK<\/li>\n<li><a href=\"https:\/\/news.google.com\/rss\/articles\/CBMiiAFBVV95cUxPbzZYcUdSdmN4YjdoZFdtQ25TRDRmZXBIdGRzLUlHdzJoQTlybGdLRU4ycG1US0pKNEdLNG1JNmtOcFB4RGNXV0NKR01CM3pEWHNJR2ZkMnlkNENobWk4R1FJUTJHUXlqTTExU3ZEU0IzM1VMLS1RS3JYWm1DeXZOU3lPZ2VIeVUt?oc=5\" target=\"_blank\" rel=\"nofollow noopener\">Slik mener han Brann kan ta store steg<\/a>&nbsp;&nbsp;Bergens Tidende<\/li>\n<li><a href=\"https:\/\/news.google.com\/rss\/articles\/CBMiiAFBVV95cUxNRFN6ZEVGc1EwZTc0VGx0ZFRtVmNrNFNjRjNHMS1XWXhIbkJiVlJSY3hyLTlxeTdENzNFdjI2YWEtRl9UMDZlVUlxR3R0LWRucFlCbGk3WnpnU2xQclJJV3lWQ2lROXhKYlNkaUlpUHp5ZzZXcEVxakNtc0o2eDVzdmtvODdsanRT?oc=5\" target=\"_blank\" rel=\"nofollow noopener\">Viking FK 2025: Sp\u00f8rsm\u00e5l og nytt om 2025-sesongen &#8211; Brann ble tilskuerkongene i Eliteserien, Viking p\u00e5 tredjeplass<\/a>&nbsp;&nbsp;Stavanger Aftenblad<\/li>\n<li><a href=\"https:\/\/news.google.com\/rss\/articles\/CBMirwFBVV95cUxPRzVEdzJUcnJibnlKSnMxbGlCMkxhcTF5WGU4anYxVGkyQkZHMTgwRlJHLUdBUzJ2UU81V3JRRGpzX1JsMDF0YURQSEdwM2dXSzVmZkMyMEJuZi1GZm1aSVZlbU5uQkdpSnVvSWFBNmJNRlg5emRzdWhLYVM3dFkwZ0FMazA4VUxqUXNPS0VwTVpRdHhkZXhCSTdPTGFNdG9ZbnRmb0dTOUdFcUFsRVJr?oc=5\" target=\"_blank\" rel=\"nofollow noopener\">Medaljen glapp \u2013 men Brann ble tilskuerkongene i Eliteserien<\/a>&nbsp;&nbsp;MSN<\/li>\n<\/ol>\n","protected":false},"excerpt":{"rendered":"Sjekk hvor MFK endte p\u00e5 tilskuertabellen&nbsp;&nbsp;rbnett.no Tribune-s\u00f8lv til Rosenborg&nbsp;&nbsp;NRK Slik mener han Brann kan ta store steg&nbsp;&nbsp;Bergens Tidende&hellip;\n","protected":false},"author":2,"featured_media":102078,"comment_status":"","ping_status":"","sticky":false,"template":"","format":"standard","meta":{"footnotes":""},"categories":[59],"tags":[30,28,29,83,82],"class_list":{"0":"post-102077","1":"post","2":"type-post","3":"status-publish","4":"format-standard","5":"has-post-thumbnail","7":"category-sport","8":"tag-no","9":"tag-norge","10":"tag-norway","11":"tag-sport","12":"tag-sports"},"share_on_mastodon":{"url":"https:\/\/pubeurope.com\/@no\/115649276980517087","error":""},"_links":{"self":[{"href":"https:\/\/www.europesays.com\/no\/wp-json\/wp\/v2\/posts\/102077","targetHints":{"allow":["GET"]}}],"collection":[{"href":"https:\/\/www.europesays.com\/no\/wp-json\/wp\/v2\/posts"}],"about":[{"href":"https:\/\/www.europesays.com\/no\/wp-json\/wp\/v2\/types\/post"}],"author":[{"embeddable":true,"href":"https:\/\/www.europesays.com\/no\/wp-json\/wp\/v2\/users\/2"}],"replies":[{"embeddable":true,"href":"https:\/\/www.europesays.com\/no\/wp-json\/wp\/v2\/comments?post=102077"}],"version-history":[{"count":0,"href":"https:\/\/www.europesays.com\/no\/wp-json\/wp\/v2\/posts\/102077\/revisions"}],"wp:featuredmedia":[{"embeddable":true,"href":"https:\/\/www.europesays.com\/no\/wp-json\/wp\/v2\/media\/102078"}],"wp:attachment":[{"href":"https:\/\/www.europesays.com\/no\/wp-json\/wp\/v2\/media?parent=102077"}],"wp:term":[{"taxonomy":"category","embeddable":true,"href":"https:\/\/www.europesays.com\/no\/wp-json\/wp\/v2\/categories?post=102077"},{"taxonomy":"post_tag","embeddable":true,"href":"https:\/\/www.europesays.com\/no\/wp-json\/wp\/v2\/tags?post=102077"}],"curies":[{"name":"wp","href":"https:\/\/api.w.org\/{rel}","templated":true}]}}