{"id":102083,"date":"2025-12-02T09:38:12","date_gmt":"2025-12-02T09:38:12","guid":{"rendered":"https:\/\/www.europesays.com\/no\/102083\/"},"modified":"2025-12-02T09:38:12","modified_gmt":"2025-12-02T09:38:12","slug":"her-diskuterer-styret-godsets-fremtid-drammens-tidende","status":"publish","type":"post","link":"https:\/\/www.europesays.com\/no\/102083\/","title":{"rendered":"Her diskuterer styret Godsets fremtid &#8211; Drammens Tidende"},"content":{"rendered":"<ol>\n<li><a href=\"https:\/\/news.google.com\/rss\/articles\/CBMiekFVX3lxTE1oVHgzTVBieDNYbW1JVUpPS1Z6Y3hOQy1DYVJIeWlsT0x6NERuQ2U0ZnFueHZIRWJhZlY5MEhkYXY1b2ZrTWdHQ19aWXdCYUJmMmZ2dUhaOFRCZU5LSWY4bWd4Wllya0YycjExemlFMXRMY1F2WHY1aG1B?oc=5\" target=\"_blank\" rel=\"nofollow noopener\">Her diskuterer styret Godsets fremtid<\/a>&nbsp;&nbsp;Drammens Tidende<\/li>\n<li><a href=\"https:\/\/news.google.com\/rss\/articles\/CBMihgFBVV95cUxQY3dUZmJnMG1obTY1Y0FYX0NfRFB2MDdzYzVxdEpxekk2QjdEalBEQlQtQzdvSF91QTljb0JqZ3FhS1hYT2ZrcDZjNVJZSDdTZXNtVEhHREtKRDJjNXRTeGRMSno1cUtPV0NPeGpvN0ExOWNHNVViU0hKMnZTMGI0c0hXLTNSUQ?oc=5\" target=\"_blank\" rel=\"nofollow noopener\">Str\u00f8msgodset, Debatt | D\u00e5rlig lederskap og paniske valg p\u00e5 Marienlyst<\/a>&nbsp;&nbsp;Drammens Tidende<\/li>\n<li><a href=\"https:\/\/news.google.com\/rss\/articles\/CBMikwFBVV95cUxPQUdZNVJaLVhZS0NEZ2pTUWp0Rk1leXhSdkZXbW9paHd6amxFWkk0TXBud2UyQXpIcWtGWi1VRHkxeS1qRlNFYjRrS2xBSGphbWRURG8zLTBGTHgyYU4xdU0zRG1uc1hzdGlkZElkVWFGVEdSTHFPd1VvQ01EakxXcGVRUGRFdlRNeHFpeHlNT0l5MlU?oc=5\" target=\"_blank\" rel=\"nofollow noopener\">Str\u00f8msgodset mistet all \u00e6re i eliteserie-exiten<\/a>&nbsp;&nbsp;DRM24.no<\/li>\n<li><a href=\"https:\/\/news.google.com\/rss\/articles\/CBMilgFBVV95cUxNQUdmNFRHLTQ4WnRVUDVySjZjTUVaVWl5TEJSQ2xvZmVQTmNhYW82d0h1dDhjVDZZb09oZ1hWMzFpVU9nZDNoUEl3aTdwbktRM0hjMy1mSTYwTEJiMXp4U3d4b3J5V0tyMmd5NnNYLU1lVTRnbkh4bXlFWDNDTFpXSXlnMTAzcUpmczVSWERwQUhDdV9vM2c?oc=5\" target=\"_blank\" rel=\"nofollow noopener\">Eliteserien: Fagermo og Godset ble ydmyket av Sandefjord: \u2013 Ikke et eliteserielag verdig<\/a>&nbsp;&nbsp;VG<\/li>\n<li><a href=\"https:\/\/news.google.com\/rss\/articles\/CBMioAFBVV95cUxPX1FWMk5BZVdGRkJYV1dMNlBIclBqLWFURkdCQURDSlZNS2M5OVcyTnV6RTJmMjZORUF1S214SF9RV1dtQ2VITXo1ampXMHBjckY0ZmtvVk5nY1o0MUNjdDNzS29VT2wzLUpiOTZla2lpZDNrRkZuQUhYZlBsdVp5bzhvNndmT0hnN1k2T1dvWklPd3J1SEEzN0R5ZUlDdXZE?oc=5\" target=\"_blank\" rel=\"nofollow noopener\">Formel 1: Verstappen vant i Las Vegas \u2013 Norris festet VM-grepet<\/a>&nbsp;&nbsp;NRK<\/li>\n<\/ol>\n","protected":false},"excerpt":{"rendered":"Her diskuterer styret Godsets fremtid&nbsp;&nbsp;Drammens Tidende Str\u00f8msgodset, Debatt | D\u00e5rlig lederskap og paniske valg p\u00e5 Marienlyst&nbsp;&nbsp;Drammens Tidende Str\u00f8msgodset&hellip;\n","protected":false},"author":2,"featured_media":102084,"comment_status":"","ping_status":"","sticky":false,"template":"","format":"standard","meta":{"footnotes":""},"categories":[59],"tags":[30,28,29,83,82],"class_list":{"0":"post-102083","1":"post","2":"type-post","3":"status-publish","4":"format-standard","5":"has-post-thumbnail","7":"category-sport","8":"tag-no","9":"tag-norge","10":"tag-norway","11":"tag-sport","12":"tag-sports"},"share_on_mastodon":{"url":"https:\/\/pubeurope.com\/@no\/115649308483295506","error":""},"_links":{"self":[{"href":"https:\/\/www.europesays.com\/no\/wp-json\/wp\/v2\/posts\/102083","targetHints":{"allow":["GET"]}}],"collection":[{"href":"https:\/\/www.europesays.com\/no\/wp-json\/wp\/v2\/posts"}],"about":[{"href":"https:\/\/www.europesays.com\/no\/wp-json\/wp\/v2\/types\/post"}],"author":[{"embeddable":true,"href":"https:\/\/www.europesays.com\/no\/wp-json\/wp\/v2\/users\/2"}],"replies":[{"embeddable":true,"href":"https:\/\/www.europesays.com\/no\/wp-json\/wp\/v2\/comments?post=102083"}],"version-history":[{"count":0,"href":"https:\/\/www.europesays.com\/no\/wp-json\/wp\/v2\/posts\/102083\/revisions"}],"wp:featuredmedia":[{"embeddable":true,"href":"https:\/\/www.europesays.com\/no\/wp-json\/wp\/v2\/media\/102084"}],"wp:attachment":[{"href":"https:\/\/www.europesays.com\/no\/wp-json\/wp\/v2\/media?parent=102083"}],"wp:term":[{"taxonomy":"category","embeddable":true,"href":"https:\/\/www.europesays.com\/no\/wp-json\/wp\/v2\/categories?post=102083"},{"taxonomy":"post_tag","embeddable":true,"href":"https:\/\/www.europesays.com\/no\/wp-json\/wp\/v2\/tags?post=102083"}],"curies":[{"name":"wp","href":"https:\/\/api.w.org\/{rel}","templated":true}]}}